{"id":3430,"date":"2015-10-05T13:09:53","date_gmt":"2015-10-05T16:09:53","guid":{"rendered":"https:\/\/ciclovida.ufpr.br\/?p=3430"},"modified":"2015-10-05T13:12:03","modified_gmt":"2015-10-05T16:12:03","slug":"exposicao-de-bikes-no-shopping-sao-jose-dos-pinhais","status":"publish","type":"post","link":"https:\/\/ciclovida.ufpr.br\/?p=3430","title":{"rendered":"Exposi\u00e7\u00e3o de Bikes no Shopping S\u00e3o Jos\u00e9 dos Pinhais"},"content":{"rendered":"<p><a href=\"https:\/\/ciclovida.ufpr.br\/wp-content\/uploads\/2015\/10\/A-Dia01_continua-567.jpg\"><img loading=\"lazy\" decoding=\"async\" class=\"alignnone size-medium wp-image-3431\" src=\"https:\/\/ciclovida.ufpr.br\/wp-content\/uploads\/2015\/10\/A-Dia01_continua-567-300x200.jpg\" alt=\"A Dia01_continua (567)\" width=\"300\" height=\"200\" srcset=\"https:\/\/ciclovida.ufpr.br\/wp-content\/uploads\/2015\/10\/A-Dia01_continua-567-300x200.jpg 300w, https:\/\/ciclovida.ufpr.br\/wp-content\/uploads\/2015\/10\/A-Dia01_continua-567-1024x682.jpg 1024w, https:\/\/ciclovida.ufpr.br\/wp-content\/uploads\/2015\/10\/A-Dia01_continua-567.jpg 1280w\" sizes=\"auto, (max-width: 300px) 100vw, 300px\" \/><\/a> <a href=\"https:\/\/ciclovida.ufpr.br\/wp-content\/uploads\/2015\/10\/A-Dia01_continua-571-1.jpg\"><img loading=\"lazy\" decoding=\"async\" class=\"alignnone wp-image-3432 size-medium\" src=\"https:\/\/ciclovida.ufpr.br\/wp-content\/uploads\/2015\/10\/A-Dia01_continua-571-1-300x200.jpg\" alt=\"A Dia01_continua (571) (1)\" width=\"300\" height=\"200\" srcset=\"https:\/\/ciclovida.ufpr.br\/wp-content\/uploads\/2015\/10\/A-Dia01_continua-571-1-300x200.jpg 300w, https:\/\/ciclovida.ufpr.br\/wp-content\/uploads\/2015\/10\/A-Dia01_continua-571-1-1024x682.jpg 1024w, https:\/\/ciclovida.ufpr.br\/wp-content\/uploads\/2015\/10\/A-Dia01_continua-571-1.jpg 1280w\" sizes=\"auto, (max-width: 300px) 100vw, 300px\" \/><\/a><\/p>\n<p>Paraciclos padr\u00e3o UFPR fazem parte de\u00a0exposi\u00e7\u00e3o\u00a0 de paraciclos e bicicletas em Shoping de\u00a0S\u00e3o Jos\u00e9 dos Pinhais, os paraciclos criados por alunos do curso de Design sob orienta\u00e7\u00e3o do Prof\u00ba Ken Fonseca, foram desenvolvidos em parceria com o Programa Ciclovida e\u00a0em 2012 foram adotados como padr\u00e3o na UFPR, quando foram instaladas 600 vagas para estacionamento de bicicletas\u00a0nos diversos campi da UFPR.<\/p>\n","protected":false},"excerpt":{"rendered":"<p>Paraciclos padr\u00e3o UFPR fazem parte de\u00a0exposi\u00e7\u00e3o\u00a0 de paraciclos e bicicletas em Shoping de\u00a0S\u00e3o Jos\u00e9 dos Pinhais, os paraciclos criados por alunos do curso de Design sob orienta\u00e7\u00e3o do Prof\u00ba Ken [&hellip;]<\/p>\n","protected":false},"author":106,"featured_media":0,"comment_status":"open","ping_status":"open","sticky":false,"template":"","format":"standard","meta":{"_uag_custom_page_level_css":"","ngg_post_thumbnail":0,"footnotes":""},"categories":[6,1],"tags":[],"class_list":["post-3430","post","type-post","status-publish","format-standard","hentry","category-eventos","category-noticias"],"gutentor_comment":0,"featured_image_src":"","featured_image_src_square":false,"author_info":{"display_name":"Alan Palomero","author_link":"https:\/\/ciclovida.ufpr.br\/?author=106"},"rbea_author_info":{"display_name":"Alan Palomero","author_link":"https:\/\/ciclovida.ufpr.br\/?author=106"},"rbea_excerpt_info":"Paraciclos padr\u00e3o UFPR fazem parte de\u00a0exposi\u00e7\u00e3o\u00a0 de paraciclos e bicicletas em Shoping de\u00a0S\u00e3o Jos\u00e9 dos Pinhais, os paraciclos criados por alunos do curso de Design sob orienta\u00e7\u00e3o do Prof\u00ba Ken [&hellip;]","category_list":"<a href=\"https:\/\/ciclovida.ufpr.br\/?cat=6\" rel=\"category\">Eventos<\/a>, <a href=\"https:\/\/ciclovida.ufpr.br\/?cat=1\" rel=\"category\">Not\u00edcias<\/a>","comments_num":"0 comments","uagb_featured_image_src":{"full":false,"thumbnail":false,"medium":false,"medium_large":false,"large":false,"1536x1536":false,"2048x2048":false,"post-thumbnail":false,"twentytwenty-fullscreen":false},"uagb_author_info":{"display_name":"Alan Palomero","author_link":"https:\/\/ciclovida.ufpr.br\/?author=106"},"uagb_comment_info":0,"uagb_excerpt":"Paraciclos padr\u00e3o UFPR fazem parte de\u00a0exposi\u00e7\u00e3o\u00a0 de paraciclos e bicicletas em Shoping de\u00a0S\u00e3o Jos\u00e9 dos Pinhais, os paraciclos criados por alunos do curso de Design sob orienta\u00e7\u00e3o do Prof\u00ba Ken [&hellip;]","wps_subtitle":"","_links":{"self":[{"href":"https:\/\/ciclovida.ufpr.br\/index.php?rest_route=\/wp\/v2\/posts\/3430","targetHints":{"allow":["GET"]}}],"collection":[{"href":"https:\/\/ciclovida.ufpr.br\/index.php?rest_route=\/wp\/v2\/posts"}],"about":[{"href":"https:\/\/ciclovida.ufpr.br\/index.php?rest_route=\/wp\/v2\/types\/post"}],"author":[{"embeddable":true,"href":"https:\/\/ciclovida.ufpr.br\/index.php?rest_route=\/wp\/v2\/users\/106"}],"replies":[{"embeddable":true,"href":"https:\/\/ciclovida.ufpr.br\/index.php?rest_route=%2Fwp%2Fv2%2Fcomments&post=3430"}],"version-history":[{"count":2,"href":"https:\/\/ciclovida.ufpr.br\/index.php?rest_route=\/wp\/v2\/posts\/3430\/revisions"}],"predecessor-version":[{"id":3434,"href":"https:\/\/ciclovida.ufpr.br\/index.php?rest_route=\/wp\/v2\/posts\/3430\/revisions\/3434"}],"wp:attachment":[{"href":"https:\/\/ciclovida.ufpr.br\/index.php?rest_route=%2Fwp%2Fv2%2Fmedia&parent=3430"}],"wp:term":[{"taxonomy":"category","embeddable":true,"href":"https:\/\/ciclovida.ufpr.br\/index.php?rest_route=%2Fwp%2Fv2%2Fcategories&post=3430"},{"taxonomy":"post_tag","embeddable":true,"href":"https:\/\/ciclovida.ufpr.br\/index.php?rest_route=%2Fwp%2Fv2%2Ftags&post=3430"}],"curies":[{"name":"wp","href":"https:\/\/api.w.org\/{rel}","templated":true}]}}