{"id":3417,"date":"2015-09-30T16:18:10","date_gmt":"2015-09-30T19:18:10","guid":{"rendered":"https:\/\/ciclovida.ufpr.br\/?p=3417"},"modified":"2015-10-01T16:22:26","modified_gmt":"2015-10-01T19:22:26","slug":"passeio-ciclistico-de-comemoracao-dos-10-anos-da-utfpr-e-106-anos-da-instituicao-0310","status":"publish","type":"post","link":"https:\/\/ciclovida.ufpr.br\/?p=3417","title":{"rendered":"Passeio Cicl\u00edstico de Comemora\u00e7\u00e3o dos 10 anos da UTFPR e 106 anos da Institui\u00e7\u00e3o &#8211; 03\/10"},"content":{"rendered":"<p><img loading=\"lazy\" decoding=\"async\" class=\"alignnone\" src=\"https:\/\/bay182.afx.ms\/att\/GetInline.aspx?messageid=643dcb71-6615-11e5-9348-d89d675c7930&amp;attindex=0&amp;cp=-1&amp;attdepth=0&amp;imgsrc=cid%3aIf4CfBISsvrMLT5LZ57RWg3%40mail.utfpr.edu.br&amp;cid=0654db3527c27f93&amp;shared=1&amp;hm__login=gabriel.dmm&amp;hm__domain=hotmail.com&amp;ip=10.148.202.8&amp;d=d1623&amp;mf=0&amp;hm__ts=Thu%2c%2001%20Oct%202015%2019%3a17%3a51%20GMT&amp;st=%2800064000D5338C21%29&amp;hm__ha=01_e32fb35ee87c48ecda72a70b56b0086840da72aa0463c07998de2b53b74f7eef&amp;oneredir=1\" alt=\"\" width=\"604\" height=\"428\" \/><\/p>\n<div><b class=\"ecxgmail_sendername\">O passeio cicl\u00edstico ser\u00e1 uma celebra\u00e7\u00e3o pelos 10 anos da UTFPR e,\u00a0<\/b><b class=\"ecxgmail_sendername\">tamb\u00e9m, uma comemora\u00e7\u00e3o pelos 106 anos como Institui\u00e7\u00e3o de Ensino. Ser\u00e1 \u00a0<\/b><b class=\"ecxgmail_sendername\">uma oportunidade para mostrar a preocupa\u00e7\u00e3o da nossa universidade com as\u00a0<\/b><b class=\"ecxgmail_sendername\">quest\u00f5es de sustentabilidade (transporte sem polui\u00e7\u00e3o) e a mobilidade urbana\u00a0<\/b><b class=\"ecxgmail_sendername\">(a ciclomobilidade e a import\u00e2ncia de termos mais vias de acesso para os\u00a0<\/b><b class=\"ecxgmail_sendername\">cilclistas).<\/b><\/div>\n<div><b class=\"ecxgmail_sendername\">\u00a0<\/b><\/div>\n<div><b class=\"ecxgmail_sendername\">A bicicleta \u00e9 uma das mais significativas formas de expressar a liberdade. Isto\u00a0<\/b><b class=\"ecxgmail_sendername\">envolve a nossa sa\u00fade, o meio ambiente, a sustentabilidade, a divers\u00e3o, o bom\u00a0<\/b><b class=\"ecxgmail_sendername\">humor e \u00e9 um passo decisivo para tornar as nossas cidades mais humanas.<\/b><\/div>\n<div><b class=\"ecxgmail_sendername\">\u00a0<\/b><\/div>\n<div><b class=\"ecxgmail_sendername\">O evento visa, ainda, uma integra\u00e7\u00e3o entre alunos, professores, familiares e a\u00a0<\/b><b class=\"ecxgmail_sendername\">cidade de Curitiba com algumas de suas belas paisagens. Saindo da Sede\u00a0<\/b><b class=\"ecxgmail_sendername\">Centro do C\u00e2mpus Curitiba (concentra\u00e7\u00e3o na Pra\u00e7a Eufr\u00e1sio Correia),\u00a0<\/b><b class=\"ecxgmail_sendername\">passando pela Sede Ecoville e finalizando na Sede Neoville, o passeio promete\u00a0<\/b><b class=\"ecxgmail_sendername\">muita anima\u00e7\u00e3o, al\u00e9m de promover a sa\u00fade, a interatividade entre os\u00a0<\/b><b class=\"ecxgmail_sendername\">participantes e a divers\u00e3o geral.<\/b><\/div>\n<div><b class=\"ecxgmail_sendername\">\u00a0<\/b><\/div>\n<div><b class=\"ecxgmail_sendername\">A UTFPR contar\u00e1 com o apoio da Compania de Saneamento do Paran\u00e1\u00a0<\/b><b class=\"ecxgmail_sendername\">(SANEPAR), Prefeitura de Curitiba e \u00a0Secretaria Municipal de Tr\u00e2nsito\u00a0<\/b><b class=\"ecxgmail_sendername\">(SETRAN) que acompanhar\u00e1 todo o trajeto, orientando o tr\u00e1fego.<\/b><\/div>\n<div><b class=\"ecxgmail_sendername\">\u00a0<\/b><\/div>\n<div><b class=\"ecxgmail_sendername\">Para inscri\u00e7\u00e3o\u00a0utilize o link abaixo.<\/b><\/div>\n<div><b class=\"ecxgmail_sendername\"><a class=\"\" href=\"https:\/\/docs.google.com\/forms\/d\/1tssLN77fi3OikxpjvPvq9bo8Pf1siHaCH7W4PNzWqVs\/viewform\" target=\"_blank\">https:\/\/docs.google.com\/forms\/d\/1tssLN77fi3OikxpjvPvq9bo8Pf1siHaCH7W4PNzWqVs\/viewform<\/a><\/b><\/div>\n<p>&nbsp;<\/p>\n","protected":false},"excerpt":{"rendered":"<p>O passeio cicl\u00edstico ser\u00e1 uma celebra\u00e7\u00e3o pelos 10 anos da UTFPR e,\u00a0tamb\u00e9m, uma comemora\u00e7\u00e3o pelos 106 anos como Institui\u00e7\u00e3o de Ensino. Ser\u00e1 \u00a0uma oportunidade para mostrar a preocupa\u00e7\u00e3o da nossa [&hellip;]<\/p>\n","protected":false},"author":106,"featured_media":0,"comment_status":"open","ping_status":"open","sticky":false,"template":"","format":"standard","meta":{"_uag_custom_page_level_css":"","ngg_post_thumbnail":0,"footnotes":""},"categories":[1],"tags":[],"class_list":["post-3417","post","type-post","status-publish","format-standard","hentry","category-noticias"],"gutentor_comment":0,"featured_image_src":"","featured_image_src_square":false,"author_info":{"display_name":"Alan Palomero","author_link":"https:\/\/ciclovida.ufpr.br\/?author=106"},"rbea_author_info":{"display_name":"Alan Palomero","author_link":"https:\/\/ciclovida.ufpr.br\/?author=106"},"rbea_excerpt_info":"O passeio cicl\u00edstico ser\u00e1 uma celebra\u00e7\u00e3o pelos 10 anos da UTFPR e,\u00a0tamb\u00e9m, uma comemora\u00e7\u00e3o pelos 106 anos como Institui\u00e7\u00e3o de Ensino. Ser\u00e1 \u00a0uma oportunidade para mostrar a preocupa\u00e7\u00e3o da nossa [&hellip;]","category_list":"<a href=\"https:\/\/ciclovida.ufpr.br\/?cat=1\" rel=\"category\">Not\u00edcias<\/a>","comments_num":"0 comments","uagb_featured_image_src":{"full":false,"thumbnail":false,"medium":false,"medium_large":false,"large":false,"1536x1536":false,"2048x2048":false,"post-thumbnail":false,"twentytwenty-fullscreen":false},"uagb_author_info":{"display_name":"Alan Palomero","author_link":"https:\/\/ciclovida.ufpr.br\/?author=106"},"uagb_comment_info":0,"uagb_excerpt":"O passeio cicl\u00edstico ser\u00e1 uma celebra\u00e7\u00e3o pelos 10 anos da UTFPR e,\u00a0tamb\u00e9m, uma comemora\u00e7\u00e3o pelos 106 anos como Institui\u00e7\u00e3o de Ensino. Ser\u00e1 \u00a0uma oportunidade para mostrar a preocupa\u00e7\u00e3o da nossa [&hellip;]","wps_subtitle":"","_links":{"self":[{"href":"https:\/\/ciclovida.ufpr.br\/index.php?rest_route=\/wp\/v2\/posts\/3417","targetHints":{"allow":["GET"]}}],"collection":[{"href":"https:\/\/ciclovida.ufpr.br\/index.php?rest_route=\/wp\/v2\/posts"}],"about":[{"href":"https:\/\/ciclovida.ufpr.br\/index.php?rest_route=\/wp\/v2\/types\/post"}],"author":[{"embeddable":true,"href":"https:\/\/ciclovida.ufpr.br\/index.php?rest_route=\/wp\/v2\/users\/106"}],"replies":[{"embeddable":true,"href":"https:\/\/ciclovida.ufpr.br\/index.php?rest_route=%2Fwp%2Fv2%2Fcomments&post=3417"}],"version-history":[{"count":1,"href":"https:\/\/ciclovida.ufpr.br\/index.php?rest_route=\/wp\/v2\/posts\/3417\/revisions"}],"predecessor-version":[{"id":3418,"href":"https:\/\/ciclovida.ufpr.br\/index.php?rest_route=\/wp\/v2\/posts\/3417\/revisions\/3418"}],"wp:attachment":[{"href":"https:\/\/ciclovida.ufpr.br\/index.php?rest_route=%2Fwp%2Fv2%2Fmedia&parent=3417"}],"wp:term":[{"taxonomy":"category","embeddable":true,"href":"https:\/\/ciclovida.ufpr.br\/index.php?rest_route=%2Fwp%2Fv2%2Fcategories&post=3417"},{"taxonomy":"post_tag","embeddable":true,"href":"https:\/\/ciclovida.ufpr.br\/index.php?rest_route=%2Fwp%2Fv2%2Ftags&post=3417"}],"curies":[{"name":"wp","href":"https:\/\/api.w.org\/{rel}","templated":true}]}}