{"id":3412,"date":"2015-09-28T01:43:54","date_gmt":"2015-09-28T04:43:54","guid":{"rendered":"https:\/\/ciclovida.ufpr.br\/?p=3412"},"modified":"2015-09-28T01:43:54","modified_gmt":"2015-09-28T04:43:54","slug":"ministerio-das-cidades-lanca-cartilha-do-ciclista","status":"publish","type":"post","link":"https:\/\/ciclovida.ufpr.br\/?p=3412","title":{"rendered":"Minist\u00e9rio das Cidades lan\u00e7a &#8220;Cartilha do ciclista&#8221;"},"content":{"rendered":"<p>No Dia Mundial Sem Carro, comemorado ontem (22), o ministro das Cidades, Gilberto Kassab, disse que o Governo Federal prestou uma homenagem aos ciclistas do pa\u00eds ao lan\u00e7ar a Cartilha do Ciclista. A publica\u00e7\u00e3o foi poss\u00edvel gra\u00e7as \u00e0 parceria da Secretaria Nacional de Transportes e Mobilidade de Urbana (Semob) do Minist\u00e9rio das Cidades com o Departamento Nacional de Tr\u00e2nsito (Denatran). \u201cEssa homenagem \u00e9 uma das a\u00e7\u00f5es para consolidar pol\u00edticas p\u00fablicas em apoio e solidariedade aos ciclistas\u201d, afirmou Kassab.<\/p>\n<p>A publica\u00e7\u00e3o re\u00fane informa\u00e7\u00f5es sobre legisla\u00e7\u00e3o, sinaliza\u00e7\u00e3o, diferentes vias que comp\u00f5em a rede ciclovi\u00e1ria e regras de circula\u00e7\u00e3o e seguran\u00e7a. O objetivo \u00e9 esclarecer e conscientizar ciclistas, condutores de ve\u00edculos motorizados e pedestres sobre como manter uma conviv\u00eancia pac\u00edfica e harm\u00f4nica entre os diversos modais no tr\u00e2nsito brasileiro.<\/p>\n<p><a href=\"http:\/\/www.cidades.gov.br\/images\/stories\/ArquivosCidades\/ArquivosPDF\/Publicacoes\/cartilhaciclista.pdf\">A cartilha est\u00e1 dispon\u00edvel, em formato PDF, no site do Minist\u00e9rio das Cidades.<\/a><\/p>\n<p>&nbsp;<\/p>\n<p>Leia a mat\u00e9ria original completa:\u00a0<a href=\"http:\/\/portaldotransito.com.br\/noticias\/acontecendo-no-transito\/ministerio-das-cidades-lanca-cartilha-do-ciclista\">http:\/\/portaldotransito.com.br\/noticias\/acontecendo-no-transito\/ministerio-das-cidades-lanca-cartilha-do-ciclista<\/a><\/p>\n","protected":false},"excerpt":{"rendered":"<p>No Dia Mundial Sem Carro, comemorado ontem (22), o ministro das Cidades, Gilberto Kassab, disse que o Governo Federal prestou uma homenagem aos ciclistas do pa\u00eds ao lan\u00e7ar a Cartilha [&hellip;]<\/p>\n","protected":false},"author":106,"featured_media":0,"comment_status":"open","ping_status":"open","sticky":false,"template":"","format":"standard","meta":{"_uag_custom_page_level_css":"","ngg_post_thumbnail":0,"footnotes":""},"categories":[5,6,1],"tags":[],"class_list":["post-3412","post","type-post","status-publish","format-standard","hentry","category-biblioteca","category-eventos","category-noticias"],"gutentor_comment":0,"featured_image_src":"","featured_image_src_square":false,"author_info":{"display_name":"Alan Palomero","author_link":"https:\/\/ciclovida.ufpr.br\/?author=106"},"rbea_author_info":{"display_name":"Alan Palomero","author_link":"https:\/\/ciclovida.ufpr.br\/?author=106"},"rbea_excerpt_info":"No Dia Mundial Sem Carro, comemorado ontem (22), o ministro das Cidades, Gilberto Kassab, disse que o Governo Federal prestou uma homenagem aos ciclistas do pa\u00eds ao lan\u00e7ar a Cartilha [&hellip;]","category_list":"<a href=\"https:\/\/ciclovida.ufpr.br\/?cat=5\" rel=\"category\">Biblioteca<\/a>, <a href=\"https:\/\/ciclovida.ufpr.br\/?cat=6\" rel=\"category\">Eventos<\/a>, <a href=\"https:\/\/ciclovida.ufpr.br\/?cat=1\" rel=\"category\">Not\u00edcias<\/a>","comments_num":"0 comments","uagb_featured_image_src":{"full":false,"thumbnail":false,"medium":false,"medium_large":false,"large":false,"1536x1536":false,"2048x2048":false,"post-thumbnail":false,"twentytwenty-fullscreen":false},"uagb_author_info":{"display_name":"Alan Palomero","author_link":"https:\/\/ciclovida.ufpr.br\/?author=106"},"uagb_comment_info":0,"uagb_excerpt":"No Dia Mundial Sem Carro, comemorado ontem (22), o ministro das Cidades, Gilberto Kassab, disse que o Governo Federal prestou uma homenagem aos ciclistas do pa\u00eds ao lan\u00e7ar a Cartilha [&hellip;]","wps_subtitle":"","_links":{"self":[{"href":"https:\/\/ciclovida.ufpr.br\/index.php?rest_route=\/wp\/v2\/posts\/3412","targetHints":{"allow":["GET"]}}],"collection":[{"href":"https:\/\/ciclovida.ufpr.br\/index.php?rest_route=\/wp\/v2\/posts"}],"about":[{"href":"https:\/\/ciclovida.ufpr.br\/index.php?rest_route=\/wp\/v2\/types\/post"}],"author":[{"embeddable":true,"href":"https:\/\/ciclovida.ufpr.br\/index.php?rest_route=\/wp\/v2\/users\/106"}],"replies":[{"embeddable":true,"href":"https:\/\/ciclovida.ufpr.br\/index.php?rest_route=%2Fwp%2Fv2%2Fcomments&post=3412"}],"version-history":[{"count":2,"href":"https:\/\/ciclovida.ufpr.br\/index.php?rest_route=\/wp\/v2\/posts\/3412\/revisions"}],"predecessor-version":[{"id":3414,"href":"https:\/\/ciclovida.ufpr.br\/index.php?rest_route=\/wp\/v2\/posts\/3412\/revisions\/3414"}],"wp:attachment":[{"href":"https:\/\/ciclovida.ufpr.br\/index.php?rest_route=%2Fwp%2Fv2%2Fmedia&parent=3412"}],"wp:term":[{"taxonomy":"category","embeddable":true,"href":"https:\/\/ciclovida.ufpr.br\/index.php?rest_route=%2Fwp%2Fv2%2Fcategories&post=3412"},{"taxonomy":"post_tag","embeddable":true,"href":"https:\/\/ciclovida.ufpr.br\/index.php?rest_route=%2Fwp%2Fv2%2Ftags&post=3412"}],"curies":[{"name":"wp","href":"https:\/\/api.w.org\/{rel}","templated":true}]}}