{"id":3270,"date":"2015-09-21T23:47:03","date_gmt":"2015-09-22T02:47:03","guid":{"rendered":"https:\/\/ciclovida.ufpr.br\/?p=3270"},"modified":"2015-09-21T23:47:03","modified_gmt":"2015-09-22T02:47:03","slug":"ufpr-assina-cooperacao-com-instituicoes-holandesas-para-aumentar-potencial-de-ciclomobilidade-de-curitiba","status":"publish","type":"post","link":"https:\/\/ciclovida.ufpr.br\/?p=3270","title":{"rendered":"UFPR assina coopera\u00e7\u00e3o com institui\u00e7\u00f5es holandesas para aumentar potencial de ciclomobilidade de Curitiba"},"content":{"rendered":"<p style=\"text-align: right;\"><em>Por Jaqueline Carrara<\/em><\/p>\n<p>A UFPR est\u00e1 junto com institui\u00e7\u00f5es holandesas e brasileiras para dar sua contribui\u00e7\u00e3o na transforma\u00e7\u00e3o de Curitiba em uma cidade dentro do conceito de smart cities \u2013 cidades-inteligentes, que buscam a solu\u00e7\u00e3o de problemas urbanos com tecnologia e inova\u00e7\u00e3o.<\/p>\n<p>O Termo de Entendimento assinado na \u00faltima semana entre empresas, universidades, centros de pesquisa e associa\u00e7\u00f5es dos dois pa\u00edses tem o objetivo de aumentar o potencial de ciclomobilidade da capital, mostrando a bicicleta como op\u00e7\u00e3o segura e vi\u00e1vel para o tr\u00e2nsito. Pesquisadores holandeses permanecer\u00e3o em Curitiba e a inten\u00e7\u00e3o \u00e9 que, durante cinco anos, o compartilhamento de ideias, estudos e experi\u00eancias entre os parceiros possa resultar em projetos inovadores, aliando planejamento urbano, arquitetura e design.<\/p>\n<figure id=\"attachment_3271\" aria-describedby=\"caption-attachment-3271\" style=\"width: 613px\" class=\"wp-caption aligncenter\"><a href=\"https:\/\/ciclovida.ufpr.br\/wp-content\/uploads\/2015\/09\/ciclovida.jpg\"><img loading=\"lazy\" decoding=\"async\" class=\" wp-image-3271\" src=\"https:\/\/ciclovida.ufpr.br\/wp-content\/uploads\/2015\/09\/ciclovida-1024x768.jpg\" alt=\"Reitor Zaki Akel Sobrinho uniu-se ao embaixador da Holanda no Brasil e a um grupo de holandeses e brasileiros que chegaram pedalando \u00e0 Prefeitura para assinatura da parceria\" width=\"613\" height=\"460\" srcset=\"https:\/\/ciclovida.ufpr.br\/wp-content\/uploads\/2015\/09\/ciclovida.jpg 1024w, https:\/\/ciclovida.ufpr.br\/wp-content\/uploads\/2015\/09\/ciclovida-300x225.jpg 300w\" sizes=\"auto, (max-width: 613px) 100vw, 613px\" \/><\/a><figcaption id=\"caption-attachment-3271\" class=\"wp-caption-text\">Reitor Zaki Akel Sobrinho uniu-se ao embaixador da Holanda no Brasil e a um grupo de holandeses e brasileiros que chegaram pedalando \u00e0 Prefeitura para assinatura da parceria<\/figcaption><\/figure>\n<p>A sinergia \u00e9 outro ponto enfocado pela coopera\u00e7\u00e3o. Entre os objetivos acordados, est\u00e1 o desenvolvimento de solu\u00e7\u00f5es para a integra\u00e7\u00e3o de todos os modais de transporte em Curitiba, conciliando infraestrutura urbana e o engajamento do cidad\u00e3o. De acordo com o documento, dever\u00e1 haver busca pelo aumento da consci\u00eancia sobre o impacto que pode haver na sustentabilidade de iniciativas urbanas quando h\u00e1 sinergia entre o mercado, autoridades p\u00fablicas, universidades e consumidores.<\/p>\n<p>Para assinatura do Termo, o reitor Zaki Akel Sobrinho juntou-se ao embaixador da Holanda no Brasil e a um grupo de holandeses e brasileiros que chegaram pedalando \u00e0 Prefeitura para o fechamento da parceria. Tamb\u00e9m assinaram o documento de coopera\u00e7\u00e3o as institui\u00e7\u00f5es: Universidade de Twente (Holanda), Universidade e Centro de Pesquisa Wageningen (Holanda), Universidade de Ci\u00eancias Aplicadas CAH Vilentum (Holanda), Universidade Tecnol\u00f3gica Federal do Paran\u00e1 (UTFPR), Pontif\u00edcia Universidade Cat\u00f3lica do Paran\u00e1 (PUCPR), Universidade Positivo (UP), Ecofys (empresa holandesa de consultoria em energia urbana), Dutch Cycling Embassy (associa\u00e7\u00e3o holandesa que atua no mundo inteiro incentivando o ciclismo), Federa\u00e7\u00e3o das Ind\u00fastrias do Estado do Paran\u00e1 (Fiep), Instituto Brasileiro de Qualidade e Produtividade (IBPQ) e CicloIgua\u00e7u (Associa\u00e7\u00e3o de Ciclistas do Alto Igua\u00e7u).<\/p>\n<p>Publicado originalmente em:\u00a0<a href=\"http:\/\/www.ufpr.br\/portalufpr\/blog\/noticias\/ufpr-assina-cooperacao-com-instituicoes-holandesas-para-aumentar-potencial-de-ciclomobilidade-de-curitiba\/\">http:\/\/www.ufpr.br\/portalufpr\/blog\/noticias\/ufpr-assina-cooperacao-com-instituicoes-holandesas-para-aumentar-potencial-de-ciclomobilidade-de-curitiba\/<\/a><\/p>\n","protected":false},"excerpt":{"rendered":"<p>Por Jaqueline Carrara A UFPR est\u00e1 junto com institui\u00e7\u00f5es holandesas e brasileiras para dar sua contribui\u00e7\u00e3o na transforma\u00e7\u00e3o de Curitiba em uma cidade dentro do conceito de smart cities \u2013 [&hellip;]<\/p>\n","protected":false},"author":106,"featured_media":0,"comment_status":"open","ping_status":"open","sticky":false,"template":"","format":"standard","meta":{"_uag_custom_page_level_css":"","ngg_post_thumbnail":0,"footnotes":""},"categories":[6,1],"tags":[],"class_list":["post-3270","post","type-post","status-publish","format-standard","hentry","category-eventos","category-noticias"],"gutentor_comment":0,"featured_image_src":"","featured_image_src_square":false,"author_info":{"display_name":"Alan Palomero","author_link":"https:\/\/ciclovida.ufpr.br\/?author=106"},"rbea_author_info":{"display_name":"Alan Palomero","author_link":"https:\/\/ciclovida.ufpr.br\/?author=106"},"rbea_excerpt_info":"Por Jaqueline Carrara A UFPR est\u00e1 junto com institui\u00e7\u00f5es holandesas e brasileiras para dar sua contribui\u00e7\u00e3o na transforma\u00e7\u00e3o de Curitiba em uma cidade dentro do conceito de smart cities \u2013 [&hellip;]","category_list":"<a href=\"https:\/\/ciclovida.ufpr.br\/?cat=6\" rel=\"category\">Eventos<\/a>, <a href=\"https:\/\/ciclovida.ufpr.br\/?cat=1\" rel=\"category\">Not\u00edcias<\/a>","comments_num":"0 comments","uagb_featured_image_src":{"full":false,"thumbnail":false,"medium":false,"medium_large":false,"large":false,"1536x1536":false,"2048x2048":false,"post-thumbnail":false,"twentytwenty-fullscreen":false},"uagb_author_info":{"display_name":"Alan Palomero","author_link":"https:\/\/ciclovida.ufpr.br\/?author=106"},"uagb_comment_info":0,"uagb_excerpt":"Por Jaqueline Carrara A UFPR est\u00e1 junto com institui\u00e7\u00f5es holandesas e brasileiras para dar sua contribui\u00e7\u00e3o na transforma\u00e7\u00e3o de Curitiba em uma cidade dentro do conceito de smart cities \u2013 [&hellip;]","wps_subtitle":"","_links":{"self":[{"href":"https:\/\/ciclovida.ufpr.br\/index.php?rest_route=\/wp\/v2\/posts\/3270","targetHints":{"allow":["GET"]}}],"collection":[{"href":"https:\/\/ciclovida.ufpr.br\/index.php?rest_route=\/wp\/v2\/posts"}],"about":[{"href":"https:\/\/ciclovida.ufpr.br\/index.php?rest_route=\/wp\/v2\/types\/post"}],"author":[{"embeddable":true,"href":"https:\/\/ciclovida.ufpr.br\/index.php?rest_route=\/wp\/v2\/users\/106"}],"replies":[{"embeddable":true,"href":"https:\/\/ciclovida.ufpr.br\/index.php?rest_route=%2Fwp%2Fv2%2Fcomments&post=3270"}],"version-history":[{"count":1,"href":"https:\/\/ciclovida.ufpr.br\/index.php?rest_route=\/wp\/v2\/posts\/3270\/revisions"}],"predecessor-version":[{"id":3272,"href":"https:\/\/ciclovida.ufpr.br\/index.php?rest_route=\/wp\/v2\/posts\/3270\/revisions\/3272"}],"wp:attachment":[{"href":"https:\/\/ciclovida.ufpr.br\/index.php?rest_route=%2Fwp%2Fv2%2Fmedia&parent=3270"}],"wp:term":[{"taxonomy":"category","embeddable":true,"href":"https:\/\/ciclovida.ufpr.br\/index.php?rest_route=%2Fwp%2Fv2%2Fcategories&post=3270"},{"taxonomy":"post_tag","embeddable":true,"href":"https:\/\/ciclovida.ufpr.br\/index.php?rest_route=%2Fwp%2Fv2%2Ftags&post=3270"}],"curies":[{"name":"wp","href":"https:\/\/api.w.org\/{rel}","templated":true}]}}