{"id":3264,"date":"2015-09-09T16:11:10","date_gmt":"2015-09-09T19:11:10","guid":{"rendered":"https:\/\/ciclovida.ufpr.br\/?p=3264"},"modified":"2015-09-09T16:11:10","modified_gmt":"2015-09-09T19:11:10","slug":"livro-relata-viagem-de-casal-de-bike-pelo-sul-da-franca","status":"publish","type":"post","link":"https:\/\/ciclovida.ufpr.br\/?p=3264","title":{"rendered":"Livro relata viagem de casal de bike pelo sul da Fran\u00e7a"},"content":{"rendered":"<figure id=\"attachment_3265\" aria-describedby=\"caption-attachment-3265\" style=\"width: 626px\" class=\"wp-caption alignnone\"><a href=\"https:\/\/ciclovida.ufpr.br\/wp-content\/uploads\/2015\/09\/barcelona.jpg\"><img loading=\"lazy\" decoding=\"async\" class=\"size-full wp-image-3265\" src=\"https:\/\/ciclovida.ufpr.br\/wp-content\/uploads\/2015\/09\/barcelona.jpg\" alt=\"Isabel Leal Caruso e Tiago Valente no in\u00edcio da pedalada, em Barcelona\" width=\"626\" height=\"380\" srcset=\"https:\/\/ciclovida.ufpr.br\/wp-content\/uploads\/2015\/09\/barcelona.jpg 626w, https:\/\/ciclovida.ufpr.br\/wp-content\/uploads\/2015\/09\/barcelona-300x182.jpg 300w\" sizes=\"auto, (max-width: 626px) 100vw, 626px\" \/><\/a><figcaption id=\"caption-attachment-3265\" class=\"wp-caption-text\">Isabel Leal Caruso e Tiago Valente no in\u00edcio da pedalada, em Barcelona<\/figcaption><\/figure>\n<p class=\"western\"><i>Texto Marilea Leal<br \/>\nFotos: arquivo pessoal<\/i><\/p>\n<p class=\"western\">Num contexto de audaciosos e resistentes super-ciclistas que cruzam continentes e percorrem pa\u00edses long\u00ednquos<i>, o<\/i>\u00a0livro\u00a0<em>De Bike Pelo Sul da Fran\u00e7a<\/em>,\u00a0de Isabel Leal Caruso (220 p\u00e1ginas, com lan\u00e7amento nas pr\u00f3ximas semanas), relata as aventuras de um casal numa viagem de bicicleta de 600 km e em 19 dias pelas regi\u00f5es hist\u00f3ricas do sul da Fran\u00e7a.<\/p>\n<p>Pedalando de Narbonne, cidade pr\u00f3xima da fronteira com a Espanha, a Cannes, a uns 50 km do norte da It\u00e1lia, Isabel e Tiago Valente, sempre costeando as \u00e1guas geladas do mar Mediterr\u00e2neo, conheceram paisagens sensacionais: cidades constru\u00eddas pelos romanos h\u00e1 2 mil anos, dezenas de vilarejos medievais, al\u00e9m de incont\u00e1veis vinhedos, planta\u00e7\u00f5es de azeitonas, muralhas, castelos e ciclovias bem planejadas e seguras.<\/p>\n<figure id=\"attachment_3266\" aria-describedby=\"caption-attachment-3266\" style=\"width: 626px\" class=\"wp-caption alignnone\"><a href=\"https:\/\/ciclovida.ufpr.br\/wp-content\/uploads\/2015\/09\/1cannes.jpg\"><img loading=\"lazy\" decoding=\"async\" class=\"size-full wp-image-3266\" src=\"https:\/\/ciclovida.ufpr.br\/wp-content\/uploads\/2015\/09\/1cannes.jpg\" alt=\"O casal cicloturista em Cannes\" width=\"626\" height=\"380\" srcset=\"https:\/\/ciclovida.ufpr.br\/wp-content\/uploads\/2015\/09\/1cannes.jpg 626w, https:\/\/ciclovida.ufpr.br\/wp-content\/uploads\/2015\/09\/1cannes-300x182.jpg 300w\" sizes=\"auto, (max-width: 626px) 100vw, 626px\" \/><\/a><figcaption id=\"caption-attachment-3266\" class=\"wp-caption-text\">O casal cicloturista em Cannes<\/figcaption><\/figure>\n<p class=\"western\">A dupla desembarcou do avi\u00e3o em Barcelona, hist\u00f3rica cidade espanhola perto da fronteira com a Fran\u00e7a. Ali compraram duas bicicletas, porque alug\u00e1-las sairia mais caro, e em seguida viajaram de trem at\u00e9 Narbonne, o ponto de partida da aventura. Por meio de um planejamento meticuloso organizado por Isabel \u2013 uma vigorosa atleta campe\u00e3 sul-americana de jiu-jitsu em 2009, e hoje praticante de corridas de aventuras \u2013 come\u00e7aram a viagem pedalando em m\u00e9dia 60 km di\u00e1rios. E o percurso foi estabelecido atrav\u00e9s das cidades de Narbonne, S\u00e8te, Montpellier, Nimes, Avignon, Lyon, Toulon, St Tropez, Cannes, Nice e Paris. E, entre elas, dezenas de cidadezinhas com dois e quatro mil habitantes onde descansavam, faziam piqueniques e, por causa de um imprevisto, compraram uma barraca e acamparam.<\/p>\n<p class=\"western\">Por\u00e9m a viagem, planejada em grande parte ainda em S\u00e3o Paulo, se revelou cheia de surpresas\u2026 positivas. Abundantes ciclovias, seguran\u00e7a, conviv\u00eancia com outros ciclistas, paisagens deslumbrantes, respeito dos motoristas de autom\u00f3veis pelas bikes, generosidade de estranhos, hospedagens gratuitas, e conversas intermin\u00e1veis com pessoas interessantes e bondosas. Por exemplo, fazendo contatos por meio de p\u00e1ginas da internet, j\u00e1 em Narbonne conheceram e foram convidados para jantar com um casal de ciclistas que havia percorrido o Canad\u00e1 e a Argentina. E, no final da viagem, em Cannes, foram hospedados por um fot\u00f3grafo ingl\u00eas que simplesmente lhes entregou a chave de uma luxuosa cobertura e foi trabalhar.<\/p>\n<p class=\"western\">Para ler a mat\u00e9ria completa, acesse:\u00a0<a href=\"http:\/\/www.bikemagazine.com.br\/2015\/09\/livro-relata-viagem-de-casal-de-bike-pelo-sul-da-franca\/\">http:\/\/www.bikemagazine.com.br\/2015\/09\/livro-relata-viagem-de-casal-de-bike-pelo-sul-da-franca\/<\/a><\/p>\n<p>&nbsp;<\/p>\n<p>&nbsp;<\/p>\n","protected":false},"excerpt":{"rendered":"<p>Texto Marilea Leal Fotos: arquivo pessoal Num contexto de audaciosos e resistentes super-ciclistas que cruzam continentes e percorrem pa\u00edses long\u00ednquos, o\u00a0livro\u00a0De Bike Pelo Sul da Fran\u00e7a,\u00a0de Isabel Leal Caruso (220 [&hellip;]<\/p>\n","protected":false},"author":106,"featured_media":0,"comment_status":"open","ping_status":"open","sticky":false,"template":"","format":"standard","meta":{"_uag_custom_page_level_css":"","ngg_post_thumbnail":0,"footnotes":""},"categories":[1],"tags":[],"class_list":["post-3264","post","type-post","status-publish","format-standard","hentry","category-noticias"],"gutentor_comment":0,"featured_image_src":"","featured_image_src_square":false,"author_info":{"display_name":"Alan Palomero","author_link":"https:\/\/ciclovida.ufpr.br\/?author=106"},"rbea_author_info":{"display_name":"Alan Palomero","author_link":"https:\/\/ciclovida.ufpr.br\/?author=106"},"rbea_excerpt_info":"Texto Marilea Leal Fotos: arquivo pessoal Num contexto de audaciosos e resistentes super-ciclistas que cruzam continentes e percorrem pa\u00edses long\u00ednquos, o\u00a0livro\u00a0De Bike Pelo Sul da Fran\u00e7a,\u00a0de Isabel Leal Caruso (220 [&hellip;]","category_list":"<a href=\"https:\/\/ciclovida.ufpr.br\/?cat=1\" rel=\"category\">Not\u00edcias<\/a>","comments_num":"0 comments","uagb_featured_image_src":{"full":false,"thumbnail":false,"medium":false,"medium_large":false,"large":false,"1536x1536":false,"2048x2048":false,"post-thumbnail":false,"twentytwenty-fullscreen":false},"uagb_author_info":{"display_name":"Alan Palomero","author_link":"https:\/\/ciclovida.ufpr.br\/?author=106"},"uagb_comment_info":0,"uagb_excerpt":"Texto Marilea Leal Fotos: arquivo pessoal Num contexto de audaciosos e resistentes super-ciclistas que cruzam continentes e percorrem pa\u00edses long\u00ednquos, o\u00a0livro\u00a0De Bike Pelo Sul da Fran\u00e7a,\u00a0de Isabel Leal Caruso (220 [&hellip;]","wps_subtitle":"","_links":{"self":[{"href":"https:\/\/ciclovida.ufpr.br\/index.php?rest_route=\/wp\/v2\/posts\/3264","targetHints":{"allow":["GET"]}}],"collection":[{"href":"https:\/\/ciclovida.ufpr.br\/index.php?rest_route=\/wp\/v2\/posts"}],"about":[{"href":"https:\/\/ciclovida.ufpr.br\/index.php?rest_route=\/wp\/v2\/types\/post"}],"author":[{"embeddable":true,"href":"https:\/\/ciclovida.ufpr.br\/index.php?rest_route=\/wp\/v2\/users\/106"}],"replies":[{"embeddable":true,"href":"https:\/\/ciclovida.ufpr.br\/index.php?rest_route=%2Fwp%2Fv2%2Fcomments&post=3264"}],"version-history":[{"count":2,"href":"https:\/\/ciclovida.ufpr.br\/index.php?rest_route=\/wp\/v2\/posts\/3264\/revisions"}],"predecessor-version":[{"id":3268,"href":"https:\/\/ciclovida.ufpr.br\/index.php?rest_route=\/wp\/v2\/posts\/3264\/revisions\/3268"}],"wp:attachment":[{"href":"https:\/\/ciclovida.ufpr.br\/index.php?rest_route=%2Fwp%2Fv2%2Fmedia&parent=3264"}],"wp:term":[{"taxonomy":"category","embeddable":true,"href":"https:\/\/ciclovida.ufpr.br\/index.php?rest_route=%2Fwp%2Fv2%2Fcategories&post=3264"},{"taxonomy":"post_tag","embeddable":true,"href":"https:\/\/ciclovida.ufpr.br\/index.php?rest_route=%2Fwp%2Fv2%2Ftags&post=3264"}],"curies":[{"name":"wp","href":"https:\/\/api.w.org\/{rel}","templated":true}]}}