{"id":3261,"date":"2015-09-02T18:03:12","date_gmt":"2015-09-02T21:03:12","guid":{"rendered":"https:\/\/ciclovida.ufpr.br\/?p=3261"},"modified":"2015-09-02T19:04:24","modified_gmt":"2015-09-02T22:04:24","slug":"convite-3o-ciclo-de-palestras-para-a-revisao-do-plano-diretor-2016-o-uso-da-bicicleta-nas-cidades%e2%80%8f","status":"publish","type":"post","link":"https:\/\/ciclovida.ufpr.br\/?p=3261","title":{"rendered":"CONVITE &#8211; 3\u00ba Ciclo de Palestras para a Revis\u00e3o do Plano Diretor 2016 &#8211; O Uso da Bicicleta nas Cidades\u200f"},"content":{"rendered":"<p class=\"ecxMsoNormal\"><span style=\"font-family: 'trebuchet ms', sans-serif;\">Levando-se em conta a necessidade de revis\u00e3o do Plano Diretor de Ponta Grossa, programada para iniciar nesse semestre, e considerando o crescimento que a cidade vem sofrendo, o IPLAN e a Prefeitura Municipal de Ponta Grossa t\u00eam o comprometimento de aprimorar o conhecimento dos t\u00e9cnicos da \u00e1rea de urbanismo e dos cidad\u00e3o interessados na tem\u00e1tica, a fim de fomentar o debates em torno do tema.\u00a0<\/span><\/p>\n<p class=\"ecxMsoNormal\"><span style=\"font-family: 'trebuchet ms', sans-serif;\">Os Ciclos de Palestras para a Revis\u00e3o do Plano Diretor foram iniciados em 2014, visando estimular as novas ideias que propiciem formas de desenvolvimento aliado \u00e0 preserva\u00e7\u00e3o cultural, ambiental e \u00e0 equidade social.\u00a0A oportunidade de discuss\u00e3o tem como objetivo integrar profissionais de diversas \u00e1reas, fomentar solu\u00e7\u00f5es criativas e inteligentes, fornecendo conhecimento para aprimoramento dos agentes transformadores da sociedade, de modo a ampliar campos de conhecimento. Desta forma s\u00e3o indicados temas inerentes \u00e0s problem\u00e1ticas atuais apontando solu\u00e7\u00f5es inovadoras e criativas dentro dos campos transversais que permeiam as diversas \u00e1reas profissionais envolvidas.<\/span><\/p>\n<p class=\"ecxMsoNormal\"><span style=\"font-family: 'trebuchet ms', sans-serif;\"><span style=\"color: #2b2b2b;\">Para o 3\u00ba Ciclo de Palestras teremos a presen\u00e7a dos seguintes palestrantes que ir\u00e3o proferir sobre o tema\u00a0<\/span><\/span><b>\u201cPLANO DIRETOR E CICLOMOBILIDADE: O USO DA BICICLETA NAS CIDADES\u201d<\/b>:<\/p>\n<ul>\n<ul>\n<li><span style=\"font-family: 'trebuchet ms', sans-serif;\"><span style=\"color: #2b2b2b;\"><b>Jos\u00e9 Carlos Assun\u00e7\u00e3o Belotto<\/b>,<b> <\/b>coordenador do programa Ciclovida na UFPR;<\/span><\/span><\/li>\n<li><span style=\"font-family: 'trebuchet ms', sans-serif;\"><span style=\"color: #2b2b2b;\"><b>Jorge Gomes de Oliveira Brand (Goura)<\/b>\u00a0que atua\u00a0<\/span><\/span><span style=\"color: #2b2b2b; font-family: 'trebuchet ms', sans-serif;\">na Coordena\u00e7\u00e3o de Mobilidade Urbana da\u00a0<\/span>Secretaria de Tr\u00e2nsito de Curitiba;<\/li>\n<li><b>Luis Claudio Brito Patricio<\/b>,\u00a0autor do livro \u201cMinha garagem \u00e9 uma sala de estar\u201d e coordenador do Programa Transporte Livre da CELEPAR;<\/li>\n<\/ul>\n<\/ul>\n<p class=\"ecxMsoNormal\"><span style=\"font-family: 'trebuchet ms', sans-serif;\">A palestra ocorrer\u00e1 \u00e0s\u00a0<strong>19h00 <\/strong><strong>do dia <\/strong><strong>2 de setembro <\/strong><strong>na <\/strong><strong>Associa\u00e7\u00e3o dos Engenheiros e Arquitetos de Ponta Grossa<\/strong><strong>, aberta ao p\u00fablico mediante inscri\u00e7\u00e3o online pelo site do IPLAN.<\/strong><\/span><\/p>\n","protected":false},"excerpt":{"rendered":"<p>Levando-se em conta a necessidade de revis\u00e3o do Plano Diretor de Ponta Grossa, programada para iniciar nesse semestre, e considerando o crescimento que a cidade vem sofrendo, o IPLAN e [&hellip;]<\/p>\n","protected":false},"author":106,"featured_media":0,"comment_status":"open","ping_status":"open","sticky":false,"template":"","format":"standard","meta":{"_uag_custom_page_level_css":"","ngg_post_thumbnail":0,"footnotes":""},"categories":[6,1],"tags":[],"class_list":["post-3261","post","type-post","status-publish","format-standard","hentry","category-eventos","category-noticias"],"gutentor_comment":0,"featured_image_src":"","featured_image_src_square":false,"author_info":{"display_name":"Alan Palomero","author_link":"https:\/\/ciclovida.ufpr.br\/?author=106"},"rbea_author_info":{"display_name":"Alan Palomero","author_link":"https:\/\/ciclovida.ufpr.br\/?author=106"},"rbea_excerpt_info":"Levando-se em conta a necessidade de revis\u00e3o do Plano Diretor de Ponta Grossa, programada para iniciar nesse semestre, e considerando o crescimento que a cidade vem sofrendo, o IPLAN e [&hellip;]","category_list":"<a href=\"https:\/\/ciclovida.ufpr.br\/?cat=6\" rel=\"category\">Eventos<\/a>, <a href=\"https:\/\/ciclovida.ufpr.br\/?cat=1\" rel=\"category\">Not\u00edcias<\/a>","comments_num":"0 comments","uagb_featured_image_src":{"full":false,"thumbnail":false,"medium":false,"medium_large":false,"large":false,"1536x1536":false,"2048x2048":false,"post-thumbnail":false,"twentytwenty-fullscreen":false},"uagb_author_info":{"display_name":"Alan Palomero","author_link":"https:\/\/ciclovida.ufpr.br\/?author=106"},"uagb_comment_info":0,"uagb_excerpt":"Levando-se em conta a necessidade de revis\u00e3o do Plano Diretor de Ponta Grossa, programada para iniciar nesse semestre, e considerando o crescimento que a cidade vem sofrendo, o IPLAN e [&hellip;]","wps_subtitle":"","_links":{"self":[{"href":"https:\/\/ciclovida.ufpr.br\/index.php?rest_route=\/wp\/v2\/posts\/3261","targetHints":{"allow":["GET"]}}],"collection":[{"href":"https:\/\/ciclovida.ufpr.br\/index.php?rest_route=\/wp\/v2\/posts"}],"about":[{"href":"https:\/\/ciclovida.ufpr.br\/index.php?rest_route=\/wp\/v2\/types\/post"}],"author":[{"embeddable":true,"href":"https:\/\/ciclovida.ufpr.br\/index.php?rest_route=\/wp\/v2\/users\/106"}],"replies":[{"embeddable":true,"href":"https:\/\/ciclovida.ufpr.br\/index.php?rest_route=%2Fwp%2Fv2%2Fcomments&post=3261"}],"version-history":[{"count":1,"href":"https:\/\/ciclovida.ufpr.br\/index.php?rest_route=\/wp\/v2\/posts\/3261\/revisions"}],"predecessor-version":[{"id":3262,"href":"https:\/\/ciclovida.ufpr.br\/index.php?rest_route=\/wp\/v2\/posts\/3261\/revisions\/3262"}],"wp:attachment":[{"href":"https:\/\/ciclovida.ufpr.br\/index.php?rest_route=%2Fwp%2Fv2%2Fmedia&parent=3261"}],"wp:term":[{"taxonomy":"category","embeddable":true,"href":"https:\/\/ciclovida.ufpr.br\/index.php?rest_route=%2Fwp%2Fv2%2Fcategories&post=3261"},{"taxonomy":"post_tag","embeddable":true,"href":"https:\/\/ciclovida.ufpr.br\/index.php?rest_route=%2Fwp%2Fv2%2Ftags&post=3261"}],"curies":[{"name":"wp","href":"https:\/\/api.w.org\/{rel}","templated":true}]}}