{"id":3259,"date":"2015-07-22T17:17:34","date_gmt":"2015-07-22T20:17:34","guid":{"rendered":"https:\/\/ciclovida.ufpr.br\/?p=3259"},"modified":"2015-08-20T17:18:36","modified_gmt":"2015-08-20T20:18:36","slug":"projeto-de-ciclovia-entre-antonina-e-morretes-e-apresentado-a-participantes-da-oficina-uso-da-bicicleta-do-25o-festival-de-inverno-2","status":"publish","type":"post","link":"https:\/\/ciclovida.ufpr.br\/?p=3259","title":{"rendered":"Projeto de ciclovia entre Antonina e Morretes \u00e9 apresentado a participantes da Oficina Uso da Bicicleta do 25\u00ba Festival de Inverno"},"content":{"rendered":"<figure id=\"attachment_3230\" aria-describedby=\"caption-attachment-3230\" style=\"width: 627px\" class=\"wp-caption alignnone\"><a href=\"https:\/\/ciclovida.ufpr.br\/wp-content\/uploads\/2015\/07\/IMG-20150719-WA0001.jpg\"><img loading=\"lazy\" decoding=\"async\" class=\" wp-image-3230\" src=\"https:\/\/ciclovida.ufpr.br\/wp-content\/uploads\/2015\/07\/IMG-20150719-WA0001-1024x768.jpg\" alt=\"Foto:  Let\u00edcia Hoshiguti\" width=\"627\" height=\"470\" srcset=\"https:\/\/ciclovida.ufpr.br\/wp-content\/uploads\/2015\/07\/IMG-20150719-WA0001-1024x768.jpg 1024w, https:\/\/ciclovida.ufpr.br\/wp-content\/uploads\/2015\/07\/IMG-20150719-WA0001-300x225.jpg 300w, https:\/\/ciclovida.ufpr.br\/wp-content\/uploads\/2015\/07\/IMG-20150719-WA0001.jpg 1040w\" sizes=\"auto, (max-width: 627px) 100vw, 627px\" \/><\/a><figcaption id=\"caption-attachment-3230\" class=\"wp-caption-text\">Foto: Let\u00edcia Hoshiguti<\/figcaption><\/figure>\n<p>Participantes da Oficina \u201cProposta para Melhoria do Uso da Bicicleta pela Comunidade Escolar em Antonina\u201d, do 25\u00ba Festival de Inverno da UFPR,estiveram na quarta-feira (15) no Terminal Bar\u00e3o do Teff\u00e9, em Antonina, para conhecer o projeto de ciclovia entre Antonina e Morretes, proposto pela Administra\u00e7\u00e3o dos Portos de Paranagu\u00e1 e Antonina\/ Terminal Ponta do F\u00e9lix.<\/p>\n<p>O projeto prev\u00ea uma extens\u00e3o de 84 quil\u00f4metros de ciclovia, sendo 58,8 quil\u00f4metros passando por Morretes e outros 24,2 quil\u00f4metros por Antonina.<\/p>\n<p>O trajeto beneficiado pela obra parte de dois pontos: a Estrada da Marta, em Morretes, e a BR-277, passando por Antonina (Avenida Tiago Peixoto e Avenida Conde Matarazzo) e Morretes.\u00a0Na cidade de Morretes, a ciclovia passaria por mais de 30 pontos tur\u00edsticos. A estrutura prev\u00ea m\u00f3dulos e pontos de ref\u00fagio com paraciclos, bebedouro e tomada. \u201cTodo o projeto urban\u00edstico e arquitet\u00f4nico foi desenvolvido, evitando \u00e1reas de manobras de caminh\u00f5es e entrada e sa\u00edda de \u00f4nibus e ve\u00edculos de grande porte\u201d, explicou o diretor comercial do Terminal Ponta do F\u00e9lix, C\u00edcero Simi\u00e3o.<\/p>\n<p>Para Jos\u00e9 Carlos Belotto, ministrante da Oficina e coordenador do programa Ciclovida, a ideia de uma ciclovia no trecho em quest\u00e3o \u00e9 muito bem vinda, na medida em que \u00e9 uma necessidade antiga n\u00e3o apenas dos praticantes de ciclismo, mas principalmente dos moradores da regi\u00e3o, que usam a bicicleta como meio de transporte.Diagn\u00f3stico sobre o uso da bicicleta em seis col\u00e9gios da rede p\u00fablica de ensino do munic\u00edpio, feito pelos participantes da Oficina na 24\u00aa edi\u00e7\u00e3o do Festival apontou que 15% das crian\u00e7as de Antonina usam a bicicleta como meio de transporte at\u00e9 a escola, enquanto que a m\u00e9dia nacional \u00e9 de 3%<\/p>\n<p>Belotto, que \u00e9 tamb\u00e9m vice-presidente da Federa\u00e7\u00e3o Paranaense de Ciclismo e integrante da Uni\u00e3o dos Ciclistas do Brasil, acredita que uma ciclovia na regi\u00e3o vem ao encontro tamb\u00e9m da seguran\u00e7a das pessoas que pedalam na BR-277, em Morretes e em Antonina. Mais do que isso: uma ciclovia com estrutura pode ajudar no desenvolvimento de toda a regi\u00e3o, com mais est\u00edmulo ao cicloturismo, o fomento ao com\u00e9rcio, aos restaurantes locais que j\u00e1 percebem a necessidade de atender aos ciclistas.<\/p>\n<p><strong>Aprimoramento do Projeto<\/strong><\/p>\n<p>David Couto, morador de\u00a0Antonina e participante da oficina,Mestre em Sociologia com a disserta\u00e7\u00e3o sobre cicloativismo, ponderou que o projeto apresentado pela Appa precisa se preocupar tamb\u00e9m com a necessidade de as quest\u00f5es econ\u00f4micas e a cultura cicl\u00edstica se aproximem. Nesse sentido, defende que a ciclovia tem que ser integradora da cultura da bicicleta: \u00e9 preciso ter cuidado para que o uso da bicicleta pelos moradores mais simples n\u00e3o reforce o estigma da bicicleta como \u201ctransporte de pobre\u201d.<\/p>\n<p>O vice-coordenador do departamento de Design da UFPR e tamb\u00e9m integrante no programa Ciclovida, Ken Fonseca, ponderou que o projeto dessa ciclovia torna palp\u00e1vel a discuss\u00e3o da mobilidade com o uso da bicicleta no Litoral. Na sua vis\u00e3o, essa discuss\u00e3o propicia a contribui\u00e7\u00f5es de especialistas, ciclistas e da iniciativa privada, que poder\u00e1 investir na execu\u00e7\u00e3o da obra. Especialistas da UFPR &#8211; pesquisadores do N\u00facleo Interdisciplinar de Mobilidade, das \u00e1reas da Psicologia do Tr\u00e2nsito, Design, Pol\u00edticas P\u00fablicas, entre outros &#8211; poderiam contribuir para aprimorar o projeto da obra, or\u00e7ada por alto em R$ 30 milh\u00f5es.<\/p>\n","protected":false},"excerpt":{"rendered":"<p>Participantes da Oficina \u201cProposta para Melhoria do Uso da Bicicleta pela Comunidade Escolar em Antonina\u201d, do 25\u00ba Festival de Inverno da UFPR,estiveram na quarta-feira (15) no Terminal Bar\u00e3o do Teff\u00e9, [&hellip;]<\/p>\n","protected":false},"author":106,"featured_media":0,"comment_status":"open","ping_status":"open","sticky":false,"template":"","format":"standard","meta":{"_uag_custom_page_level_css":"","ngg_post_thumbnail":0,"footnotes":""},"categories":[1],"tags":[],"class_list":["post-3259","post","type-post","status-publish","format-standard","hentry","category-noticias"],"gutentor_comment":0,"featured_image_src":"","featured_image_src_square":false,"author_info":{"display_name":"Alan Palomero","author_link":"https:\/\/ciclovida.ufpr.br\/?author=106"},"rbea_author_info":{"display_name":"Alan Palomero","author_link":"https:\/\/ciclovida.ufpr.br\/?author=106"},"rbea_excerpt_info":"Participantes da Oficina \u201cProposta para Melhoria do Uso da Bicicleta pela Comunidade Escolar em Antonina\u201d, do 25\u00ba Festival de Inverno da UFPR,estiveram na quarta-feira (15) no Terminal Bar\u00e3o do Teff\u00e9, [&hellip;]","category_list":"<a href=\"https:\/\/ciclovida.ufpr.br\/?cat=1\" rel=\"category\">Not\u00edcias<\/a>","comments_num":"0 comments","uagb_featured_image_src":{"full":false,"thumbnail":false,"medium":false,"medium_large":false,"large":false,"1536x1536":false,"2048x2048":false,"post-thumbnail":false,"twentytwenty-fullscreen":false},"uagb_author_info":{"display_name":"Alan Palomero","author_link":"https:\/\/ciclovida.ufpr.br\/?author=106"},"uagb_comment_info":0,"uagb_excerpt":"Participantes da Oficina \u201cProposta para Melhoria do Uso da Bicicleta pela Comunidade Escolar em Antonina\u201d, do 25\u00ba Festival de Inverno da UFPR,estiveram na quarta-feira (15) no Terminal Bar\u00e3o do Teff\u00e9, [&hellip;]","wps_subtitle":"","_links":{"self":[{"href":"https:\/\/ciclovida.ufpr.br\/index.php?rest_route=\/wp\/v2\/posts\/3259","targetHints":{"allow":["GET"]}}],"collection":[{"href":"https:\/\/ciclovida.ufpr.br\/index.php?rest_route=\/wp\/v2\/posts"}],"about":[{"href":"https:\/\/ciclovida.ufpr.br\/index.php?rest_route=\/wp\/v2\/types\/post"}],"author":[{"embeddable":true,"href":"https:\/\/ciclovida.ufpr.br\/index.php?rest_route=\/wp\/v2\/users\/106"}],"replies":[{"embeddable":true,"href":"https:\/\/ciclovida.ufpr.br\/index.php?rest_route=%2Fwp%2Fv2%2Fcomments&post=3259"}],"version-history":[{"count":1,"href":"https:\/\/ciclovida.ufpr.br\/index.php?rest_route=\/wp\/v2\/posts\/3259\/revisions"}],"predecessor-version":[{"id":3260,"href":"https:\/\/ciclovida.ufpr.br\/index.php?rest_route=\/wp\/v2\/posts\/3259\/revisions\/3260"}],"wp:attachment":[{"href":"https:\/\/ciclovida.ufpr.br\/index.php?rest_route=%2Fwp%2Fv2%2Fmedia&parent=3259"}],"wp:term":[{"taxonomy":"category","embeddable":true,"href":"https:\/\/ciclovida.ufpr.br\/index.php?rest_route=%2Fwp%2Fv2%2Fcategories&post=3259"},{"taxonomy":"post_tag","embeddable":true,"href":"https:\/\/ciclovida.ufpr.br\/index.php?rest_route=%2Fwp%2Fv2%2Ftags&post=3259"}],"curies":[{"name":"wp","href":"https:\/\/api.w.org\/{rel}","templated":true}]}}