{"id":3252,"date":"2015-08-20T17:12:01","date_gmt":"2015-08-20T20:12:01","guid":{"rendered":"https:\/\/ciclovida.ufpr.br\/?p=3252"},"modified":"2015-08-20T17:12:01","modified_gmt":"2015-08-20T20:12:01","slug":"convite-para-apresentacao-de-mestrado-programa-ciclovida-como-politica-de-mobilidade-urbana-sustentavel","status":"publish","type":"post","link":"https:\/\/ciclovida.ufpr.br\/?p=3252","title":{"rendered":"Convite para apresenta\u00e7\u00e3o de mestrado &#8220;Programa Ciclovida como pol\u00edtica de mobilidade urbana sustent\u00e1vel&#8221;"},"content":{"rendered":"<p><a href=\"https:\/\/ciclovida.ufpr.br\/wp-content\/uploads\/2015\/08\/CONVITE-page-001.jpg\"><img loading=\"lazy\" decoding=\"async\" class=\"alignnone  wp-image-3253\" src=\"https:\/\/ciclovida.ufpr.br\/wp-content\/uploads\/2015\/08\/CONVITE-page-001-1024x768.jpg\" alt=\"CONVITE-page-001\" width=\"636\" height=\"477\" srcset=\"https:\/\/ciclovida.ufpr.br\/wp-content\/uploads\/2015\/08\/CONVITE-page-001-1024x768.jpg 1024w, https:\/\/ciclovida.ufpr.br\/wp-content\/uploads\/2015\/08\/CONVITE-page-001-300x225.jpg 300w, https:\/\/ciclovida.ufpr.br\/wp-content\/uploads\/2015\/08\/CONVITE-page-001.jpg 1500w\" sizes=\"auto, (max-width: 636px) 100vw, 636px\" \/><\/a><\/p>\n<p>&nbsp;<\/p>\n<p>Acontece no dia 01\/09 a defesa p\u00fablica da disserta\u00e7\u00e3o do Mestrado em Planejamento e Governan\u00e7a P\u00fablica da Universidade Tecnol\u00f3gica Federal do Paran\u00e1 (UTFPR) de Silvana Nakamori, sob orienta\u00e7\u00e3o do Prof. Dr. Ant\u00f4nio Gon\u00e7alves de Oliveira, que tem como tema &#8220;Programa Ciclovida como pol\u00edtica de mobilidade urbana sustent\u00e1vel:Estudo emp\u00edrico na Universidade Federal do Paran\u00e1&#8221;.<\/p>\n<p>O evento ocorre a partir das 17h, no mini-audit\u00f3rio da UTFPR, sede centro.<br \/>\nEndere\u00e7o: Av. Sete de Setembro, 3165<\/p>\n","protected":false},"excerpt":{"rendered":"<p>&nbsp; Acontece no dia 01\/09 a defesa p\u00fablica da disserta\u00e7\u00e3o do Mestrado em Planejamento e Governan\u00e7a P\u00fablica da Universidade Tecnol\u00f3gica Federal do Paran\u00e1 (UTFPR) de Silvana Nakamori, sob orienta\u00e7\u00e3o do [&hellip;]<\/p>\n","protected":false},"author":106,"featured_media":0,"comment_status":"open","ping_status":"open","sticky":false,"template":"","format":"standard","meta":{"_uag_custom_page_level_css":"","ngg_post_thumbnail":0,"footnotes":""},"categories":[6,1],"tags":[],"class_list":["post-3252","post","type-post","status-publish","format-standard","hentry","category-eventos","category-noticias"],"gutentor_comment":0,"featured_image_src":"","featured_image_src_square":false,"author_info":{"display_name":"Alan Palomero","author_link":"https:\/\/ciclovida.ufpr.br\/?author=106"},"rbea_author_info":{"display_name":"Alan Palomero","author_link":"https:\/\/ciclovida.ufpr.br\/?author=106"},"rbea_excerpt_info":"&nbsp; Acontece no dia 01\/09 a defesa p\u00fablica da disserta\u00e7\u00e3o do Mestrado em Planejamento e Governan\u00e7a P\u00fablica da Universidade Tecnol\u00f3gica Federal do Paran\u00e1 (UTFPR) de Silvana Nakamori, sob orienta\u00e7\u00e3o do [&hellip;]","category_list":"<a href=\"https:\/\/ciclovida.ufpr.br\/?cat=6\" rel=\"category\">Eventos<\/a>, <a href=\"https:\/\/ciclovida.ufpr.br\/?cat=1\" rel=\"category\">Not\u00edcias<\/a>","comments_num":"0 comments","uagb_featured_image_src":{"full":false,"thumbnail":false,"medium":false,"medium_large":false,"large":false,"1536x1536":false,"2048x2048":false,"post-thumbnail":false,"twentytwenty-fullscreen":false},"uagb_author_info":{"display_name":"Alan Palomero","author_link":"https:\/\/ciclovida.ufpr.br\/?author=106"},"uagb_comment_info":0,"uagb_excerpt":"&nbsp; Acontece no dia 01\/09 a defesa p\u00fablica da disserta\u00e7\u00e3o do Mestrado em Planejamento e Governan\u00e7a P\u00fablica da Universidade Tecnol\u00f3gica Federal do Paran\u00e1 (UTFPR) de Silvana Nakamori, sob orienta\u00e7\u00e3o do [&hellip;]","wps_subtitle":"","_links":{"self":[{"href":"https:\/\/ciclovida.ufpr.br\/index.php?rest_route=\/wp\/v2\/posts\/3252","targetHints":{"allow":["GET"]}}],"collection":[{"href":"https:\/\/ciclovida.ufpr.br\/index.php?rest_route=\/wp\/v2\/posts"}],"about":[{"href":"https:\/\/ciclovida.ufpr.br\/index.php?rest_route=\/wp\/v2\/types\/post"}],"author":[{"embeddable":true,"href":"https:\/\/ciclovida.ufpr.br\/index.php?rest_route=\/wp\/v2\/users\/106"}],"replies":[{"embeddable":true,"href":"https:\/\/ciclovida.ufpr.br\/index.php?rest_route=%2Fwp%2Fv2%2Fcomments&post=3252"}],"version-history":[{"count":1,"href":"https:\/\/ciclovida.ufpr.br\/index.php?rest_route=\/wp\/v2\/posts\/3252\/revisions"}],"predecessor-version":[{"id":3254,"href":"https:\/\/ciclovida.ufpr.br\/index.php?rest_route=\/wp\/v2\/posts\/3252\/revisions\/3254"}],"wp:attachment":[{"href":"https:\/\/ciclovida.ufpr.br\/index.php?rest_route=%2Fwp%2Fv2%2Fmedia&parent=3252"}],"wp:term":[{"taxonomy":"category","embeddable":true,"href":"https:\/\/ciclovida.ufpr.br\/index.php?rest_route=%2Fwp%2Fv2%2Fcategories&post=3252"},{"taxonomy":"post_tag","embeddable":true,"href":"https:\/\/ciclovida.ufpr.br\/index.php?rest_route=%2Fwp%2Fv2%2Ftags&post=3252"}],"curies":[{"name":"wp","href":"https:\/\/api.w.org\/{rel}","templated":true}]}}