{"id":3239,"date":"2015-08-20T16:31:42","date_gmt":"2015-08-20T19:31:42","guid":{"rendered":"https:\/\/ciclovida.ufpr.br\/?p=3239"},"modified":"2015-08-20T17:14:05","modified_gmt":"2015-08-20T20:14:05","slug":"mais-que-um-leao-por-dia-narra-a-pedalada-de-12-mil-km-de-um-brasileiro-na-africa","status":"publish","type":"post","link":"https:\/\/ciclovida.ufpr.br\/?p=3239","title":{"rendered":"&#8220;Mais que um Le\u00e3o por Dia&#8221; narra a pedalada de 12 mil km de um brasileiro na \u00c1frica"},"content":{"rendered":"<p><a href=\"https:\/\/ciclovida.ufpr.br\/wp-content\/uploads\/2015\/08\/download.png\"><img loading=\"lazy\" decoding=\"async\" class=\"alignnone size-full wp-image-3240\" src=\"https:\/\/ciclovida.ufpr.br\/wp-content\/uploads\/2015\/08\/download.png\" alt=\"download\" width=\"370\" height=\"552\" srcset=\"https:\/\/ciclovida.ufpr.br\/wp-content\/uploads\/2015\/08\/download.png 370w, https:\/\/ciclovida.ufpr.br\/wp-content\/uploads\/2015\/08\/download-201x300.png 201w\" sizes=\"auto, (max-width: 370px) 100vw, 370px\" \/><\/a><\/p>\n<p>Lan\u00e7ado em junho desse ano, o livro &#8220;Mais que um Le\u00e3o por Dia&#8221; do\u00a0jornalista Alexandre Costa Nascimento \u00e9 a narrativa de uma aventura de 12 mil quil\u00f4metros. Durante a\u00a0viagem, Alexandre tornou-se o primeiro brasileiro a participar do\u00a0\u201cTour d\u2019Afrique\u201d, expedi\u00e7\u00e3o que atrai ciclistas do mundo todo, que tem em comum o desafio de percorrerem os 12 mil quil\u00f4metros que separam o Cairo, no Egito, da Cidade do Cabo, na \u00c1frica do Sul.<\/p>\n<p>O livro \u00e9 uma narrativa da aventura, que durou 4 meses, e \u00e9 ilustrado com mais de 450 fotos.<\/p>\n<p>No link abaixo est\u00e1 dispon\u00edvel um mapa da viagem, com as fotos que ilustram o livro:<br \/>\n<a href=\"http:\/\/blog.nossacultura.com.br\/album\/\">http:\/\/blog.nossacultura.com.br\/album\/<\/a><\/p>\n<p>O livro custa R$46,50 e pode ser comprado aqui:<br \/>\n<a href=\"http:\/\/www.nossacultura.com.br\/mais-que-um-leao-por-dia.html\">http:\/\/www.nossacultura.com.br\/mais-que-um-leao-por-dia.html<\/a><\/p>\n","protected":false},"excerpt":{"rendered":"<p>Lan\u00e7ado em junho desse ano, o livro &#8220;Mais que um Le\u00e3o por Dia&#8221; do\u00a0jornalista Alexandre Costa Nascimento \u00e9 a narrativa de uma aventura de 12 mil quil\u00f4metros. Durante a\u00a0viagem, Alexandre [&hellip;]<\/p>\n","protected":false},"author":106,"featured_media":0,"comment_status":"open","ping_status":"open","sticky":false,"template":"","format":"standard","meta":{"_uag_custom_page_level_css":"","ngg_post_thumbnail":0,"footnotes":""},"categories":[5,1],"tags":[],"class_list":["post-3239","post","type-post","status-publish","format-standard","hentry","category-biblioteca","category-noticias"],"gutentor_comment":1,"featured_image_src":"","featured_image_src_square":false,"author_info":{"display_name":"Alan Palomero","author_link":"https:\/\/ciclovida.ufpr.br\/?author=106"},"rbea_author_info":{"display_name":"Alan Palomero","author_link":"https:\/\/ciclovida.ufpr.br\/?author=106"},"rbea_excerpt_info":"Lan\u00e7ado em junho desse ano, o livro &#8220;Mais que um Le\u00e3o por Dia&#8221; do\u00a0jornalista Alexandre Costa Nascimento \u00e9 a narrativa de uma aventura de 12 mil quil\u00f4metros. Durante a\u00a0viagem, Alexandre [&hellip;]","category_list":"<a href=\"https:\/\/ciclovida.ufpr.br\/?cat=5\" rel=\"category\">Biblioteca<\/a>, <a href=\"https:\/\/ciclovida.ufpr.br\/?cat=1\" rel=\"category\">Not\u00edcias<\/a>","comments_num":"0 comments","uagb_featured_image_src":{"full":false,"thumbnail":false,"medium":false,"medium_large":false,"large":false,"1536x1536":false,"2048x2048":false,"post-thumbnail":false,"twentytwenty-fullscreen":false},"uagb_author_info":{"display_name":"Alan Palomero","author_link":"https:\/\/ciclovida.ufpr.br\/?author=106"},"uagb_comment_info":1,"uagb_excerpt":"Lan\u00e7ado em junho desse ano, o livro &#8220;Mais que um Le\u00e3o por Dia&#8221; do\u00a0jornalista Alexandre Costa Nascimento \u00e9 a narrativa de uma aventura de 12 mil quil\u00f4metros. Durante a\u00a0viagem, Alexandre [&hellip;]","wps_subtitle":"","_links":{"self":[{"href":"https:\/\/ciclovida.ufpr.br\/index.php?rest_route=\/wp\/v2\/posts\/3239","targetHints":{"allow":["GET"]}}],"collection":[{"href":"https:\/\/ciclovida.ufpr.br\/index.php?rest_route=\/wp\/v2\/posts"}],"about":[{"href":"https:\/\/ciclovida.ufpr.br\/index.php?rest_route=\/wp\/v2\/types\/post"}],"author":[{"embeddable":true,"href":"https:\/\/ciclovida.ufpr.br\/index.php?rest_route=\/wp\/v2\/users\/106"}],"replies":[{"embeddable":true,"href":"https:\/\/ciclovida.ufpr.br\/index.php?rest_route=%2Fwp%2Fv2%2Fcomments&post=3239"}],"version-history":[{"count":4,"href":"https:\/\/ciclovida.ufpr.br\/index.php?rest_route=\/wp\/v2\/posts\/3239\/revisions"}],"predecessor-version":[{"id":3255,"href":"https:\/\/ciclovida.ufpr.br\/index.php?rest_route=\/wp\/v2\/posts\/3239\/revisions\/3255"}],"wp:attachment":[{"href":"https:\/\/ciclovida.ufpr.br\/index.php?rest_route=%2Fwp%2Fv2%2Fmedia&parent=3239"}],"wp:term":[{"taxonomy":"category","embeddable":true,"href":"https:\/\/ciclovida.ufpr.br\/index.php?rest_route=%2Fwp%2Fv2%2Fcategories&post=3239"},{"taxonomy":"post_tag","embeddable":true,"href":"https:\/\/ciclovida.ufpr.br\/index.php?rest_route=%2Fwp%2Fv2%2Ftags&post=3239"}],"curies":[{"name":"wp","href":"https:\/\/api.w.org\/{rel}","templated":true}]}}