{"id":3235,"date":"2015-08-20T16:15:18","date_gmt":"2015-08-20T19:15:18","guid":{"rendered":"https:\/\/ciclovida.ufpr.br\/?p=3235"},"modified":"2015-08-20T17:14:46","modified_gmt":"2015-08-20T20:14:46","slug":"paris-pretende-se-tornar-a-nova-capital-mundial-do-ciclismo-urbano","status":"publish","type":"post","link":"https:\/\/ciclovida.ufpr.br\/?p=3235","title":{"rendered":"Paris pretende se tornar a nova capital mundial do ciclismo urbano"},"content":{"rendered":"<figure id=\"attachment_3236\" aria-describedby=\"caption-attachment-3236\" style=\"width: 528px\" class=\"wp-caption alignnone\"><a href=\"https:\/\/ciclovida.ufpr.br\/wp-content\/uploads\/2015\/08\/plan-bicicletas-2015-2020-paris-528x378.jpg\"><img loading=\"lazy\" decoding=\"async\" class=\"wp-image-3236 size-full\" src=\"https:\/\/ciclovida.ufpr.br\/wp-content\/uploads\/2015\/08\/plan-bicicletas-2015-2020-paris-528x378.jpg\" alt=\"\u00a9 Plano de Bicicletas 2015-2020 para Paris. Fonte: Prefeitura de Paris\" width=\"528\" height=\"378\" srcset=\"https:\/\/ciclovida.ufpr.br\/wp-content\/uploads\/2015\/08\/plan-bicicletas-2015-2020-paris-528x378.jpg 528w, https:\/\/ciclovida.ufpr.br\/wp-content\/uploads\/2015\/08\/plan-bicicletas-2015-2020-paris-528x378-300x215.jpg 300w\" sizes=\"auto, (max-width: 528px) 100vw, 528px\" \/><\/a><figcaption id=\"caption-attachment-3236\" class=\"wp-caption-text\">\u00a9 Plano de Bicicletas 2015-2020 para Paris. Fonte: Prefeitura de Paris<\/figcaption><\/figure>\n<p>Duplicar a quantidade de ciclovias na cidade, estabelecer uma rede expressa, criar um fundo econ\u00f4mico de aux\u00edlio para a compra de uma <a href=\"http:\/\/www.archdaily.com.br\/br\/tag\/bicicleta\">bicicleta<\/a> e construir 10 mil novas vagas de estacionamento para bicicletas s\u00e3o algumas das medidas do <strong>Plano de Bicicletas 2015-2010<\/strong> apresentado recentemente pela Prefeitura de Paris e que pretende transformar a cidade na &#8220;capital mundial do ciclismo&#8221;.<\/p>\n<p>Embora hoje em dia esse &#8220;t\u00edtulo&#8221; seja atribu\u00eddo \u00e0quelas cidades em que mais da metade dos habitantes se desloca de <a href=\"http:\/\/www.archdaily.com.br\/br\/tag\/bicicleta\">bicicleta<\/a>, como Amsterd\u00e3 e Copenhague, um dos objetivos do plano parisiense \u00e9 que a quantidade de pessoas que usam diariamente a <a href=\"http:\/\/www.archdaily.com.br\/br\/tag\/bicicleta\">bicicleta<\/a>passe de 5% para 15% da popula\u00e7\u00e3o at\u00e9 2020.<\/p>\n<p><strong>O que o plano oferece ao ciclistas de Paris?<\/strong><\/p>\n<p>Antes da divulga\u00e7\u00e3o desse plano, o munic\u00edpio realizou uma consulta com os cidad\u00e3os para saber quais s\u00e3o as expectativas sobre o uso da <a href=\"http:\/\/www.archdaily.com.br\/br\/tag\/bicicleta\">bicicleta<\/a> como meio de transporte.<\/p>\n<p>Dessa enquete, realizada em outubro do ano passado, participaram 7 mil pessoas, que apontaram para a necessidade de maior seguran\u00e7a nos percursos sobre duas rodas, segundo informa o secret\u00e1rio de Transporte e Espa\u00e7o P\u00fablico de Paris, Christophe Najdovski.<\/p>\n<p>Ap\u00f3s a conclus\u00e3o dessa etapa, o plano come\u00e7ou a tomar forma, recebendo a inje\u00e7\u00e3o de 150 milh\u00f5es de euros.<\/p>\n<p><strong>Infraestrutura\u00a0<\/strong><\/p>\n<p>Entre as iniciativas propostas est\u00e1 a duplica\u00e7\u00e3o da quantidade de ciclovias na cidade, passando de 700km a 1.400 km em apenas cinco anos. Essa medida, que prop\u00f5e os novos trechos segregados dos autom\u00f3veis, ser\u00e1 complementada com a expans\u00e3o do programa <a href=\"http:\/\/www.plataformaurbana.cl\/archive\/2014\/05\/22\/zonas-30-y-zonas-de-encuentro-cubriran-casi-todo-paris\/\" target=\"_blank\"><strong>\u201cPar\u00eds 30 km\/h\u201d<\/strong>,<\/a> que pretende estabelecer regi\u00f5es onde os autom\u00f3veis s\u00f3 podem trafegar a, no m\u00e1ximo, 30km\/h.<\/p>\n<p>Soma-se a isso a mudan\u00e7a dos sem\u00e1foros para ciclistas, que, em Zonas 30, permitir\u00e1 que estes virem \u00e0 direita mesmo com o sinal vermelho, desde que respeitem a prefer\u00eancia dos pedestres.<\/p>\n<p>Tamb\u00e9m ser\u00e3o implementadas mais <strong>bici-boxes <\/strong>nos cruzamentos, isto \u00e9, \u00e1reas definidas para que os ciclistas tenham maior visibilidade enquando estiverem esperando o sem\u00e1foro abrir.<\/p>\n<p>Uma das iniciativas mais abrangentes do plano \u00e9 a constru\u00e7\u00e3o da denominada Rede Expressa que prev\u00ea a constru\u00e7\u00e3o de 80 quil\u00f4metros de ciclovias que conectar\u00e3o a cidade nos sentidos norte-sul, leste-oeste e adjacente ao rio Sena.<\/p>\n<p><strong>Cultura ciclista e estacionamentos<\/strong><\/p>\n<p>Uma nova estrat\u00e9gia que a prefeitura colocar\u00e1 \u00e0 prova com o objetivo de fomentar a cultura ciclista na cidade \u00e9 a cria\u00e7\u00e3o de novos locais voltados para o uso da <a href=\"http:\/\/www.archdaily.com.br\/br\/tag\/bicicleta\">bicicleta<\/a>, como centros de aprendizagem e oficinas para reparos mec\u00e2nicos.<\/p>\n<p>Por ouro lado, ser\u00e1 destinado um fundo de 10 milh\u00f5es de euros para ajudar financeiramente aqueles que queiram comprar uma <a href=\"http:\/\/www.archdaily.com.br\/br\/tag\/bicicleta\">bicicleta<\/a>, comum ou el\u00e9trica, e n\u00e3o contem com recursos pr\u00f3prios.<\/p>\n<p>Em rela\u00e7\u00e3o aos estacionamentos, a meta \u00e9 que em 2020 existam 10 mil novas vagas para bicicletas. Embora o estudo de demanda n\u00e3o tenha estabelecido os locais exatos desses novos estacionamentos, a ideia da prefeitura \u00e9 constru\u00ed-los nas proximidades das esta\u00e7\u00f5es de trem, metr\u00f4 e nas ruas.<\/p>\n<p><em>Fontes: <a href=\"http:\/\/www.paris.fr\/\" target=\"_blank\">Prefeitura de Paris<\/a>,\u00a0<a href=\"http:\/\/www.citylab.com\/\" target=\"_blank\">CityLab<\/a> e <a href=\"http:\/\/www.lefigaro.fr\/\" target=\"_blank\">Le Figaro<\/a>.<\/em><\/p>\n<p>Publicado originalmente em:<br \/>\n<a href=\"http:\/\/www.archdaily.com.br\/br\/766400\/paris-pretende-se-tornar-a-nova-capital-mundial-do-ciclismo-urbano\">http:\/\/www.archdaily.com.br\/br\/766400\/paris-pretende-se-tornar-a-nova-capital-mundial-do-ciclismo-urbano<\/a><\/p>\n","protected":false},"excerpt":{"rendered":"<p>Duplicar a quantidade de ciclovias na cidade, estabelecer uma rede expressa, criar um fundo econ\u00f4mico de aux\u00edlio para a compra de uma bicicleta e construir 10 mil novas vagas de [&hellip;]<\/p>\n","protected":false},"author":106,"featured_media":0,"comment_status":"open","ping_status":"open","sticky":false,"template":"","format":"standard","meta":{"_uag_custom_page_level_css":"","ngg_post_thumbnail":0,"footnotes":""},"categories":[1],"tags":[],"class_list":["post-3235","post","type-post","status-publish","format-standard","hentry","category-noticias"],"gutentor_comment":0,"featured_image_src":"","featured_image_src_square":false,"author_info":{"display_name":"Alan Palomero","author_link":"https:\/\/ciclovida.ufpr.br\/?author=106"},"rbea_author_info":{"display_name":"Alan Palomero","author_link":"https:\/\/ciclovida.ufpr.br\/?author=106"},"rbea_excerpt_info":"Duplicar a quantidade de ciclovias na cidade, estabelecer uma rede expressa, criar um fundo econ\u00f4mico de aux\u00edlio para a compra de uma bicicleta e construir 10 mil novas vagas de [&hellip;]","category_list":"<a href=\"https:\/\/ciclovida.ufpr.br\/?cat=1\" rel=\"category\">Not\u00edcias<\/a>","comments_num":"0 comments","uagb_featured_image_src":{"full":false,"thumbnail":false,"medium":false,"medium_large":false,"large":false,"1536x1536":false,"2048x2048":false,"post-thumbnail":false,"twentytwenty-fullscreen":false},"uagb_author_info":{"display_name":"Alan Palomero","author_link":"https:\/\/ciclovida.ufpr.br\/?author=106"},"uagb_comment_info":0,"uagb_excerpt":"Duplicar a quantidade de ciclovias na cidade, estabelecer uma rede expressa, criar um fundo econ\u00f4mico de aux\u00edlio para a compra de uma bicicleta e construir 10 mil novas vagas de [&hellip;]","wps_subtitle":"","_links":{"self":[{"href":"https:\/\/ciclovida.ufpr.br\/index.php?rest_route=\/wp\/v2\/posts\/3235","targetHints":{"allow":["GET"]}}],"collection":[{"href":"https:\/\/ciclovida.ufpr.br\/index.php?rest_route=\/wp\/v2\/posts"}],"about":[{"href":"https:\/\/ciclovida.ufpr.br\/index.php?rest_route=\/wp\/v2\/types\/post"}],"author":[{"embeddable":true,"href":"https:\/\/ciclovida.ufpr.br\/index.php?rest_route=\/wp\/v2\/users\/106"}],"replies":[{"embeddable":true,"href":"https:\/\/ciclovida.ufpr.br\/index.php?rest_route=%2Fwp%2Fv2%2Fcomments&post=3235"}],"version-history":[{"count":4,"href":"https:\/\/ciclovida.ufpr.br\/index.php?rest_route=\/wp\/v2\/posts\/3235\/revisions"}],"predecessor-version":[{"id":3257,"href":"https:\/\/ciclovida.ufpr.br\/index.php?rest_route=\/wp\/v2\/posts\/3235\/revisions\/3257"}],"wp:attachment":[{"href":"https:\/\/ciclovida.ufpr.br\/index.php?rest_route=%2Fwp%2Fv2%2Fmedia&parent=3235"}],"wp:term":[{"taxonomy":"category","embeddable":true,"href":"https:\/\/ciclovida.ufpr.br\/index.php?rest_route=%2Fwp%2Fv2%2Fcategories&post=3235"},{"taxonomy":"post_tag","embeddable":true,"href":"https:\/\/ciclovida.ufpr.br\/index.php?rest_route=%2Fwp%2Fv2%2Ftags&post=3235"}],"curies":[{"name":"wp","href":"https:\/\/api.w.org\/{rel}","templated":true}]}}