{"id":3226,"date":"2015-07-22T11:34:32","date_gmt":"2015-07-22T14:34:32","guid":{"rendered":"https:\/\/ciclovida.ufpr.br\/?p=3226"},"modified":"2015-07-22T11:34:32","modified_gmt":"2015-07-22T14:34:32","slug":"apae-recebe-alimentos-arrecadados-pelo-ciclovida","status":"publish","type":"post","link":"https:\/\/ciclovida.ufpr.br\/?p=3226","title":{"rendered":"Apae recebe alimentos arrecadados pelo Ciclovida"},"content":{"rendered":"<p><a href=\"https:\/\/ciclovida.ufpr.br\/wp-content\/uploads\/2015\/07\/Apae-doa\u00e7\u00e3o.jpg\"><img loading=\"lazy\" decoding=\"async\" class=\"alignnone size-full wp-image-3227\" src=\"https:\/\/ciclovida.ufpr.br\/wp-content\/uploads\/2015\/07\/Apae-doa\u00e7\u00e3o.jpg\" alt=\"Apae-doa\u00e7\u00e3o\" width=\"448\" height=\"336\" srcset=\"https:\/\/ciclovida.ufpr.br\/wp-content\/uploads\/2015\/07\/Apae-doa\u00e7\u00e3o.jpg 448w, https:\/\/ciclovida.ufpr.br\/wp-content\/uploads\/2015\/07\/Apae-doa\u00e7\u00e3o-300x225.jpg 300w\" sizes=\"auto, (max-width: 448px) 100vw, 448px\" \/><\/a><\/p>\n<p>Mais de 100 kg de alimentos n\u00e3o perec\u00edveis, arrecadados durante a Etapa de Cicloturismo Especial do 25\u00ba Festival de Inverno da UFPR, foram entregues \u00e0 Apae de Antonina na manh\u00e3 desta\u00a0quinta-feira (16). As doa\u00e7\u00f5es eram uma contrapartida para a participa\u00e7\u00e3o na pedalada, que ocorreu no \u00faltimo\u00a0domingo\u00a0(12), entre Curitiba e Antonina, e integram o projeto Ciclovida da UFPR.<\/p>\n<p>De acordo com a pr\u00f3-reitora de Extens\u00e3o e Cultura, Deise Cristina de Lima Pican\u00e7o, a a\u00e7\u00e3o, que ocorreu pelo segundo ano consecutivo, traz uma importante ajuda \u00e0 Apae e mostra o envolvimento da universidade nas quest\u00f5es sociais.<\/p>\n<p>\u201cEmbora seja uma insitui\u00e7\u00e3o parceira dos governos estadual e municipal, a Apae precisa do apoio da comunidade para sobreviver e cuidar melhor dos alunos, principalmente em um momento de crise econ\u00f4mica. Essa doa\u00e7\u00e3o \u00e9 uma grande ajuda para os trabalhos da escola, que contribui para a sa\u00fade e para o bom aprendizado dos alunos\u201d.<\/p>\n<p>Uma das diretoras da Apae, Sueli Nascimento, comemorou a chegada dos alimentos. \u201cEstamos em um momento dif\u00edcil, em que a merenda que veio para os alunos n\u00e3o \u00e9 suficiente. Essa doa\u00e7\u00e3o \u00e9 uma grande ajuda para o desenvolvimento das atividades\u201d, disse.<\/p>\n<p>Por Marcos Martins<\/p>\n<p>Publicado originalmente em:\u00a0http:\/\/www.ufpr.br\/portalufpr\/blog\/noticias\/apae-recebe-alimentos-arrecadados-pelo-ciclovida\/<\/p>\n","protected":false},"excerpt":{"rendered":"<p>Mais de 100 kg de alimentos n\u00e3o perec\u00edveis, arrecadados durante a Etapa de Cicloturismo Especial do 25\u00ba Festival de Inverno da UFPR, foram entregues \u00e0 Apae de Antonina na manh\u00e3 [&hellip;]<\/p>\n","protected":false},"author":106,"featured_media":0,"comment_status":"open","ping_status":"open","sticky":false,"template":"","format":"standard","meta":{"_uag_custom_page_level_css":"","ngg_post_thumbnail":0,"footnotes":""},"categories":[6,1],"tags":[],"class_list":["post-3226","post","type-post","status-publish","format-standard","hentry","category-eventos","category-noticias"],"gutentor_comment":0,"featured_image_src":"","featured_image_src_square":false,"author_info":{"display_name":"Alan Palomero","author_link":"https:\/\/ciclovida.ufpr.br\/?author=106"},"rbea_author_info":{"display_name":"Alan Palomero","author_link":"https:\/\/ciclovida.ufpr.br\/?author=106"},"rbea_excerpt_info":"Mais de 100 kg de alimentos n\u00e3o perec\u00edveis, arrecadados durante a Etapa de Cicloturismo Especial do 25\u00ba Festival de Inverno da UFPR, foram entregues \u00e0 Apae de Antonina na manh\u00e3 [&hellip;]","category_list":"<a href=\"https:\/\/ciclovida.ufpr.br\/?cat=6\" rel=\"category\">Eventos<\/a>, <a href=\"https:\/\/ciclovida.ufpr.br\/?cat=1\" rel=\"category\">Not\u00edcias<\/a>","comments_num":"0 comments","uagb_featured_image_src":{"full":false,"thumbnail":false,"medium":false,"medium_large":false,"large":false,"1536x1536":false,"2048x2048":false,"post-thumbnail":false,"twentytwenty-fullscreen":false},"uagb_author_info":{"display_name":"Alan Palomero","author_link":"https:\/\/ciclovida.ufpr.br\/?author=106"},"uagb_comment_info":0,"uagb_excerpt":"Mais de 100 kg de alimentos n\u00e3o perec\u00edveis, arrecadados durante a Etapa de Cicloturismo Especial do 25\u00ba Festival de Inverno da UFPR, foram entregues \u00e0 Apae de Antonina na manh\u00e3 [&hellip;]","wps_subtitle":"","_links":{"self":[{"href":"https:\/\/ciclovida.ufpr.br\/index.php?rest_route=\/wp\/v2\/posts\/3226","targetHints":{"allow":["GET"]}}],"collection":[{"href":"https:\/\/ciclovida.ufpr.br\/index.php?rest_route=\/wp\/v2\/posts"}],"about":[{"href":"https:\/\/ciclovida.ufpr.br\/index.php?rest_route=\/wp\/v2\/types\/post"}],"author":[{"embeddable":true,"href":"https:\/\/ciclovida.ufpr.br\/index.php?rest_route=\/wp\/v2\/users\/106"}],"replies":[{"embeddable":true,"href":"https:\/\/ciclovida.ufpr.br\/index.php?rest_route=%2Fwp%2Fv2%2Fcomments&post=3226"}],"version-history":[{"count":1,"href":"https:\/\/ciclovida.ufpr.br\/index.php?rest_route=\/wp\/v2\/posts\/3226\/revisions"}],"predecessor-version":[{"id":3228,"href":"https:\/\/ciclovida.ufpr.br\/index.php?rest_route=\/wp\/v2\/posts\/3226\/revisions\/3228"}],"wp:attachment":[{"href":"https:\/\/ciclovida.ufpr.br\/index.php?rest_route=%2Fwp%2Fv2%2Fmedia&parent=3226"}],"wp:term":[{"taxonomy":"category","embeddable":true,"href":"https:\/\/ciclovida.ufpr.br\/index.php?rest_route=%2Fwp%2Fv2%2Fcategories&post=3226"},{"taxonomy":"post_tag","embeddable":true,"href":"https:\/\/ciclovida.ufpr.br\/index.php?rest_route=%2Fwp%2Fv2%2Ftags&post=3226"}],"curies":[{"name":"wp","href":"https:\/\/api.w.org\/{rel}","templated":true}]}}