{"id":3194,"date":"2015-07-10T22:12:50","date_gmt":"2015-07-11T01:12:50","guid":{"rendered":"https:\/\/ciclovida.ufpr.br\/?p=3194"},"modified":"2015-07-10T22:13:56","modified_gmt":"2015-07-11T01:13:56","slug":"aviso-sobre-a-pedalada-p-antonina","status":"publish","type":"post","link":"https:\/\/ciclovida.ufpr.br\/?p=3194","title":{"rendered":"AVISO SOBRE A PEDALADA P\/ ANTONINA"},"content":{"rendered":"<p><a href=\"https:\/\/ciclovida.ufpr.br\/wp-content\/uploads\/2015\/07\/1601508_513624442088386_1746948266_n.jpg\"><img loading=\"lazy\" decoding=\"async\" class=\"alignnone size-full wp-image-3195\" src=\"https:\/\/ciclovida.ufpr.br\/wp-content\/uploads\/2015\/07\/1601508_513624442088386_1746948266_n.jpg\" alt=\"1601508_513624442088386_1746948266_n\" width=\"533\" height=\"800\" srcset=\"https:\/\/ciclovida.ufpr.br\/wp-content\/uploads\/2015\/07\/1601508_513624442088386_1746948266_n.jpg 533w, https:\/\/ciclovida.ufpr.br\/wp-content\/uploads\/2015\/07\/1601508_513624442088386_1746948266_n-200x300.jpg 200w\" sizes=\"auto, (max-width: 533px) 100vw, 533px\" \/><\/a><\/p>\n<p>Foto: Danel Castellano<\/p>\n<p>Como a previs\u00e3o \u00e9 de chuva para o final de semana, a pedalada de cicloturismo at\u00e9 Antonina permanece em estado de alerta. Caso a previs\u00e3o venha a se confirmar e chova no domingo (12), a pedalada N\u00c3O OCORRER\u00c1.<br \/>\nPara mais informa\u00e7\u00f5es, conversar com o coordenador e respons\u00e1vel, Jos\u00e9 Carlos Belotto: Tel 041 99264096<\/p>\n","protected":false},"excerpt":{"rendered":"<p>Foto: Danel Castellano Como a previs\u00e3o \u00e9 de chuva para o final de semana, a pedalada de cicloturismo at\u00e9 Antonina permanece em estado de alerta. Caso a previs\u00e3o venha a [&hellip;]<\/p>\n","protected":false},"author":106,"featured_media":0,"comment_status":"open","ping_status":"open","sticky":false,"template":"","format":"standard","meta":{"_uag_custom_page_level_css":"","ngg_post_thumbnail":0,"footnotes":""},"categories":[6,1,9],"tags":[],"class_list":["post-3194","post","type-post","status-publish","format-standard","hentry","category-eventos","category-noticias","category-utilitarios"],"gutentor_comment":0,"featured_image_src":"","featured_image_src_square":false,"author_info":{"display_name":"Alan Palomero","author_link":"https:\/\/ciclovida.ufpr.br\/?author=106"},"rbea_author_info":{"display_name":"Alan Palomero","author_link":"https:\/\/ciclovida.ufpr.br\/?author=106"},"rbea_excerpt_info":"Foto: Danel Castellano Como a previs\u00e3o \u00e9 de chuva para o final de semana, a pedalada de cicloturismo at\u00e9 Antonina permanece em estado de alerta. Caso a previs\u00e3o venha a [&hellip;]","category_list":"<a href=\"https:\/\/ciclovida.ufpr.br\/?cat=6\" rel=\"category\">Eventos<\/a>, <a href=\"https:\/\/ciclovida.ufpr.br\/?cat=1\" rel=\"category\">Not\u00edcias<\/a>, <a href=\"https:\/\/ciclovida.ufpr.br\/?cat=9\" rel=\"category\">Utilit\u00e1rios<\/a>","comments_num":"0 comments","uagb_featured_image_src":{"full":false,"thumbnail":false,"medium":false,"medium_large":false,"large":false,"1536x1536":false,"2048x2048":false,"post-thumbnail":false,"twentytwenty-fullscreen":false},"uagb_author_info":{"display_name":"Alan Palomero","author_link":"https:\/\/ciclovida.ufpr.br\/?author=106"},"uagb_comment_info":0,"uagb_excerpt":"Foto: Danel Castellano Como a previs\u00e3o \u00e9 de chuva para o final de semana, a pedalada de cicloturismo at\u00e9 Antonina permanece em estado de alerta. Caso a previs\u00e3o venha a [&hellip;]","wps_subtitle":"","_links":{"self":[{"href":"https:\/\/ciclovida.ufpr.br\/index.php?rest_route=\/wp\/v2\/posts\/3194","targetHints":{"allow":["GET"]}}],"collection":[{"href":"https:\/\/ciclovida.ufpr.br\/index.php?rest_route=\/wp\/v2\/posts"}],"about":[{"href":"https:\/\/ciclovida.ufpr.br\/index.php?rest_route=\/wp\/v2\/types\/post"}],"author":[{"embeddable":true,"href":"https:\/\/ciclovida.ufpr.br\/index.php?rest_route=\/wp\/v2\/users\/106"}],"replies":[{"embeddable":true,"href":"https:\/\/ciclovida.ufpr.br\/index.php?rest_route=%2Fwp%2Fv2%2Fcomments&post=3194"}],"version-history":[{"count":3,"href":"https:\/\/ciclovida.ufpr.br\/index.php?rest_route=\/wp\/v2\/posts\/3194\/revisions"}],"predecessor-version":[{"id":3198,"href":"https:\/\/ciclovida.ufpr.br\/index.php?rest_route=\/wp\/v2\/posts\/3194\/revisions\/3198"}],"wp:attachment":[{"href":"https:\/\/ciclovida.ufpr.br\/index.php?rest_route=%2Fwp%2Fv2%2Fmedia&parent=3194"}],"wp:term":[{"taxonomy":"category","embeddable":true,"href":"https:\/\/ciclovida.ufpr.br\/index.php?rest_route=%2Fwp%2Fv2%2Fcategories&post=3194"},{"taxonomy":"post_tag","embeddable":true,"href":"https:\/\/ciclovida.ufpr.br\/index.php?rest_route=%2Fwp%2Fv2%2Ftags&post=3194"}],"curies":[{"name":"wp","href":"https:\/\/api.w.org\/{rel}","templated":true}]}}