{"id":3192,"date":"2015-07-08T04:20:09","date_gmt":"2015-07-08T07:20:09","guid":{"rendered":"https:\/\/ciclovida.ufpr.br\/?p=3192"},"modified":"2015-07-08T04:20:09","modified_gmt":"2015-07-08T07:20:09","slug":"analise-da-ciclovia-asa-norte-e-propostas-de-melhorias-para-a-mobilidade-por-bicicleta-no-df","status":"publish","type":"post","link":"https:\/\/ciclovida.ufpr.br\/?p=3192","title":{"rendered":"An\u00e1lise da ciclovia (Asa Norte) e propostas de melhorias para a mobilidade por bicicleta no DF"},"content":{"rendered":"<p style=\"text-align: center;\"><em>Estudo sobre as ciclovias em Bras\u00edlia, com foco na ciclovia W4\/W5 Norte (DF), incluindo textos cr\u00edticos, fotos, compila\u00e7\u00e3o de leis e artigos sobre mobilidade urbana sustent\u00e1vel<\/em><\/p>\n<p style=\"text-align: center;\">\n<div class=\"outras-inf\">\n<p><span id=\"tit\">Autor: <\/span><span id=\"ctl00_ContentPlaceHolder1_lblAutor\">Uir\u00e1 Louren\u00e7o \/ Mobilize<br \/>\n<\/span><span id=\"tit\">Assunto: <\/span><span id=\"ctl00_ContentPlaceHolder1_lblAssunto\">Estudos e Pesquisas<br \/>\n<\/span><span id=\"tit\">Abrang\u00eancia: <\/span><span id=\"ctl00_ContentPlaceHolder1_lblAbrangencia\">Distrito Federal<br \/>\n<\/span><span id=\"tit\">Ano: <\/span><span id=\"ctl00_ContentPlaceHolder1_lblAno\">2015<\/span><\/p>\n<\/div>\n<div class=\"descricao redimensionarFonte\">\n<p>A capital do pa\u00eds, Bras\u00edlia, apresenta condi\u00e7\u00f5es sofr\u00edveis aos usu\u00e1rios de bicicleta. A depend\u00eancia motorizada ainda \u00e9 alt\u00edssima e poucos atrativos s\u00e3o oferecidos a quem pretende usar a bicicleta como meio de transporte.<\/p>\n<p>Faltam medidas educativas e de fiscaliza\u00e7\u00e3o, assim como uma pol\u00edtica ampla de integra\u00e7\u00e3o da bicicleta aos modos coletivos de transporte. Falta tamb\u00e9m medidas como a redu\u00e7\u00e3o do limite de velocidade nas vias; cria\u00e7\u00e3o de ciclofaixas de interliga\u00e7\u00e3o das ciclovias; sinaliza\u00e7\u00e3o de alerta aos motoristas para a presen\u00e7a dos ciclistas.<\/p>\n<p>A ciclovia da Asa Norte (W4\/W5 Norte) \u00e9 emblem\u00e1tica dessa situa\u00e7\u00e3o de precariedade. Por isso, essa ciclovia foi destacada pelo ciclista e colaborador do Mobilize Brasil, Uir\u00e1 Louren\u00e7o, para organizar este farto material sobre mobilidade saud\u00e1vel, incluindo extensa an\u00e1lise da ciclovia ao longo dessa ciclovia, com diagn\u00f3stico e propostas de melhorias no trajeto. Al\u00e9m disso, o trabalho intitulado \u201cAn\u00e1lise da ciclovia (Asa Norte) e propostas de melhorias para a mobilidade por bicicleta no DF &#8211; &#8211; Diagn\u00f3stico ilustrado da ciclovia W4\/W5 Norte\u201d inclui leis sobre mobilidade urbana, artigos, not\u00edcias e v\u00eddeos.<\/p>\n<p>Al\u00e9m dos dois arquivos que est\u00e3o em anexo neste estudo, h\u00e1 ainda um arquivo de documenta\u00e7\u00e3o\u00a0em fotos, tamb\u00e9m de autoria de Uir\u00e1 Louren\u00e7o, da situa\u00e7\u00e3o de precariedade e inseguran\u00e7a vivenciada por ciclistas na ciclovia da asa norte (W4\/W5).<\/p>\n<p><strong>Para ver as fotos da ciclovia W4\/W5, acessar o link:<\/strong><\/p>\n<p><a href=\"https:\/\/drive.google.com\/file\/d\/0B3mRp_vAudp0SDBDMURMaWtMZlE\/view\" target=\"_blank\">https:\/\/drive.google.com\/file\/d\/0B3mRp_vAudp0SDBDMURMaWtMZlE\/view<br \/>\n<\/a><\/p>\n<p><strong>Para a mat\u00e9ria original e download dos arquivos, acesse:<\/strong><\/p>\n<p>http:\/\/www.mobilize.org.br\/estudos\/205\/analise-da-ciclovia-asa-norte.html<\/p>\n<\/div>\n","protected":false},"excerpt":{"rendered":"<p>Estudo sobre as ciclovias em Bras\u00edlia, com foco na ciclovia W4\/W5 Norte (DF), incluindo textos cr\u00edticos, fotos, compila\u00e7\u00e3o de leis e artigos sobre mobilidade urbana sustent\u00e1vel Autor: Uir\u00e1 Louren\u00e7o \/ [&hellip;]<\/p>\n","protected":false},"author":106,"featured_media":0,"comment_status":"open","ping_status":"open","sticky":false,"template":"","format":"standard","meta":{"_uag_custom_page_level_css":"","ngg_post_thumbnail":0,"footnotes":""},"categories":[5,1],"tags":[],"class_list":["post-3192","post","type-post","status-publish","format-standard","hentry","category-biblioteca","category-noticias"],"gutentor_comment":0,"featured_image_src":"","featured_image_src_square":false,"author_info":{"display_name":"Alan Palomero","author_link":"https:\/\/ciclovida.ufpr.br\/?author=106"},"rbea_author_info":{"display_name":"Alan Palomero","author_link":"https:\/\/ciclovida.ufpr.br\/?author=106"},"rbea_excerpt_info":"Estudo sobre as ciclovias em Bras\u00edlia, com foco na ciclovia W4\/W5 Norte (DF), incluindo textos cr\u00edticos, fotos, compila\u00e7\u00e3o de leis e artigos sobre mobilidade urbana sustent\u00e1vel Autor: Uir\u00e1 Louren\u00e7o \/ [&hellip;]","category_list":"<a href=\"https:\/\/ciclovida.ufpr.br\/?cat=5\" rel=\"category\">Biblioteca<\/a>, <a href=\"https:\/\/ciclovida.ufpr.br\/?cat=1\" rel=\"category\">Not\u00edcias<\/a>","comments_num":"0 comments","uagb_featured_image_src":{"full":false,"thumbnail":false,"medium":false,"medium_large":false,"large":false,"1536x1536":false,"2048x2048":false,"post-thumbnail":false,"twentytwenty-fullscreen":false},"uagb_author_info":{"display_name":"Alan Palomero","author_link":"https:\/\/ciclovida.ufpr.br\/?author=106"},"uagb_comment_info":0,"uagb_excerpt":"Estudo sobre as ciclovias em Bras\u00edlia, com foco na ciclovia W4\/W5 Norte (DF), incluindo textos cr\u00edticos, fotos, compila\u00e7\u00e3o de leis e artigos sobre mobilidade urbana sustent\u00e1vel Autor: Uir\u00e1 Louren\u00e7o \/ [&hellip;]","wps_subtitle":"","_links":{"self":[{"href":"https:\/\/ciclovida.ufpr.br\/index.php?rest_route=\/wp\/v2\/posts\/3192","targetHints":{"allow":["GET"]}}],"collection":[{"href":"https:\/\/ciclovida.ufpr.br\/index.php?rest_route=\/wp\/v2\/posts"}],"about":[{"href":"https:\/\/ciclovida.ufpr.br\/index.php?rest_route=\/wp\/v2\/types\/post"}],"author":[{"embeddable":true,"href":"https:\/\/ciclovida.ufpr.br\/index.php?rest_route=\/wp\/v2\/users\/106"}],"replies":[{"embeddable":true,"href":"https:\/\/ciclovida.ufpr.br\/index.php?rest_route=%2Fwp%2Fv2%2Fcomments&post=3192"}],"version-history":[{"count":1,"href":"https:\/\/ciclovida.ufpr.br\/index.php?rest_route=\/wp\/v2\/posts\/3192\/revisions"}],"predecessor-version":[{"id":3193,"href":"https:\/\/ciclovida.ufpr.br\/index.php?rest_route=\/wp\/v2\/posts\/3192\/revisions\/3193"}],"wp:attachment":[{"href":"https:\/\/ciclovida.ufpr.br\/index.php?rest_route=%2Fwp%2Fv2%2Fmedia&parent=3192"}],"wp:term":[{"taxonomy":"category","embeddable":true,"href":"https:\/\/ciclovida.ufpr.br\/index.php?rest_route=%2Fwp%2Fv2%2Fcategories&post=3192"},{"taxonomy":"post_tag","embeddable":true,"href":"https:\/\/ciclovida.ufpr.br\/index.php?rest_route=%2Fwp%2Fv2%2Ftags&post=3192"}],"curies":[{"name":"wp","href":"https:\/\/api.w.org\/{rel}","templated":true}]}}