{"id":3183,"date":"2015-06-26T15:58:55","date_gmt":"2015-06-26T18:58:55","guid":{"rendered":"https:\/\/ciclovida.ufpr.br\/?p=3183"},"modified":"2015-06-26T15:58:55","modified_gmt":"2015-06-26T18:58:55","slug":"a-importancia-da-ciclovia-da-avenida-paulista","status":"publish","type":"post","link":"https:\/\/ciclovida.ufpr.br\/?p=3183","title":{"rendered":"A import\u00e2ncia da ciclovia da Avenida Paulista"},"content":{"rendered":"<figure id=\"attachment_3184\" aria-describedby=\"caption-attachment-3184\" style=\"width: 563px\" class=\"wp-caption alignnone\"><a href=\"https:\/\/ciclovida.ufpr.br\/wp-content\/uploads\/2015\/06\/Obras-ciclovia-Paulista-2015-06-18-Foto-Willian-Cruz-034.jpg\"><img loading=\"lazy\" decoding=\"async\" class=\"wp-image-3184\" src=\"https:\/\/ciclovida.ufpr.br\/wp-content\/uploads\/2015\/06\/Obras-ciclovia-Paulista-2015-06-18-Foto-Willian-Cruz-034-1024x576.jpg\" alt=\"Mesmo antes da inaugura\u00e7\u00e3o, cidad\u00e3os j\u00e1 est\u00e3o deixando de circular junto aos carros para usar a estrutura segregada. Foto: Willian Cruz\" width=\"563\" height=\"317\" srcset=\"https:\/\/ciclovida.ufpr.br\/wp-content\/uploads\/2015\/06\/Obras-ciclovia-Paulista-2015-06-18-Foto-Willian-Cruz-034-1024x576.jpg 1024w, https:\/\/ciclovida.ufpr.br\/wp-content\/uploads\/2015\/06\/Obras-ciclovia-Paulista-2015-06-18-Foto-Willian-Cruz-034-300x169.jpg 300w, https:\/\/ciclovida.ufpr.br\/wp-content\/uploads\/2015\/06\/Obras-ciclovia-Paulista-2015-06-18-Foto-Willian-Cruz-034.jpg 1200w\" sizes=\"auto, (max-width: 563px) 100vw, 563px\" \/><\/a><figcaption id=\"caption-attachment-3184\" class=\"wp-caption-text\">Mesmo antes da inaugura\u00e7\u00e3o, cidad\u00e3os j\u00e1 est\u00e3o deixando de circular junto aos carros para usar a estrutura segregada. Foto: Willian Cruz<\/figcaption><\/figure>\n<p style=\"text-align: right;\">Texto: Willian Cruz, do site vadebike.org<\/p>\n<p>Organizada coletivamente por meio de\u00a0mobiliza\u00e7\u00e3o popular no Facebook, a festa popular de inaugura\u00e7\u00e3o da ciclovia da Av. Paulista est\u00e1 deixando muita gente ansiosa.\u00a0A inaugura\u00e7\u00e3o acontece em 28 de junho, com os cidad\u00e3os se encontrando na Pra\u00e7a do Ciclista a partir das 8h (Paulista x Consola\u00e7\u00e3o).\u00a0A avenida ser\u00e1 aberta \u00e0s pessoas\u00a0a partir das 10h da manh\u00e3, com restri\u00e7\u00e3o aos carros em toda sua extens\u00e3o, exceto no cruzamento com a Av. Brigadeiro Luis Antonio, para permitir que os \u00f4nibus desse eixo continuem cruzando a via.\u00a0A estrutura\u00a0j\u00e1 vem sendo usada por algumas pessoas\u00a0desde o dia 18, quando retiraram parcialmente os tapumes que isolavam a obra. A ansiedade \u00e9 tanta que muita gente quis \u201ccomer um brigadeiro antes dos parab\u00e9ns\u201d<\/p>\n<p>A festa atrair\u00e1 pessoas de outras cidades e at\u00e9 de outros estados, que percebem que esse ser\u00e1 um momento hist\u00f3rico na mobilidade por bicicletas do Brasil e se sentem parte dessa conquista.\u00a0E n\u00e3o \u00e9 \u00e0 toa: no m\u00eas de mar\u00e7o, quando uma a\u00e7\u00e3o do Minist\u00e9rio P\u00fablico Estadual de S\u00e3o Paulo tentava barrar a constru\u00e7\u00e3o dessa e de todas as outras ciclovias da cidades, com o pedido inclusive de que a obra em andamento fosse desfeita, irm\u00e3os de pedal de todo o pa\u00eds se uniram para protestar contra essa arbitrariedade, que representaria um retrocesso gigantesco tanto em termos de pol\u00edtica ciclovi\u00e1ria quanto de prote\u00e7\u00e3o \u00e0 vida. \u201cVai ter ciclovia\u201d, gritamos todos, unidos\u00a0em S\u00e3o Paulo\u00a0e em\u00a0mais de 45 outras cidades\u00a0no Brasil e no mundo. S\u00f3 em S\u00e3o Paulo mais de 7 mil pessoas foram \u00e0s ruas na noite de 27 de mar\u00e7o, quando por fim o Tribunal de Justi\u00e7a de S\u00e3o Paulo\u00a0derrubou\u00a0a liminar\u00a0que\u00a0proibia a continuidade das obras de ciclovias\u00a0na capital paulista.<\/p>\n<p>Essa conquista \u00e9, merecidamente, de todos, n\u00e3o s\u00f3 dos paulistanos. A implanta\u00e7\u00e3o dessa estrutura, em uma avenida de grande visibilidade e com hist\u00f3rico de v\u00e1rias mortes de ciclistas, \u00e9 considerada\u00a0um divisor de \u00e1guas na bicimobilidade brasileira, pois tende a escancarar a demanda (atual e reprimida), com cidad\u00e3os circulando ininterruptamente de bicicleta em uma das avenidas mais famosas do pa\u00eds. Espera-se que em poucos meses haja um fluxo maior que o da Av. Faria Lima,\u00a0uma ciclovia de grande utiliza\u00e7\u00e3o\u00a0em S\u00e3o Paulo. H\u00e1 ainda a expectativa de que essa visibilidade incentive avan\u00e7os na mobilidade cicl\u00edstica em cidades de todo o Brasil, ao mostrar que proteger a vida do ciclista e estimular o uso da bicicleta s\u00e3o medidas importantes para o crescimento ordenado das cidades, n\u00e3o s\u00f3 pelos efeitos diretos na mobilidade quanto nos benef\u00edcios\u00a0para os indiv\u00edduos,para a economia, para a sa\u00fade p\u00fablica,\u00a0o com\u00e9rcio\u00a0e at\u00e9\u00a0o turismo\u00a0(veja\u00a018 raz\u00f5es\u00a0para apoiar a implanta\u00e7\u00e3o de ciclovias e\u00a012 bons motivos\u00a0para adotar a bicicleta em seus deslocamentos).<\/p>\n<p>A ciclovia da Avenida Paulista ir\u00e1 ajudar muita gente que pedala na cidade ou pretende faz\u00ea-lo. \u00c9 esperada h\u00e1 muitos anos pelos cidad\u00e3os que utilizam bicicleta em S\u00e3o Paulo, muito mais do que o tempo da atual gest\u00e3o. Certamente seu uso superar\u00e1 todas as expectativas dentro de poucos meses, principalmente com a cria\u00e7\u00e3o das conex\u00f5es que ir\u00e3o aliment\u00e1-la.<\/p>\n<p>Leia a mat\u00e9ria completa:<\/p>\n<blockquote class=\"wp-embedded-content\" data-secret=\"JSC0CJ3EYo\"><p><a href=\"https:\/\/vadebike.org\/2015\/06\/ciclovia-paulista-conquista-dos-ciclistas-inauguracao\/\">A import\u00e2ncia da ciclovia da Avenida Paulista<\/a><\/p><\/blockquote>\n<p><iframe loading=\"lazy\" class=\"wp-embedded-content\" sandbox=\"allow-scripts\" security=\"restricted\" style=\"position: absolute; visibility: hidden;\" title=\"&#8220;A import\u00e2ncia da ciclovia da Avenida Paulista&#8221; &#8212; V\u00e1 de Bike\" src=\"https:\/\/vadebike.org\/2015\/06\/ciclovia-paulista-conquista-dos-ciclistas-inauguracao\/embed\/#?secret=tQuqgg7V94#?secret=JSC0CJ3EYo\" data-secret=\"JSC0CJ3EYo\" width=\"580\" height=\"327\" frameborder=\"0\" marginwidth=\"0\" marginheight=\"0\" scrolling=\"no\"><\/iframe><\/p>\n<p>O evento no facebook:<br \/>\nhttps:\/\/www.facebook.com\/events\/454053454754662\/<\/p>\n","protected":false},"excerpt":{"rendered":"<p>Texto: Willian Cruz, do site vadebike.org Organizada coletivamente por meio de\u00a0mobiliza\u00e7\u00e3o popular no Facebook, a festa popular de inaugura\u00e7\u00e3o da ciclovia da Av. Paulista est\u00e1 deixando muita gente ansiosa.\u00a0A inaugura\u00e7\u00e3o [&hellip;]<\/p>\n","protected":false},"author":106,"featured_media":0,"comment_status":"open","ping_status":"open","sticky":false,"template":"","format":"standard","meta":{"_uag_custom_page_level_css":"","ngg_post_thumbnail":0,"footnotes":""},"categories":[1],"tags":[],"class_list":["post-3183","post","type-post","status-publish","format-standard","hentry","category-noticias"],"gutentor_comment":0,"featured_image_src":"","featured_image_src_square":false,"author_info":{"display_name":"Alan Palomero","author_link":"https:\/\/ciclovida.ufpr.br\/?author=106"},"rbea_author_info":{"display_name":"Alan Palomero","author_link":"https:\/\/ciclovida.ufpr.br\/?author=106"},"rbea_excerpt_info":"Texto: Willian Cruz, do site vadebike.org Organizada coletivamente por meio de\u00a0mobiliza\u00e7\u00e3o popular no Facebook, a festa popular de inaugura\u00e7\u00e3o da ciclovia da Av. Paulista est\u00e1 deixando muita gente ansiosa.\u00a0A inaugura\u00e7\u00e3o [&hellip;]","category_list":"<a href=\"https:\/\/ciclovida.ufpr.br\/?cat=1\" rel=\"category\">Not\u00edcias<\/a>","comments_num":"0 comments","uagb_featured_image_src":{"full":false,"thumbnail":false,"medium":false,"medium_large":false,"large":false,"1536x1536":false,"2048x2048":false,"post-thumbnail":false,"twentytwenty-fullscreen":false},"uagb_author_info":{"display_name":"Alan Palomero","author_link":"https:\/\/ciclovida.ufpr.br\/?author=106"},"uagb_comment_info":0,"uagb_excerpt":"Texto: Willian Cruz, do site vadebike.org Organizada coletivamente por meio de\u00a0mobiliza\u00e7\u00e3o popular no Facebook, a festa popular de inaugura\u00e7\u00e3o da ciclovia da Av. Paulista est\u00e1 deixando muita gente ansiosa.\u00a0A inaugura\u00e7\u00e3o [&hellip;]","wps_subtitle":"","_links":{"self":[{"href":"https:\/\/ciclovida.ufpr.br\/index.php?rest_route=\/wp\/v2\/posts\/3183","targetHints":{"allow":["GET"]}}],"collection":[{"href":"https:\/\/ciclovida.ufpr.br\/index.php?rest_route=\/wp\/v2\/posts"}],"about":[{"href":"https:\/\/ciclovida.ufpr.br\/index.php?rest_route=\/wp\/v2\/types\/post"}],"author":[{"embeddable":true,"href":"https:\/\/ciclovida.ufpr.br\/index.php?rest_route=\/wp\/v2\/users\/106"}],"replies":[{"embeddable":true,"href":"https:\/\/ciclovida.ufpr.br\/index.php?rest_route=%2Fwp%2Fv2%2Fcomments&post=3183"}],"version-history":[{"count":3,"href":"https:\/\/ciclovida.ufpr.br\/index.php?rest_route=\/wp\/v2\/posts\/3183\/revisions"}],"predecessor-version":[{"id":3187,"href":"https:\/\/ciclovida.ufpr.br\/index.php?rest_route=\/wp\/v2\/posts\/3183\/revisions\/3187"}],"wp:attachment":[{"href":"https:\/\/ciclovida.ufpr.br\/index.php?rest_route=%2Fwp%2Fv2%2Fmedia&parent=3183"}],"wp:term":[{"taxonomy":"category","embeddable":true,"href":"https:\/\/ciclovida.ufpr.br\/index.php?rest_route=%2Fwp%2Fv2%2Fcategories&post=3183"},{"taxonomy":"post_tag","embeddable":true,"href":"https:\/\/ciclovida.ufpr.br\/index.php?rest_route=%2Fwp%2Fv2%2Ftags&post=3183"}],"curies":[{"name":"wp","href":"https:\/\/api.w.org\/{rel}","templated":true}]}}