{"id":3178,"date":"2015-06-23T23:45:12","date_gmt":"2015-06-24T02:45:12","guid":{"rendered":"https:\/\/ciclovida.ufpr.br\/?p=3178"},"modified":"2015-06-23T23:45:12","modified_gmt":"2015-06-24T02:45:12","slug":"convite-para-o-festival-de-inverno-da-ufpr-em-antonina","status":"publish","type":"post","link":"https:\/\/ciclovida.ufpr.br\/?p=3178","title":{"rendered":"Convite para o Festival de Inverno da UFPR, em Antonina"},"content":{"rendered":"<p>&nbsp;<\/p>\n<p>Neste m\u00eas de julho, do dia 11 ao dia 18, acontece o Festival de Inverno da UFPR, na cidade de Antonina, litoral paranaense. O festival\u00a0esta em sua 25\u00aa edi\u00e7\u00e3o e tr\u00e1s diversas oficinas, espet\u00e1culos e viv\u00eancias abertas ao p\u00fablico, gratuitamente.<\/p>\n<p>O Ciclovida ir\u00e1 promover duas atividades durante o Festival deste ano:<\/p>\n<p>&#8211; Uma <strong>pedalada<\/strong> de \u00a0Curitiba at\u00e9 a cidade de Antonina<\/p>\n<p>&#8211; <strong>Oficina<\/strong> do professor e coordenador do Ciclovida,\u00a0Jos\u00e9 Carlos Belotto, sobre o diagn\u00f3stico e desenvolvimento de proposta para melhoria do uso da bicicleta pela comunidade escolar em Antonina, apresentando e analisando o diagn\u00f3stico desenvolvido durante a edi\u00e7\u00e3o do Festival do ano passado. A oficina ocorre de\u00a013 a 17 de julho.<\/p>\n<p>As inscri\u00e7\u00f5es para o festival podem ser feitas atrav\u00e9s do site:\u00a0http:\/\/www.proec.ufpr.br\/festival2015\/index.html<\/p>\n<p><a href=\"https:\/\/ciclovida.ufpr.br\/wp-content\/uploads\/2015\/06\/cicloturismo_festival2015.jpg\"><img loading=\"lazy\" decoding=\"async\" class=\"alignnone size-full wp-image-3179\" src=\"https:\/\/ciclovida.ufpr.br\/wp-content\/uploads\/2015\/06\/cicloturismo_festival2015.jpg\" alt=\"cicloturismo_festival2015\" width=\"491\" height=\"685\" srcset=\"https:\/\/ciclovida.ufpr.br\/wp-content\/uploads\/2015\/06\/cicloturismo_festival2015.jpg 491w, https:\/\/ciclovida.ufpr.br\/wp-content\/uploads\/2015\/06\/cicloturismo_festival2015-215x300.jpg 215w\" sizes=\"auto, (max-width: 491px) 100vw, 491px\" \/><\/a><\/p>\n","protected":false},"excerpt":{"rendered":"<p>&nbsp; Neste m\u00eas de julho, do dia 11 ao dia 18, acontece o Festival de Inverno da UFPR, na cidade de Antonina, litoral paranaense. O festival\u00a0esta em sua 25\u00aa edi\u00e7\u00e3o [&hellip;]<\/p>\n","protected":false},"author":106,"featured_media":0,"comment_status":"open","ping_status":"open","sticky":false,"template":"","format":"standard","meta":{"_uag_custom_page_level_css":"","ngg_post_thumbnail":0,"footnotes":""},"categories":[6,1],"tags":[],"class_list":["post-3178","post","type-post","status-publish","format-standard","hentry","category-eventos","category-noticias"],"gutentor_comment":3,"featured_image_src":"","featured_image_src_square":false,"author_info":{"display_name":"Alan Palomero","author_link":"https:\/\/ciclovida.ufpr.br\/?author=106"},"rbea_author_info":{"display_name":"Alan Palomero","author_link":"https:\/\/ciclovida.ufpr.br\/?author=106"},"rbea_excerpt_info":"&nbsp; Neste m\u00eas de julho, do dia 11 ao dia 18, acontece o Festival de Inverno da UFPR, na cidade de Antonina, litoral paranaense. O festival\u00a0esta em sua 25\u00aa edi\u00e7\u00e3o [&hellip;]","category_list":"<a href=\"https:\/\/ciclovida.ufpr.br\/?cat=6\" rel=\"category\">Eventos<\/a>, <a href=\"https:\/\/ciclovida.ufpr.br\/?cat=1\" rel=\"category\">Not\u00edcias<\/a>","comments_num":"0 comments","uagb_featured_image_src":{"full":false,"thumbnail":false,"medium":false,"medium_large":false,"large":false,"1536x1536":false,"2048x2048":false,"post-thumbnail":false,"twentytwenty-fullscreen":false},"uagb_author_info":{"display_name":"Alan Palomero","author_link":"https:\/\/ciclovida.ufpr.br\/?author=106"},"uagb_comment_info":3,"uagb_excerpt":"&nbsp; Neste m\u00eas de julho, do dia 11 ao dia 18, acontece o Festival de Inverno da UFPR, na cidade de Antonina, litoral paranaense. O festival\u00a0esta em sua 25\u00aa edi\u00e7\u00e3o [&hellip;]","wps_subtitle":"","_links":{"self":[{"href":"https:\/\/ciclovida.ufpr.br\/index.php?rest_route=\/wp\/v2\/posts\/3178","targetHints":{"allow":["GET"]}}],"collection":[{"href":"https:\/\/ciclovida.ufpr.br\/index.php?rest_route=\/wp\/v2\/posts"}],"about":[{"href":"https:\/\/ciclovida.ufpr.br\/index.php?rest_route=\/wp\/v2\/types\/post"}],"author":[{"embeddable":true,"href":"https:\/\/ciclovida.ufpr.br\/index.php?rest_route=\/wp\/v2\/users\/106"}],"replies":[{"embeddable":true,"href":"https:\/\/ciclovida.ufpr.br\/index.php?rest_route=%2Fwp%2Fv2%2Fcomments&post=3178"}],"version-history":[{"count":3,"href":"https:\/\/ciclovida.ufpr.br\/index.php?rest_route=\/wp\/v2\/posts\/3178\/revisions"}],"predecessor-version":[{"id":3182,"href":"https:\/\/ciclovida.ufpr.br\/index.php?rest_route=\/wp\/v2\/posts\/3178\/revisions\/3182"}],"wp:attachment":[{"href":"https:\/\/ciclovida.ufpr.br\/index.php?rest_route=%2Fwp%2Fv2%2Fmedia&parent=3178"}],"wp:term":[{"taxonomy":"category","embeddable":true,"href":"https:\/\/ciclovida.ufpr.br\/index.php?rest_route=%2Fwp%2Fv2%2Fcategories&post=3178"},{"taxonomy":"post_tag","embeddable":true,"href":"https:\/\/ciclovida.ufpr.br\/index.php?rest_route=%2Fwp%2Fv2%2Ftags&post=3178"}],"curies":[{"name":"wp","href":"https:\/\/api.w.org\/{rel}","templated":true}]}}