{"id":3159,"date":"2015-06-12T17:07:23","date_gmt":"2015-06-12T20:07:23","guid":{"rendered":"https:\/\/ciclovida.ufpr.br\/?p=3159"},"modified":"2015-06-12T20:53:29","modified_gmt":"2015-06-12T23:53:29","slug":"58-dos-trabalhadores-portuarios-utilizam-a-bicicleta-como-meio-de-transporte","status":"publish","type":"post","link":"https:\/\/ciclovida.ufpr.br\/?p=3159","title":{"rendered":"58% dos trabalhadores portu\u00e1rios utilizam a bicicleta como meio de transporte"},"content":{"rendered":"<p>Administra\u00e7\u00e3o dos Portos de Paranagu\u00e1 e Antonina (Appa) desenvolveu uma pesquisa in\u00e9dita entre os seus funcion\u00e1rios sobre o uso da bicicleta. Os resultados apontaram que dos 455 funcion\u00e1rios efetivos e comissionados que trabalham na Appa, 58% utilizam a bicicleta como meio de transporte. Al\u00e9m disso, 78% dos funcion\u00e1rios possuem bicicleta e 69% j\u00e1 vieram trabalhar de bicicleta em alguma oportunidade. A pesquisa foi realizada com os trabalhadores que residem em Paranagu\u00e1 e munic\u00edpios litor\u00e2neos.<\/p>\n<p>Os resultados foram divulgados hoje, durante a oficina sobre \u201cO respeito ao ciclista em Paranagu\u00e1 e na \u00e1rea Portu\u00e1ria\u201d, atividade que integra as a\u00e7\u00f5es da Semana do Meio Ambiente dos portos paranaenses.<br \/>\nOutro dado importante apontado pela pesquisa foi a necessidade de ampliar a sinaliza\u00e7\u00e3o e de aumentar o n\u00famero e campanhas de respeito ao ciclista, especialmente, para os motoristas de caminh\u00f5es que chegam a cidade. Paranagu\u00e1 \u00e9 a que possui maior n\u00famero de bicicletas por habitante do Paran\u00e1, com uma m\u00e9dia de 120 mil bicicletas para uma popula\u00e7\u00e3o de 140 mil habitantes.<\/p>\n<p>O diretor presidente da Appa, Luiz Henrique Dividino, disse que a pesquisa trouxe importantes resultados, entre eles, a necessidade de interligar os pr\u00e9dios, terminais p\u00fablicos e privados, empresas e armaz\u00e9ns localizados na \u00e1rea portu\u00e1ria, com ciclofaixas ou ciclovias. \u201c\u00c9 um dado importante para subsidiar projetos futuros. Sabemos que a cultura do uso da bicicleta em Paranagu\u00e1 supera muitas cidades, mas n\u00e3o t\u00ednhamos informa\u00e7\u00f5es que pudessem nos dar a dimens\u00e3o do uso deste modal pelos trabalhadores portu\u00e1rios\u201d, declarou Dividino.<\/p>\n<p>A Diretoria de Meio Ambiente da Appa tamb\u00e9m fez um levantamento sobre os espa\u00e7os utilizados para guardar as bicicletas. Foram avaliados os biciclet\u00e1rios do p\u00e1tio de triagem de caminh\u00f5es, do pr\u00e9dio administrativo, do Sil\u00e3o, da Estiva e da diretoria de manuten\u00e7\u00e3o civil. Na data da vistoria 237 bicicletas foram contabilizadas nestas \u00e1reas.<\/p>\n<p>M\u00e9dia Nacional &#8211; O cicloativista, coordenador do Programa Ciclovida da UFPR e vice-presidente da Federa\u00e7\u00e3o Paranaense de Ciclismo, Jos\u00e9 Carlos Belotto, disse ter ficado surpreso com a porcentagem de trabalhadores que utilizam a bicicleta no Porto de Paranagu\u00e1.<\/p>\n<p>\u201cPara que se tenha uma ideia, nas cidades brasileiras a m\u00e9dia de pessoas que utilizam a bicicleta como meio de transporte \u00e9 de 3%. O uso da bicicleta em Paranagu\u00e1 est\u00e1 muito acima da m\u00e9dia nacional\u201d, comparou Belotto.<\/p>\n<p>Ele ministrou a oficina sobre mobilidade urbana sustent\u00e1vel, nesta quarta-feira (03), e abordou temas como planejamento urbano, legisla\u00e7\u00e3o, hist\u00f3ria da bicicleta, exemplos de sucesso e pol\u00edticas p\u00fablicas de incentivo ao uso da bicicleta. \u201cO Paran\u00e1 acabada de ganhar uma pol\u00edtica estadual de mobilidade urbana sustent\u00e1vel, a qual pude participar da elabora\u00e7\u00e3o e o decreto foi assinado recentemente pelo governador. Sem d\u00favidas, um grande avan\u00e7o\u201d, enfatizou Belotto.<\/p>\n<p>Para Rodolfo Rodrigues de Miranda, gestor ambiental que participou da oficina, a iniciativa da oficina \u00e9 muito importante, j\u00e1 que a cidade carece deste tipo de discuss\u00e3o. &#8220;Hoje apenas 11% das ciclovias da cidade est\u00e3o em boas ou excelentes condi\u00e7\u00f5es e mais de 40% delas est\u00e3o em estado ruim ou p\u00e9ssimo&#8221;, afirma o gestor, que h\u00e1 um ano realizou uma pesquisa sobre os h\u00e1bitos dos ciclistas de Paranagu\u00e1 e a condi\u00e7\u00e3o das ciclovias da cidade. Segundo ele, a maior parte dos usu\u00e1rios de bicicletas da cidade pedalam pelo menos 8 quil\u00f4metros por dia nestas vias.<\/p>\n<p>Integra\u00e7\u00e3o \u2013 Participaram da oficina sobre uso da bicicleta promovida pela Appa, ciclistas da Associa\u00e7\u00e3o de Ciclistas de Paranagu\u00e1 (ACP) e de outras cidades litor\u00e2neas, universit\u00e1rios, t\u00e9cnicos, especialistas e adeptos ao uso da bicicleta. A Prefeitura de Paranagu\u00e1 enviou representantes das \u00e1reas do Urbanismo, Planejamento, Seguran\u00e7a e Guarda Municipal. A secret\u00e1ria de Planejamento de Paranagu\u00e1, Rita Abe, contou que a prefeitura criou h\u00e1 cerca de um ano e meio uma comiss\u00e3o para desenvolver o Plano de Mobilidade de Paranagu\u00e1. \u201cCom esta iniciativa da Appa, esperamos ampliar a parceria e o debate pela mobilidade sustent\u00e1vel, em busca da melhoria da qualidade de vida da popula\u00e7\u00e3o\u201d, finalizou a secret\u00e1ria.<\/p>\n<div id='gallery-1' class='gallery galleryid-3159 gallery-columns-2 gallery-size-medium'><figure class='gallery-item'>\n\t\t\t<div class='gallery-icon landscape'>\n\t\t\t\t<img loading=\"lazy\" decoding=\"async\" width=\"300\" height=\"200\" src=\"https:\/\/ciclovida.ufpr.br\/wp-content\/uploads\/2015\/06\/0603__MG_999_52-300x200.jpg\" class=\"attachment-medium size-medium\" alt=\"\" srcset=\"https:\/\/ciclovida.ufpr.br\/wp-content\/uploads\/2015\/06\/0603__MG_999_52-300x200.jpg 300w, https:\/\/ciclovida.ufpr.br\/wp-content\/uploads\/2015\/06\/0603__MG_999_52-1024x683.jpg 1024w\" sizes=\"auto, (max-width: 300px) 100vw, 300px\" \/>\n\t\t\t<\/div><\/figure><figure class='gallery-item'>\n\t\t\t<div class='gallery-icon landscape'>\n\t\t\t\t<img loading=\"lazy\" decoding=\"async\" width=\"300\" height=\"211\" src=\"https:\/\/ciclovida.ufpr.br\/wp-content\/uploads\/2015\/06\/0603__MG_999_23-300x211.jpg\" class=\"attachment-medium size-medium\" alt=\"\" srcset=\"https:\/\/ciclovida.ufpr.br\/wp-content\/uploads\/2015\/06\/0603__MG_999_23-300x211.jpg 300w, https:\/\/ciclovida.ufpr.br\/wp-content\/uploads\/2015\/06\/0603__MG_999_23-1024x720.jpg 1024w\" sizes=\"auto, (max-width: 300px) 100vw, 300px\" \/>\n\t\t\t<\/div><\/figure><figure class='gallery-item'>\n\t\t\t<div class='gallery-icon landscape'>\n\t\t\t\t<img loading=\"lazy\" decoding=\"async\" width=\"300\" height=\"157\" src=\"https:\/\/ciclovida.ufpr.br\/wp-content\/uploads\/2015\/06\/0603__MG_999_33-300x157.jpg\" class=\"attachment-medium size-medium\" alt=\"\" srcset=\"https:\/\/ciclovida.ufpr.br\/wp-content\/uploads\/2015\/06\/0603__MG_999_33-300x157.jpg 300w, https:\/\/ciclovida.ufpr.br\/wp-content\/uploads\/2015\/06\/0603__MG_999_33-1024x535.jpg 1024w\" sizes=\"auto, (max-width: 300px) 100vw, 300px\" \/>\n\t\t\t<\/div><\/figure><figure class='gallery-item'>\n\t\t\t<div class='gallery-icon landscape'>\n\t\t\t\t<img loading=\"lazy\" decoding=\"async\" width=\"300\" height=\"225\" src=\"https:\/\/ciclovida.ufpr.br\/wp-content\/uploads\/2015\/06\/DSCN8225-300x225.jpg\" class=\"attachment-medium size-medium\" alt=\"\" srcset=\"https:\/\/ciclovida.ufpr.br\/wp-content\/uploads\/2015\/06\/DSCN8225-300x225.jpg 300w, https:\/\/ciclovida.ufpr.br\/wp-content\/uploads\/2015\/06\/DSCN8225-1024x768.jpg 1024w\" sizes=\"auto, (max-width: 300px) 100vw, 300px\" \/>\n\t\t\t<\/div><\/figure>\n\t\t<\/div>\n\n<p>&nbsp;<\/p>\n<p>Mat\u00e9ria originalmente publicada no site\u00a0http:\/\/www.portosdoparana.pr.gov.br\/<\/p>\n<p>link: http:\/\/www.portosdoparana.pr.gov.br\/modules\/noticias\/article.php?storyid=1425<\/p>\n","protected":false},"excerpt":{"rendered":"<p>Administra\u00e7\u00e3o dos Portos de Paranagu\u00e1 e Antonina (Appa) desenvolveu uma pesquisa in\u00e9dita entre os seus funcion\u00e1rios sobre o uso da bicicleta. Os resultados apontaram que dos 455 funcion\u00e1rios efetivos e [&hellip;]<\/p>\n","protected":false},"author":106,"featured_media":0,"comment_status":"open","ping_status":"open","sticky":false,"template":"","format":"standard","meta":{"_uag_custom_page_level_css":"","ngg_post_thumbnail":0,"footnotes":""},"categories":[1],"tags":[],"class_list":["post-3159","post","type-post","status-publish","format-standard","hentry","category-noticias"],"gutentor_comment":0,"featured_image_src":"","featured_image_src_square":false,"author_info":{"display_name":"Alan Palomero","author_link":"https:\/\/ciclovida.ufpr.br\/?author=106"},"rbea_author_info":{"display_name":"Alan Palomero","author_link":"https:\/\/ciclovida.ufpr.br\/?author=106"},"rbea_excerpt_info":"Administra\u00e7\u00e3o dos Portos de Paranagu\u00e1 e Antonina (Appa) desenvolveu uma pesquisa in\u00e9dita entre os seus funcion\u00e1rios sobre o uso da bicicleta. Os resultados apontaram que dos 455 funcion\u00e1rios efetivos e [&hellip;]","category_list":"<a href=\"https:\/\/ciclovida.ufpr.br\/?cat=1\" rel=\"category\">Not\u00edcias<\/a>","comments_num":"0 comments","uagb_featured_image_src":{"full":false,"thumbnail":false,"medium":false,"medium_large":false,"large":false,"1536x1536":false,"2048x2048":false,"post-thumbnail":false,"twentytwenty-fullscreen":false},"uagb_author_info":{"display_name":"Alan Palomero","author_link":"https:\/\/ciclovida.ufpr.br\/?author=106"},"uagb_comment_info":0,"uagb_excerpt":"Administra\u00e7\u00e3o dos Portos de Paranagu\u00e1 e Antonina (Appa) desenvolveu uma pesquisa in\u00e9dita entre os seus funcion\u00e1rios sobre o uso da bicicleta. Os resultados apontaram que dos 455 funcion\u00e1rios efetivos e [&hellip;]","wps_subtitle":"","_links":{"self":[{"href":"https:\/\/ciclovida.ufpr.br\/index.php?rest_route=\/wp\/v2\/posts\/3159","targetHints":{"allow":["GET"]}}],"collection":[{"href":"https:\/\/ciclovida.ufpr.br\/index.php?rest_route=\/wp\/v2\/posts"}],"about":[{"href":"https:\/\/ciclovida.ufpr.br\/index.php?rest_route=\/wp\/v2\/types\/post"}],"author":[{"embeddable":true,"href":"https:\/\/ciclovida.ufpr.br\/index.php?rest_route=\/wp\/v2\/users\/106"}],"replies":[{"embeddable":true,"href":"https:\/\/ciclovida.ufpr.br\/index.php?rest_route=%2Fwp%2Fv2%2Fcomments&post=3159"}],"version-history":[{"count":3,"href":"https:\/\/ciclovida.ufpr.br\/index.php?rest_route=\/wp\/v2\/posts\/3159\/revisions"}],"predecessor-version":[{"id":3166,"href":"https:\/\/ciclovida.ufpr.br\/index.php?rest_route=\/wp\/v2\/posts\/3159\/revisions\/3166"}],"wp:attachment":[{"href":"https:\/\/ciclovida.ufpr.br\/index.php?rest_route=%2Fwp%2Fv2%2Fmedia&parent=3159"}],"wp:term":[{"taxonomy":"category","embeddable":true,"href":"https:\/\/ciclovida.ufpr.br\/index.php?rest_route=%2Fwp%2Fv2%2Fcategories&post=3159"},{"taxonomy":"post_tag","embeddable":true,"href":"https:\/\/ciclovida.ufpr.br\/index.php?rest_route=%2Fwp%2Fv2%2Ftags&post=3159"}],"curies":[{"name":"wp","href":"https:\/\/api.w.org\/{rel}","templated":true}]}}