{"id":3155,"date":"2015-06-12T17:05:53","date_gmt":"2015-06-12T20:05:53","guid":{"rendered":"https:\/\/ciclovida.ufpr.br\/?p=3155"},"modified":"2015-06-12T17:05:53","modified_gmt":"2015-06-12T20:05:53","slug":"parana-ganha-programa-de-mobilidade-por-bicicleta","status":"publish","type":"post","link":"https:\/\/ciclovida.ufpr.br\/?p=3155","title":{"rendered":"Paran\u00e1 ganha Programa de Mobilidade por Bicicleta"},"content":{"rendered":"<p class=\"western\" align=\"JUSTIFY\">\n<p class=\"western\" align=\"JUSTIFY\"><a href=\"https:\/\/ciclovida.ufpr.br\/wp-content\/uploads\/2015\/06\/noticia_862257_img1_ap_ciclo-parana1.jpg\"><img loading=\"lazy\" decoding=\"async\" class=\"alignnone size-full wp-image-3156\" src=\"https:\/\/ciclovida.ufpr.br\/wp-content\/uploads\/2015\/06\/noticia_862257_img1_ap_ciclo-parana1.jpg\" alt=\"noticia_862257_img1_ap_ciclo-parana1\" width=\"620\" height=\"366\" srcset=\"https:\/\/ciclovida.ufpr.br\/wp-content\/uploads\/2015\/06\/noticia_862257_img1_ap_ciclo-parana1.jpg 620w, https:\/\/ciclovida.ufpr.br\/wp-content\/uploads\/2015\/06\/noticia_862257_img1_ap_ciclo-parana1-300x177.jpg 300w\" sizes=\"auto, (max-width: 620px) 100vw, 620px\" \/><\/a><\/p>\n<p class=\"western\" align=\"JUSTIFY\">O governador Beto Richa assinou, no \u00faltimo dia 22 de maio, o decreto 1.517\/2015 que cria o Programa Paranaense de Mobilidade por Bicicleta (CicloParan\u00e1). \u00c9 com muita satisfa\u00e7\u00e3o que trazemos esta not\u00edcia na coluna Conte\u00fado Sustent\u00e1vel, tendo em vista que nos anos de 2013 e 2014 esta colunista participou ativamente das discuss\u00f5es para elabora\u00e7\u00e3o do programa. O Ciclo Paran\u00e1 prev\u00ea incentivos para o uso da bicicleta no Estado. Al\u00e9m disso, o Programa foi idealizado com base em quatro eixos principais: Cidadania, Turismo, Esporte, Infraestrutura e Economia. O objetivo do decreto \u00e9 implementar ac\u0327o\u0303es que consolidem a utilizac\u0327a\u0303o da bicicleta como meio de transporte, pra\u0301tica esportiva e de lazer, bem como desenvolver a cidadania, a seguranc\u0327a via\u0301ria, a sau\u0301de, a educac\u0327a\u0303o no transito e o turismo sustenta\u0301vel.<\/p>\n<p class=\"western\" align=\"JUSTIFY\"><strong>Conciclo<\/strong><br \/>\nO decreto 1.517\/2015 cria ainda o Conselho Paranaense de Ciclomobilidade (Conciclo), que ter\u00e1 a participa\u00e7\u00e3o de \u00f3rg\u00e3os p\u00fablicos estaduais, Universidade Federal do Paran\u00e1 (UFPR) e da Associac\u0327a\u0303o de Ciclistas do Alto Iguac\u0327u (Cicloiguac\u0327u), organiza\u00e7\u00e3o que re\u00fane ciclistas de todo o Paran\u00e1. O Conciclo dever\u00e1 elaborar e debater propostas de poli\u0301ticas pu\u0301blicas para viabilizar o cumprimento das ac\u0327o\u0303es elencadas no decreto. A coordenac\u0327a\u0303o do Conciclo cabera\u0301 a\u0300 Secretaria de Estado do Meio Ambiente e Recursos Hi\u0301dricos por indicac\u0327a\u0303o do Secreta\u0301rio de Estado do Meio Ambiente e Recursos Hi\u0301dricos.<\/p>\n<p class=\"western\" align=\"JUSTIFY\"><strong>Porto de Paranagu\u00e1 promove oficinas na Semana do Meio Ambiente<\/strong><br \/>\nA Administra\u00e7\u00e3o dos Portos de Paranagu\u00e1 e Antonina (Appa) promove &#8211; nos dias 01, 02 e 03 de junho &#8211; oficinas t\u00e9cnicas abertas \u00e0 popula\u00e7\u00e3o nas \u00e1reas de res\u00edduos s\u00f3lidos, mobilidade urbana sustent\u00e1vel e controle e preven\u00e7\u00e3o de acidentes ambientais. As inscri\u00e7\u00f5es j\u00e1 est\u00e3o abertas e podem ser feitas pelo site<a href=\"http:\/\/www.portosdoparana.pr.gov.br\/\">www.portosdoparana.pr.gov.br<\/a>. A programa\u00e7\u00e3o faz parte das comemora\u00e7\u00f5es da Semana do Meio Ambiente no Paran\u00e1.<\/p>\n<p class=\"western\" align=\"JUSTIFY\"><strong>Dia Nacional da Mata Atl\u00e2ntica 2<\/strong><br \/>\nHoje, data em que se comemora o Dia Nacional da Mata Atl\u00e2ntica, trazemos mais um fato curioso sobre a Floresta com Arauc\u00e1ria, ecossistema associado ao bioma Mata Atl\u00e2ntica. Voc\u00ea sabia que a conserva\u00e7\u00e3o de remanescentes de Floresta com Arauc\u00e1rias pode representar uma alternativa vi\u00e1vel para a pr\u00f3pria produ\u00e7\u00e3o sombreada da erva-mate? \u201cNativa desse ecossistema, estudos indicam que a planta se desenvolve melhor em seu ambiente natural, no interior da floresta, crescendo com folhas maiores que implicam em melhor aproveitamento e gosto mais suave do ch\u00e1 extra\u00eddo\u201d, explica Guilherme Karam, coordenador de Estrat\u00e9gias de Conserva\u00e7\u00e3o da Funda\u00e7\u00e3o Grupo Botic\u00e1rio de Prote\u00e7\u00e3o \u00e0 Natureza.<\/p>\n<p class=\"western\" align=\"JUSTIFY\"><strong>Sancionado o marco legal da biodiversidade<\/strong><br \/>\nNo \u00faltimo dia 20 de maio a presidenta Dilma Rousseff sancionou a Lei que define o novo marco legal da biodiversidade. O dispositivo define o acesso ao patrim\u00f4nio gen\u00e9tico e ao conhecimento tradicional associado e entrar\u00e1 em vigor 180 dias depois da publica\u00e7\u00e3o no Di\u00e1rio Oficial da Uni\u00e3o. O objetivo da mat\u00e9ria \u00e9 desburocratizar o processo e estimular o desenvolvimento sustent\u00e1vel. O novo marco legal da biodiversidade surge, destaca a inclus\u00e3o social e a reparti\u00e7\u00e3o de benef\u00edcios, reconhecendo os <strong>conhecimentos dos povos tradicionais.<\/strong><\/p>\n<p class=\"western\" align=\"JUSTIFY\"><strong>Disputa Sustent\u00e1vel<\/strong><br \/>\nA MRV Engenharia organizou um campeonato para incentivar seus oper\u00e1rios a executar o maior n\u00famero de pr\u00e1ticas de sustentabilidade em 100 canteiros de obra do pa\u00eds, o que gerou mais de 1,2 mil a\u00e7\u00f5es ambientais entre julho de 2014 at\u00e9 maio de 2015. As seis obras paranaenses que participaram da disputa ficaram entre o 16\u00aa e 35\u00aa coloca\u00e7\u00f5es, com \u00edndices de efici\u00eancia no quesito sustentabilidade entre 87% a 99%. Entre as a\u00e7\u00f5es ambientais, se destacam a segrega\u00e7\u00e3o de res\u00edduos e suas destina\u00e7\u00f5es corretas, utiliza\u00e7\u00e3o de l\u00e2mpadas de garrafa PET, de telhas translucidas, utiliza\u00e7\u00e3o de \u00e1gua da chuva, a\u00e7\u00f5es de log\u00edstica reversa, entre outras, que resultaram em uma economia de mais de R$ 4,3 milh\u00f5es entre julho de 2014 a mar\u00e7o de 2015.<\/p>\n<p class=\"western\" align=\"JUSTIFY\"><em>Ceres Battistelli. Jornalista, Colunista e Assessora de Comunica\u00e7\u00e3o.<\/em><\/p>\n<p class=\"western\" align=\"JUSTIFY\">via:\u00a0http:\/\/www.bemparana.com.br\/noticia\/388194\/parana-ganha-programa-de-mobilidade-por-bicicleta<\/p>\n","protected":false},"excerpt":{"rendered":"<p>O governador Beto Richa assinou, no \u00faltimo dia 22 de maio, o decreto 1.517\/2015 que cria o Programa Paranaense de Mobilidade por Bicicleta (CicloParan\u00e1). \u00c9 com muita satisfa\u00e7\u00e3o que trazemos [&hellip;]<\/p>\n","protected":false},"author":106,"featured_media":0,"comment_status":"open","ping_status":"open","sticky":false,"template":"","format":"standard","meta":{"_uag_custom_page_level_css":"","ngg_post_thumbnail":0,"footnotes":""},"categories":[1],"tags":[],"class_list":["post-3155","post","type-post","status-publish","format-standard","hentry","category-noticias"],"gutentor_comment":0,"featured_image_src":"","featured_image_src_square":false,"author_info":{"display_name":"Alan Palomero","author_link":"https:\/\/ciclovida.ufpr.br\/?author=106"},"rbea_author_info":{"display_name":"Alan Palomero","author_link":"https:\/\/ciclovida.ufpr.br\/?author=106"},"rbea_excerpt_info":"O governador Beto Richa assinou, no \u00faltimo dia 22 de maio, o decreto 1.517\/2015 que cria o Programa Paranaense de Mobilidade por Bicicleta (CicloParan\u00e1). \u00c9 com muita satisfa\u00e7\u00e3o que trazemos [&hellip;]","category_list":"<a href=\"https:\/\/ciclovida.ufpr.br\/?cat=1\" rel=\"category\">Not\u00edcias<\/a>","comments_num":"0 comments","uagb_featured_image_src":{"full":false,"thumbnail":false,"medium":false,"medium_large":false,"large":false,"1536x1536":false,"2048x2048":false,"post-thumbnail":false,"twentytwenty-fullscreen":false},"uagb_author_info":{"display_name":"Alan Palomero","author_link":"https:\/\/ciclovida.ufpr.br\/?author=106"},"uagb_comment_info":0,"uagb_excerpt":"O governador Beto Richa assinou, no \u00faltimo dia 22 de maio, o decreto 1.517\/2015 que cria o Programa Paranaense de Mobilidade por Bicicleta (CicloParan\u00e1). \u00c9 com muita satisfa\u00e7\u00e3o que trazemos [&hellip;]","wps_subtitle":"","_links":{"self":[{"href":"https:\/\/ciclovida.ufpr.br\/index.php?rest_route=\/wp\/v2\/posts\/3155","targetHints":{"allow":["GET"]}}],"collection":[{"href":"https:\/\/ciclovida.ufpr.br\/index.php?rest_route=\/wp\/v2\/posts"}],"about":[{"href":"https:\/\/ciclovida.ufpr.br\/index.php?rest_route=\/wp\/v2\/types\/post"}],"author":[{"embeddable":true,"href":"https:\/\/ciclovida.ufpr.br\/index.php?rest_route=\/wp\/v2\/users\/106"}],"replies":[{"embeddable":true,"href":"https:\/\/ciclovida.ufpr.br\/index.php?rest_route=%2Fwp%2Fv2%2Fcomments&post=3155"}],"version-history":[{"count":2,"href":"https:\/\/ciclovida.ufpr.br\/index.php?rest_route=\/wp\/v2\/posts\/3155\/revisions"}],"predecessor-version":[{"id":3158,"href":"https:\/\/ciclovida.ufpr.br\/index.php?rest_route=\/wp\/v2\/posts\/3155\/revisions\/3158"}],"wp:attachment":[{"href":"https:\/\/ciclovida.ufpr.br\/index.php?rest_route=%2Fwp%2Fv2%2Fmedia&parent=3155"}],"wp:term":[{"taxonomy":"category","embeddable":true,"href":"https:\/\/ciclovida.ufpr.br\/index.php?rest_route=%2Fwp%2Fv2%2Fcategories&post=3155"},{"taxonomy":"post_tag","embeddable":true,"href":"https:\/\/ciclovida.ufpr.br\/index.php?rest_route=%2Fwp%2Fv2%2Ftags&post=3155"}],"curies":[{"name":"wp","href":"https:\/\/api.w.org\/{rel}","templated":true}]}}