{"id":3142,"date":"2015-05-29T15:38:48","date_gmt":"2015-05-29T18:38:48","guid":{"rendered":"https:\/\/ciclovida.ufpr.br\/?p=3142"},"modified":"2015-05-29T16:05:52","modified_gmt":"2015-05-29T19:05:52","slug":"palestra-sobre-o-cicloativismo-curitibano-de-david-pirajuba-na-bicicletaria-cultural","status":"publish","type":"post","link":"https:\/\/ciclovida.ufpr.br\/?p=3142","title":{"rendered":"Palestra sobre o cicloativismo curitibano, de David Couto, na Bicicletaria Cultural"},"content":{"rendered":"<p>Em palestra realizada na ter\u00e7a-feira (26) na Bicicletaria Cultural, David Couto\u00a0apresentou seu trabalho de mestrado, de forma resumida. A obra foi fruto de tr\u00eas anos de pesquisa que resultaram em mais de 200 p\u00e1ginas onde Couto\u00a0analisou o tipo de cicloativismo praticado em Curitiba, com as mudan\u00e7as ocorridas no perfil de seus participantes ao longo do tempo, desde o surgimento da Bicicletada de Curitiba e culminando na cria\u00e7\u00e3o da Associa\u00e7\u00e3o de Ciclistas do Alto Igua\u00e7u, a CicloIgua\u00e7u. Foram 17 entrevistados ao longo da pesquisa que al\u00e9m de fornecerem informa\u00e7\u00f5es sobre a hist\u00f3ria e desenvolvimento do movimento, foram usados para &#8220;perfilar&#8221; os cicloativistas curitibanos. O perfil seria de jovens de classe m\u00e9dia\/alta, com curso superior e hist\u00f3rico de interc\u00e2mbio para outros pa\u00edses, que deram origem a esse movimento na cidade. Com o tempo, ocorreu uma mudan\u00e7a de perfil, que gerou alguns fatores que enfraqueceram a Bicicletada, como a sa\u00edda de membros antigos e dificuldades em atingir a realidade perif\u00e9rica de Curitiba. Com a CicloIgua\u00e7u ocorreu uma mudan\u00e7a tamb\u00e9m no sentido da perda do car\u00e1ter cultural antes muito forte na Bicicletada. Couto\u00a0tamb\u00e9m aponta que a elei\u00e7\u00e3o do prefeito Gustavo Fruet fortaleceu o ativismo institucional e o III F\u00f3rum Mundial da Bicicleta, ocorrido em 2014, fortaleceu a a\u00e7\u00e3o coletiva no movimento cicloativista da cidade. O autor afirma que um dos objetivos do trabalho \u00e9 apontar a bicicleta como meio de transforma\u00e7\u00e3o social.<br \/>\nAbaixo, um resumo da obra escrito por David Couto:<\/p>\n<p>Este trabalho realiza uma an\u00e1lise hist\u00f3rico-social sobre a utiliza\u00e7\u00e3o da bicicleta, por ciclistas e ativistas da cidade de Curitiba,\u00a0\u00a0\u00a0\u00a0\u00a0\u00a0\u00a0\u00a0\u00a0\u00a0\u00a0 como\u00a0\u00a0\u00a0\u00a0\u00a0\u00a0\u00a0 s\u00edmbolo\u00a0\u00a0\u00a0 pol\u00edtico\u00a0 capaz\u00a0\u00a0\u00a0\u00a0\u00a0\u00a0\u00a0\u00a0\u00a0 de\u00a0\u00a0\u00a0\u00a0\u00a0\u00a0\u00a0\u00a0mobilizar transforma\u00e7\u00f5es sociais na vida das grandes cidades e promover cr\u00edticas a um modelo cultural de locomo\u00e7\u00e3o e urbaniza\u00e7\u00e3o que tem no carro seu principal s\u00edmbolo. Buscou-se investigar eexpor os contextos global e local de surgimento do ativismo em torno da bicicleta na cidade, assim como as transforma\u00e7\u00f5es ocorridas no movimento ao longo de seus 9 anos de exist\u00eancia. Apesquisa direcionou seu olhar \u00e0s mudan\u00e7as no tipo de ativismo realizado pelo movimento que originou a Bicicletada de Curitiba e que culminou na funda\u00e7\u00e3o da Associa\u00e7\u00e3o de Ciclistas do AltoIgua\u00e7u, a CicloIgua\u00e7u, assim como ao perfil pol\u00edtico e social de seus participantes conforme o movimento se expandiu e a bicicleta passou a se destacar como meio alternativo delocomo\u00e7\u00e3o, s\u00edmbolo pol\u00edtico e identidade. Tais processos s\u00e3o analisados, principalmente, \u00e0 luz da perspectiva geracional.<\/p>\n<p><a href=\"https:\/\/ciclovida.ufpr.br\/wp-content\/uploads\/2015\/05\/IMG_2044.jpg\"><img loading=\"lazy\" decoding=\"async\" class=\"alignnone size-medium wp-image-3150\" src=\"https:\/\/ciclovida.ufpr.br\/wp-content\/uploads\/2015\/05\/IMG_2044-300x200.jpg\" alt=\"IMG_2044\" width=\"300\" height=\"200\" srcset=\"https:\/\/ciclovida.ufpr.br\/wp-content\/uploads\/2015\/05\/IMG_2044-300x200.jpg 300w, https:\/\/ciclovida.ufpr.br\/wp-content\/uploads\/2015\/05\/IMG_2044-1024x683.jpg 1024w\" sizes=\"auto, (max-width: 300px) 100vw, 300px\" \/><\/a><a href=\"https:\/\/ciclovida.ufpr.br\/wp-content\/uploads\/2015\/05\/IMG_2042.jpg\"><img loading=\"lazy\" decoding=\"async\" class=\"alignnone size-medium wp-image-3149\" src=\"https:\/\/ciclovida.ufpr.br\/wp-content\/uploads\/2015\/05\/IMG_2042-300x200.jpg\" alt=\"IMG_2042\" width=\"300\" height=\"200\" srcset=\"https:\/\/ciclovida.ufpr.br\/wp-content\/uploads\/2015\/05\/IMG_2042-300x200.jpg 300w, https:\/\/ciclovida.ufpr.br\/wp-content\/uploads\/2015\/05\/IMG_2042-1024x683.jpg 1024w\" sizes=\"auto, (max-width: 300px) 100vw, 300px\" \/><\/a><\/p>\n","protected":false},"excerpt":{"rendered":"<p>Em palestra realizada na ter\u00e7a-feira (26) na Bicicletaria Cultural, David Couto\u00a0apresentou seu trabalho de mestrado, de forma resumida. A obra foi fruto de tr\u00eas anos de pesquisa que resultaram em [&hellip;]<\/p>\n","protected":false},"author":106,"featured_media":0,"comment_status":"open","ping_status":"open","sticky":false,"template":"","format":"standard","meta":{"_uag_custom_page_level_css":"","ngg_post_thumbnail":0,"footnotes":""},"categories":[6,1],"tags":[],"class_list":["post-3142","post","type-post","status-publish","format-standard","hentry","category-eventos","category-noticias"],"gutentor_comment":0,"featured_image_src":"","featured_image_src_square":false,"author_info":{"display_name":"Alan Palomero","author_link":"https:\/\/ciclovida.ufpr.br\/?author=106"},"rbea_author_info":{"display_name":"Alan Palomero","author_link":"https:\/\/ciclovida.ufpr.br\/?author=106"},"rbea_excerpt_info":"Em palestra realizada na ter\u00e7a-feira (26) na Bicicletaria Cultural, David Couto\u00a0apresentou seu trabalho de mestrado, de forma resumida. A obra foi fruto de tr\u00eas anos de pesquisa que resultaram em [&hellip;]","category_list":"<a href=\"https:\/\/ciclovida.ufpr.br\/?cat=6\" rel=\"category\">Eventos<\/a>, <a href=\"https:\/\/ciclovida.ufpr.br\/?cat=1\" rel=\"category\">Not\u00edcias<\/a>","comments_num":"0 comments","uagb_featured_image_src":{"full":false,"thumbnail":false,"medium":false,"medium_large":false,"large":false,"1536x1536":false,"2048x2048":false,"post-thumbnail":false,"twentytwenty-fullscreen":false},"uagb_author_info":{"display_name":"Alan Palomero","author_link":"https:\/\/ciclovida.ufpr.br\/?author=106"},"uagb_comment_info":0,"uagb_excerpt":"Em palestra realizada na ter\u00e7a-feira (26) na Bicicletaria Cultural, David Couto\u00a0apresentou seu trabalho de mestrado, de forma resumida. A obra foi fruto de tr\u00eas anos de pesquisa que resultaram em [&hellip;]","wps_subtitle":"","_links":{"self":[{"href":"https:\/\/ciclovida.ufpr.br\/index.php?rest_route=\/wp\/v2\/posts\/3142","targetHints":{"allow":["GET"]}}],"collection":[{"href":"https:\/\/ciclovida.ufpr.br\/index.php?rest_route=\/wp\/v2\/posts"}],"about":[{"href":"https:\/\/ciclovida.ufpr.br\/index.php?rest_route=\/wp\/v2\/types\/post"}],"author":[{"embeddable":true,"href":"https:\/\/ciclovida.ufpr.br\/index.php?rest_route=\/wp\/v2\/users\/106"}],"replies":[{"embeddable":true,"href":"https:\/\/ciclovida.ufpr.br\/index.php?rest_route=%2Fwp%2Fv2%2Fcomments&post=3142"}],"version-history":[{"count":5,"href":"https:\/\/ciclovida.ufpr.br\/index.php?rest_route=\/wp\/v2\/posts\/3142\/revisions"}],"predecessor-version":[{"id":3153,"href":"https:\/\/ciclovida.ufpr.br\/index.php?rest_route=\/wp\/v2\/posts\/3142\/revisions\/3153"}],"wp:attachment":[{"href":"https:\/\/ciclovida.ufpr.br\/index.php?rest_route=%2Fwp%2Fv2%2Fmedia&parent=3142"}],"wp:term":[{"taxonomy":"category","embeddable":true,"href":"https:\/\/ciclovida.ufpr.br\/index.php?rest_route=%2Fwp%2Fv2%2Fcategories&post=3142"},{"taxonomy":"post_tag","embeddable":true,"href":"https:\/\/ciclovida.ufpr.br\/index.php?rest_route=%2Fwp%2Fv2%2Ftags&post=3142"}],"curies":[{"name":"wp","href":"https:\/\/api.w.org\/{rel}","templated":true}]}}