{"id":3104,"date":"2015-05-28T15:39:11","date_gmt":"2015-05-28T18:39:11","guid":{"rendered":"https:\/\/ciclovida.ufpr.br\/?p=3104"},"modified":"2015-05-28T15:39:11","modified_gmt":"2015-05-28T18:39:11","slug":"porto-de-paranagua-promove-minicurso-sobre-o-uso-da-bicicleta-na-cidade","status":"publish","type":"post","link":"https:\/\/ciclovida.ufpr.br\/?p=3104","title":{"rendered":"Porto de Paranagu\u00e1 promove minicurso sobre &#8220;o uso da bicicleta na cidade&#8221;"},"content":{"rendered":"<p>A Administra\u00e7\u00e3o dos Portos de Paranagu\u00e1 e Antonina (Appa) promover\u00e1 na segunda (1), ter\u00e7a (2) e quarta-feira (3) oficinas t\u00e9cnicas nas \u00e1reas de res\u00edduos s\u00f3lidos, mobilidade urbana sustent\u00e1vel e controle e preven\u00e7\u00e3o de acidentes ambientais. As oficinas acontecem no audit\u00f3rio da Appa e incluem visitas t\u00e9cnicas ao cais do Porto de Paranagu\u00e1 e \u00e1rea portu\u00e1ria. A programa\u00e7\u00e3o da quarta-feira (3) ter\u00e1 o objetivo de conscientizar as pessoas sobre o tr\u00e2nsito na cidade de Paranagu\u00e1, que \u00e9 a cidade com o maior n\u00famero de bicicletas por habitante do Paran\u00e1. Devido ao intenso fluxo de caminh\u00f5es que chegam a Paranagu\u00e1 para descarregar no Porto &#8211; cerca de 113 mil ve\u00edculos apenas nos tr\u00eas primeiros meses do ano &#8211; a Appa quer proporcionar uma oficina para debater o tema mobilidade urbana sustent\u00e1vel e O Respeito ao Ciclista em Paranagu\u00e1 e na \u00c1rea Portu\u00e1ria. Para esta oficina, que acontecer\u00e1 das 9h \u00e0s 12h, ser\u00e3o 70 vagas. A oficina sobre mobilidade ser\u00e1 ministrada pelo cicloativista Jos\u00e9 Carlos Belotto, que \u00e9 vice-presidente da Federa\u00e7\u00e3o Paranaense de Ciclismo e coordenador do Programa Ciclovida da Universidade Federal do Paran\u00e1 (UFPR)A programa\u00e7\u00e3o da quarta-feira (3) ter\u00e1 o objetivo de conscientizar as pessoas sobre o tr\u00e2nsito na cidade de Paranagu\u00e1, que \u00e9 a cidade com o maior n\u00famero de bicicletas por habitante do Paran\u00e1. Devido ao intenso fluxo de caminh\u00f5es que chegam a Paranagu\u00e1 para descarregar no Porto &#8211; cerca de 113 mil ve\u00edculos apenas nos tr\u00eas primeiros meses do ano &#8211; a Appa quer proporcionar uma oficina para debater o tema mobilidade urbana sustent\u00e1vel e O Respeito ao Ciclista em Paranagu\u00e1 e na \u00c1rea Portu\u00e1ria. Para esta oficina, que acontecer\u00e1 das 9h \u00e0s 12h, ser\u00e3o 70 vagas. A oficina sobre mobilidade ser\u00e1 ministrada pelo cicloativista Jos\u00e9 Carlos Belotto, que \u00e9 vice-presidente da Federa\u00e7\u00e3o Paranaense de Ciclismo e coordenador do Programa Ciclovida da Universidade Federal do Paran\u00e1 (UFPR)<\/p>\n<p>As inscri\u00e7\u00f5es est\u00e3o abertas e podem ser feitas pelo site www.portosdoparana.pr.gov.br<\/p>\n<p>Fonte:http:\/\/www.portosdoparana.pr.gov.br\/modules\/noticias\/makepdf.php?storyid=1417<\/p>\n<p><a href=\"https:\/\/ciclovida.ufpr.br\/wp-content\/uploads\/2015\/05\/BIKE-CARTAZ.jpg\"><img loading=\"lazy\" decoding=\"async\" class=\"alignnone  wp-image-3105\" src=\"https:\/\/ciclovida.ufpr.br\/wp-content\/uploads\/2015\/05\/BIKE-CARTAZ-721x1024.jpg\" alt=\"BIKE-CARTAZ\" width=\"620\" height=\"881\" srcset=\"https:\/\/ciclovida.ufpr.br\/wp-content\/uploads\/2015\/05\/BIKE-CARTAZ-721x1024.jpg 721w, https:\/\/ciclovida.ufpr.br\/wp-content\/uploads\/2015\/05\/BIKE-CARTAZ-211x300.jpg 211w, https:\/\/ciclovida.ufpr.br\/wp-content\/uploads\/2015\/05\/BIKE-CARTAZ.jpg 900w\" sizes=\"auto, (max-width: 620px) 100vw, 620px\" \/><\/a><\/p>\n","protected":false},"excerpt":{"rendered":"<p>A Administra\u00e7\u00e3o dos Portos de Paranagu\u00e1 e Antonina (Appa) promover\u00e1 na segunda (1), ter\u00e7a (2) e quarta-feira (3) oficinas t\u00e9cnicas nas \u00e1reas de res\u00edduos s\u00f3lidos, mobilidade urbana sustent\u00e1vel e controle [&hellip;]<\/p>\n","protected":false},"author":106,"featured_media":0,"comment_status":"open","ping_status":"open","sticky":false,"template":"","format":"standard","meta":{"_uag_custom_page_level_css":"","ngg_post_thumbnail":0,"footnotes":""},"categories":[6,1,9],"tags":[],"class_list":["post-3104","post","type-post","status-publish","format-standard","hentry","category-eventos","category-noticias","category-utilitarios"],"gutentor_comment":0,"featured_image_src":"","featured_image_src_square":false,"author_info":{"display_name":"Alan Palomero","author_link":"https:\/\/ciclovida.ufpr.br\/?author=106"},"rbea_author_info":{"display_name":"Alan Palomero","author_link":"https:\/\/ciclovida.ufpr.br\/?author=106"},"rbea_excerpt_info":"A Administra\u00e7\u00e3o dos Portos de Paranagu\u00e1 e Antonina (Appa) promover\u00e1 na segunda (1), ter\u00e7a (2) e quarta-feira (3) oficinas t\u00e9cnicas nas \u00e1reas de res\u00edduos s\u00f3lidos, mobilidade urbana sustent\u00e1vel e controle [&hellip;]","category_list":"<a href=\"https:\/\/ciclovida.ufpr.br\/?cat=6\" rel=\"category\">Eventos<\/a>, <a href=\"https:\/\/ciclovida.ufpr.br\/?cat=1\" rel=\"category\">Not\u00edcias<\/a>, <a href=\"https:\/\/ciclovida.ufpr.br\/?cat=9\" rel=\"category\">Utilit\u00e1rios<\/a>","comments_num":"0 comments","uagb_featured_image_src":{"full":false,"thumbnail":false,"medium":false,"medium_large":false,"large":false,"1536x1536":false,"2048x2048":false,"post-thumbnail":false,"twentytwenty-fullscreen":false},"uagb_author_info":{"display_name":"Alan Palomero","author_link":"https:\/\/ciclovida.ufpr.br\/?author=106"},"uagb_comment_info":0,"uagb_excerpt":"A Administra\u00e7\u00e3o dos Portos de Paranagu\u00e1 e Antonina (Appa) promover\u00e1 na segunda (1), ter\u00e7a (2) e quarta-feira (3) oficinas t\u00e9cnicas nas \u00e1reas de res\u00edduos s\u00f3lidos, mobilidade urbana sustent\u00e1vel e controle [&hellip;]","wps_subtitle":"","_links":{"self":[{"href":"https:\/\/ciclovida.ufpr.br\/index.php?rest_route=\/wp\/v2\/posts\/3104","targetHints":{"allow":["GET"]}}],"collection":[{"href":"https:\/\/ciclovida.ufpr.br\/index.php?rest_route=\/wp\/v2\/posts"}],"about":[{"href":"https:\/\/ciclovida.ufpr.br\/index.php?rest_route=\/wp\/v2\/types\/post"}],"author":[{"embeddable":true,"href":"https:\/\/ciclovida.ufpr.br\/index.php?rest_route=\/wp\/v2\/users\/106"}],"replies":[{"embeddable":true,"href":"https:\/\/ciclovida.ufpr.br\/index.php?rest_route=%2Fwp%2Fv2%2Fcomments&post=3104"}],"version-history":[{"count":2,"href":"https:\/\/ciclovida.ufpr.br\/index.php?rest_route=\/wp\/v2\/posts\/3104\/revisions"}],"predecessor-version":[{"id":3107,"href":"https:\/\/ciclovida.ufpr.br\/index.php?rest_route=\/wp\/v2\/posts\/3104\/revisions\/3107"}],"wp:attachment":[{"href":"https:\/\/ciclovida.ufpr.br\/index.php?rest_route=%2Fwp%2Fv2%2Fmedia&parent=3104"}],"wp:term":[{"taxonomy":"category","embeddable":true,"href":"https:\/\/ciclovida.ufpr.br\/index.php?rest_route=%2Fwp%2Fv2%2Fcategories&post=3104"},{"taxonomy":"post_tag","embeddable":true,"href":"https:\/\/ciclovida.ufpr.br\/index.php?rest_route=%2Fwp%2Fv2%2Ftags&post=3104"}],"curies":[{"name":"wp","href":"https:\/\/api.w.org\/{rel}","templated":true}]}}