{"id":3059,"date":"2015-05-25T15:55:50","date_gmt":"2015-05-25T18:55:50","guid":{"rendered":"https:\/\/ciclovida.ufpr.br\/?p=3059"},"modified":"2015-05-27T16:47:18","modified_gmt":"2015-05-27T19:47:18","slug":"nesta-terca-feira-apresentacao-de-trabalho-de-mestrado-sobre-o-cicloativismo-em-curitiba","status":"publish","type":"post","link":"https:\/\/ciclovida.ufpr.br\/?p=3059","title":{"rendered":"Nesta ter\u00e7a-feira, apresenta\u00e7\u00e3o de trabalho de mestrado sobre o cicloativismo em Curitiba"},"content":{"rendered":"<p>O trabalho realiza uma an\u00e1lise hist\u00f3rico-social sobre a utiliza\u00e7\u00e3o da bicicleta como s\u00edmbolo pol\u00edtico cr\u00edtico a um modelo cultural de locomo\u00e7\u00e3o e urbaniza\u00e7\u00e3o que tem no carro seu principal s\u00edmbolo. A pesquisa direcionou seu olhar \u00e0s transforma\u00e7\u00f5es ocorridas no tipo de ativismo realizado pelo movimento que originou a Bicicletada de Curitiba e que culminou na funda\u00e7\u00e3o da Associa\u00e7\u00e3o de Ciclistas do Alto Igua\u00e7u, a CicloIgua\u00e7u. Tais processos s\u00e3o analisados, principalmente, \u00e0 luz da perspectiva geracional e das trajet\u00f3rias pol\u00edtica e de vida de seus participantes.<br \/>\nTodos est\u00e3o convidados a comparecerem, na noite de ter\u00e7a-feira(26), \u00e0s 19:30h, na Bicicletaria Cultural (Rua Presidente Faria, 226 &#8211; Centro).<\/p>\n<p><a href=\"https:\/\/ciclovida.ufpr.br\/wp-content\/uploads\/2015\/05\/cartaz-david.jpg\"><img loading=\"lazy\" decoding=\"async\" class=\"alignnone  wp-image-3060\" src=\"https:\/\/ciclovida.ufpr.br\/wp-content\/uploads\/2015\/05\/cartaz-david-300x169.jpg\" alt=\"cartaz-david\" width=\"591\" height=\"333\" srcset=\"https:\/\/ciclovida.ufpr.br\/wp-content\/uploads\/2015\/05\/cartaz-david-300x169.jpg 300w, https:\/\/ciclovida.ufpr.br\/wp-content\/uploads\/2015\/05\/cartaz-david-1024x577.jpg 1024w, https:\/\/ciclovida.ufpr.br\/wp-content\/uploads\/2015\/05\/cartaz-david.jpg 1597w\" sizes=\"auto, (max-width: 591px) 100vw, 591px\" \/><\/a><\/p>\n<p>&nbsp;<\/p>\n<p>Via:\u00a0www.bicicultural.com<\/p>\n","protected":false},"excerpt":{"rendered":"<p>O trabalho realiza uma an\u00e1lise hist\u00f3rico-social sobre a utiliza\u00e7\u00e3o da bicicleta como s\u00edmbolo pol\u00edtico cr\u00edtico a um modelo cultural de locomo\u00e7\u00e3o e urbaniza\u00e7\u00e3o que tem no carro seu principal s\u00edmbolo. [&hellip;]<\/p>\n","protected":false},"author":106,"featured_media":0,"comment_status":"open","ping_status":"open","sticky":false,"template":"","format":"standard","meta":{"_uag_custom_page_level_css":"","ngg_post_thumbnail":0,"footnotes":""},"categories":[1],"tags":[],"class_list":["post-3059","post","type-post","status-publish","format-standard","hentry","category-noticias"],"gutentor_comment":0,"featured_image_src":"","featured_image_src_square":false,"author_info":{"display_name":"Alan Palomero","author_link":"https:\/\/ciclovida.ufpr.br\/?author=106"},"rbea_author_info":{"display_name":"Alan Palomero","author_link":"https:\/\/ciclovida.ufpr.br\/?author=106"},"rbea_excerpt_info":"O trabalho realiza uma an\u00e1lise hist\u00f3rico-social sobre a utiliza\u00e7\u00e3o da bicicleta como s\u00edmbolo pol\u00edtico cr\u00edtico a um modelo cultural de locomo\u00e7\u00e3o e urbaniza\u00e7\u00e3o que tem no carro seu principal s\u00edmbolo. [&hellip;]","category_list":"<a href=\"https:\/\/ciclovida.ufpr.br\/?cat=1\" rel=\"category\">Not\u00edcias<\/a>","comments_num":"0 comments","uagb_featured_image_src":{"full":false,"thumbnail":false,"medium":false,"medium_large":false,"large":false,"1536x1536":false,"2048x2048":false,"post-thumbnail":false,"twentytwenty-fullscreen":false},"uagb_author_info":{"display_name":"Alan Palomero","author_link":"https:\/\/ciclovida.ufpr.br\/?author=106"},"uagb_comment_info":0,"uagb_excerpt":"O trabalho realiza uma an\u00e1lise hist\u00f3rico-social sobre a utiliza\u00e7\u00e3o da bicicleta como s\u00edmbolo pol\u00edtico cr\u00edtico a um modelo cultural de locomo\u00e7\u00e3o e urbaniza\u00e7\u00e3o que tem no carro seu principal s\u00edmbolo. [&hellip;]","wps_subtitle":"","_links":{"self":[{"href":"https:\/\/ciclovida.ufpr.br\/index.php?rest_route=\/wp\/v2\/posts\/3059","targetHints":{"allow":["GET"]}}],"collection":[{"href":"https:\/\/ciclovida.ufpr.br\/index.php?rest_route=\/wp\/v2\/posts"}],"about":[{"href":"https:\/\/ciclovida.ufpr.br\/index.php?rest_route=\/wp\/v2\/types\/post"}],"author":[{"embeddable":true,"href":"https:\/\/ciclovida.ufpr.br\/index.php?rest_route=\/wp\/v2\/users\/106"}],"replies":[{"embeddable":true,"href":"https:\/\/ciclovida.ufpr.br\/index.php?rest_route=%2Fwp%2Fv2%2Fcomments&post=3059"}],"version-history":[{"count":3,"href":"https:\/\/ciclovida.ufpr.br\/index.php?rest_route=\/wp\/v2\/posts\/3059\/revisions"}],"predecessor-version":[{"id":3064,"href":"https:\/\/ciclovida.ufpr.br\/index.php?rest_route=\/wp\/v2\/posts\/3059\/revisions\/3064"}],"wp:attachment":[{"href":"https:\/\/ciclovida.ufpr.br\/index.php?rest_route=%2Fwp%2Fv2%2Fmedia&parent=3059"}],"wp:term":[{"taxonomy":"category","embeddable":true,"href":"https:\/\/ciclovida.ufpr.br\/index.php?rest_route=%2Fwp%2Fv2%2Fcategories&post=3059"},{"taxonomy":"post_tag","embeddable":true,"href":"https:\/\/ciclovida.ufpr.br\/index.php?rest_route=%2Fwp%2Fv2%2Ftags&post=3059"}],"curies":[{"name":"wp","href":"https:\/\/api.w.org\/{rel}","templated":true}]}}