{"id":2892,"date":"2014-11-18T15:41:07","date_gmt":"2014-11-18T18:41:07","guid":{"rendered":"https:\/\/ciclovida.ufpr.br\/?p=2892"},"modified":"2014-11-18T15:41:07","modified_gmt":"2014-11-18T18:41:07","slug":"3o-seminario-de-confraternizacao-do-programa-ciclovida","status":"publish","type":"post","link":"https:\/\/ciclovida.ufpr.br\/?p=2892","title":{"rendered":"3\u00ba Semin\u00e1rio de confraterniza\u00e7\u00e3o do Programa Ciclovida"},"content":{"rendered":"<p style=\"text-align: left;\" align=\"center\">No \u00faltimo dia 11 de novembro, aconteceu o 3\u00ba Semin\u00e1rio de confraterniza\u00e7\u00e3o do Programa Ciclovida. O evento, que teve in\u00edcio em 2012, apresentou um balan\u00e7o anual das atividades e projetos que foram desenvolvidos pelo programa durante o ano de 2014. Esse anos, o Semin\u00e1rio tamb\u00e9m recebeu apresenta\u00e7\u00f5es de grupos de pesquisa, grupos de extens\u00e3o e trabalhos acad\u00eamicos que possuam o tema correlato com o programa.<\/p>\n<p style=\"text-align: left;\">Ao todo, mais de 50 pessoas estiverem presentes. Entre elas os coordenadores, volunt\u00e1rios e bolsistas do Programa Ciclovida, bem como, a coordenadora do Plano Diretor da UFPR, Prof\u00aa Maria Luiza M. Dias, a Coordenadora de Extens\u00e3o Prof\u00aa Iara Thielen, a Chefe do departamento da Gest\u00e3o da Informa\u00e7\u00e3o Prof\u00aa Edmeire Cristina Pereira, Prof\u00ba Marcelo Errera da Engenharia Ambiental, Prof\u00ba Mario Messagi da Comunica\u00e7\u00e3o Social, o Coordenador Geral da Cicloigua\u00e7u Goura Nataraj e Representando a Policia Militar do Paran\u00e1 o Tenente Perreto .<\/p>\n<p>Esse ano os seguintes projetos foram apresentados durante o semin\u00e1rio:<\/p>\n<p><b>-Se Essa Rua Fosse Nossa: professores de Design da UTFPR<\/b><b>:\u00a0Ana Fran\u00e7a,\u00a0Marco Mazzarotto e\u00a0Gheysa Prado;<\/b><\/p>\n<p><b>-Guia de \u00d4nibus de Curitiba: Consultora em Sustentabilidade D\u00e9bora Munhoz;<\/b><\/p>\n<p><b>&#8211; Educa\u00e7\u00e3o de Tr\u00e2nsito em S\u00e3o Jos\u00e9 dos Pinhais: Pedagogas Josiane Arruda e Silvana Ferraz;<\/b><\/p>\n<p><b>-Mobilidade Sustent\u00e1vel no Curso de Arquitetura e Urbanismo da UFPR: Prof\u00aa Cristana Araujo Lima;<\/b><\/p>\n<p><b>-Desafio Intermodal na Engenharia de Trafego: alunos do PET da Eng\u00aa Civil, Marcela Hortega, Matheus Freitase e <\/b><b>Leandro Castelani;<\/b><\/p>\n<p><b>-Transmiss\u00e3o on line do Desafio Intermodal 2014: aluno de psicologia Rafael Buratto;<\/b><\/p>\n<p><b>-TCC Estudo de Caso do Sistema Ciclovi\u00e1rio de Paranagu\u00e1: Formando de Gest\u00e3o Ambiental Rodolfo Lisboa de Miranda;<\/b><\/p>\n<p><b>&#8211; Paraciclos M\u00f3veis: Prof\u00ba Ken Fonseca do Design UFPR;<\/b><\/p>\n<p><b>&#8211; Oficina Diagn\u00f3stico do uso da Bicicleta nas Escolas Estaduais de Antonina: aluno de Design Guilherme Akio e o aluno de Artes Hudson Correia Santos;<\/b><\/p>\n<p><b>-Estudo de acessibilidade em Hospitais: aluno de Engenharia Civil Wilhan Klevis de Queiroz;<\/b><\/p>\n<p><b>-Planilha para o calculo dos resultados do Desafio Intermodal: aluno de Engenharia Civil Wilhan Klevis de Queiroz e o aluno de Engenharia da Produ\u00e7\u00e3o Raphael Andrei Pereira;<\/b><\/p>\n<p><b>-Panorama Geral do Ciclovida: Jos\u00e9 Carlos Assun\u00e7\u00e3o Belotto.<\/b><\/p>\n<p>Para o coordenador do Programa Ciclovida, esse evento \u00e9 uma \u00f3tima oportunidade para beneficiar o programa e a causa da mobilidade sustent\u00e1vel, j\u00e1 que \u00e9 um momento de integrar os diversos participantes e parceiros do Cilcovida. \u201cDevido a nossa atua\u00e7\u00e3o itinerante pela universidade, na sociedade em geral, e tamb\u00e9m ao nosso grande n\u00famero de participantes, dificilmente conseguimos reunir todos juntos para analisar os resultados e produzir novas ideias. Para isso o semin\u00e1rio se tornou uma op\u00e7\u00e3o perfeita. Analisamos os resultados obtidos em 2014, conhecemos novos projetos dentro da nossa \u00e1rea de atua\u00e7\u00e3o e podemos planejar de forma mais din\u00e2mica o ano de 2015\u201d, afirma Belotto.<\/p>\n<p>O evento aconteceu na Associa\u00e7\u00e3o dos Servidores da UFPR que, gentilmente, cedeu o espa\u00e7o para o Ciclovida fazer o semin\u00e1rio e finalizar com um delicioso jantar proporcionado pelo restaurante Tartaruga.<\/p>\n<p style=\"text-align: center;\"><a href=\"https:\/\/ciclovida.ufpr.br\/wp-content\/uploads\/2014\/11\/IMG_9015.jpg\"><img loading=\"lazy\" decoding=\"async\" class=\"aligncenter  wp-image-2899\" alt=\"IMG_9015\" src=\"https:\/\/ciclovida.ufpr.br\/wp-content\/uploads\/2014\/11\/IMG_9015-1024x768.jpg\" width=\"614\" height=\"461\" srcset=\"https:\/\/ciclovida.ufpr.br\/wp-content\/uploads\/2014\/11\/IMG_9015-1024x768.jpg 1024w, https:\/\/ciclovida.ufpr.br\/wp-content\/uploads\/2014\/11\/IMG_9015-300x225.jpg 300w\" sizes=\"auto, (max-width: 614px) 100vw, 614px\" \/><\/a> <a href=\"https:\/\/ciclovida.ufpr.br\/wp-content\/uploads\/2014\/11\/IMG_9005.jpg\"><img loading=\"lazy\" decoding=\"async\" class=\"aligncenter  wp-image-2898\" alt=\"IMG_9005\" src=\"https:\/\/ciclovida.ufpr.br\/wp-content\/uploads\/2014\/11\/IMG_9005-1024x575.jpg\" width=\"614\" height=\"345\" srcset=\"https:\/\/ciclovida.ufpr.br\/wp-content\/uploads\/2014\/11\/IMG_9005-1024x575.jpg 1024w, https:\/\/ciclovida.ufpr.br\/wp-content\/uploads\/2014\/11\/IMG_9005-300x168.jpg 300w\" sizes=\"auto, (max-width: 614px) 100vw, 614px\" \/><\/a> <a href=\"https:\/\/ciclovida.ufpr.br\/wp-content\/uploads\/2014\/11\/IMG_9001.jpg\"><img loading=\"lazy\" decoding=\"async\" class=\"aligncenter  wp-image-2897\" alt=\"IMG_9001\" src=\"https:\/\/ciclovida.ufpr.br\/wp-content\/uploads\/2014\/11\/IMG_9001-1024x768.jpg\" width=\"614\" height=\"461\" srcset=\"https:\/\/ciclovida.ufpr.br\/wp-content\/uploads\/2014\/11\/IMG_9001-1024x768.jpg 1024w, https:\/\/ciclovida.ufpr.br\/wp-content\/uploads\/2014\/11\/IMG_9001-300x225.jpg 300w\" sizes=\"auto, (max-width: 614px) 100vw, 614px\" \/><\/a> <a href=\"https:\/\/ciclovida.ufpr.br\/wp-content\/uploads\/2014\/11\/IMG_8996.jpg\"><img loading=\"lazy\" decoding=\"async\" class=\"aligncenter  wp-image-2896\" alt=\"IMG_8996\" src=\"https:\/\/ciclovida.ufpr.br\/wp-content\/uploads\/2014\/11\/IMG_8996-1024x768.jpg\" width=\"614\" height=\"461\" srcset=\"https:\/\/ciclovida.ufpr.br\/wp-content\/uploads\/2014\/11\/IMG_8996-1024x768.jpg 1024w, https:\/\/ciclovida.ufpr.br\/wp-content\/uploads\/2014\/11\/IMG_8996-300x225.jpg 300w\" sizes=\"auto, (max-width: 614px) 100vw, 614px\" \/><\/a> <a href=\"https:\/\/ciclovida.ufpr.br\/wp-content\/uploads\/2014\/11\/IMG_8981.jpg\"><img loading=\"lazy\" decoding=\"async\" class=\"aligncenter  wp-image-2895\" alt=\"IMG_8981\" src=\"https:\/\/ciclovida.ufpr.br\/wp-content\/uploads\/2014\/11\/IMG_8981-1024x768.jpg\" width=\"614\" height=\"461\" srcset=\"https:\/\/ciclovida.ufpr.br\/wp-content\/uploads\/2014\/11\/IMG_8981-1024x768.jpg 1024w, https:\/\/ciclovida.ufpr.br\/wp-content\/uploads\/2014\/11\/IMG_8981-300x225.jpg 300w\" sizes=\"auto, (max-width: 614px) 100vw, 614px\" \/><\/a> <a href=\"https:\/\/ciclovida.ufpr.br\/wp-content\/uploads\/2014\/11\/IMG_8980.jpg\"><img loading=\"lazy\" decoding=\"async\" class=\"aligncenter  wp-image-2894\" alt=\"IMG_8980\" src=\"https:\/\/ciclovida.ufpr.br\/wp-content\/uploads\/2014\/11\/IMG_8980-1024x768.jpg\" width=\"614\" height=\"461\" srcset=\"https:\/\/ciclovida.ufpr.br\/wp-content\/uploads\/2014\/11\/IMG_8980-1024x768.jpg 1024w, https:\/\/ciclovida.ufpr.br\/wp-content\/uploads\/2014\/11\/IMG_8980-300x225.jpg 300w\" sizes=\"auto, (max-width: 614px) 100vw, 614px\" \/><\/a> <a href=\"https:\/\/ciclovida.ufpr.br\/wp-content\/uploads\/2014\/11\/IMG_8979.jpg\"><img loading=\"lazy\" decoding=\"async\" class=\"aligncenter  wp-image-2893\" alt=\"IMG_8979\" src=\"https:\/\/ciclovida.ufpr.br\/wp-content\/uploads\/2014\/11\/IMG_8979-1024x768.jpg\" width=\"614\" height=\"461\" srcset=\"https:\/\/ciclovida.ufpr.br\/wp-content\/uploads\/2014\/11\/IMG_8979-1024x768.jpg 1024w, https:\/\/ciclovida.ufpr.br\/wp-content\/uploads\/2014\/11\/IMG_8979-300x225.jpg 300w\" sizes=\"auto, (max-width: 614px) 100vw, 614px\" \/><\/a> <a href=\"https:\/\/ciclovida.ufpr.br\/wp-content\/uploads\/2014\/11\/IMG_9039.jpg\"><img loading=\"lazy\" decoding=\"async\" class=\"aligncenter  wp-image-2900\" alt=\"IMG_9039\" src=\"https:\/\/ciclovida.ufpr.br\/wp-content\/uploads\/2014\/11\/IMG_9039-1024x768.jpg\" width=\"614\" height=\"461\" srcset=\"https:\/\/ciclovida.ufpr.br\/wp-content\/uploads\/2014\/11\/IMG_9039-1024x768.jpg 1024w, https:\/\/ciclovida.ufpr.br\/wp-content\/uploads\/2014\/11\/IMG_9039-300x225.jpg 300w\" sizes=\"auto, (max-width: 614px) 100vw, 614px\" \/><\/a> <a href=\"https:\/\/ciclovida.ufpr.br\/wp-content\/uploads\/2014\/11\/IMG_9055.jpg\"><img loading=\"lazy\" decoding=\"async\" class=\"aligncenter  wp-image-2901\" alt=\"IMG_9055\" src=\"https:\/\/ciclovida.ufpr.br\/wp-content\/uploads\/2014\/11\/IMG_9055-1024x575.jpg\" width=\"614\" height=\"345\" srcset=\"https:\/\/ciclovida.ufpr.br\/wp-content\/uploads\/2014\/11\/IMG_9055-1024x575.jpg 1024w, https:\/\/ciclovida.ufpr.br\/wp-content\/uploads\/2014\/11\/IMG_9055-300x168.jpg 300w\" sizes=\"auto, (max-width: 614px) 100vw, 614px\" \/><\/a> <a href=\"https:\/\/ciclovida.ufpr.br\/wp-content\/uploads\/2014\/11\/IMG_9072.jpg\"><img loading=\"lazy\" decoding=\"async\" class=\"aligncenter  wp-image-2902\" alt=\"IMG_9072\" src=\"https:\/\/ciclovida.ufpr.br\/wp-content\/uploads\/2014\/11\/IMG_9072-1024x768.jpg\" width=\"614\" height=\"461\" srcset=\"https:\/\/ciclovida.ufpr.br\/wp-content\/uploads\/2014\/11\/IMG_9072-1024x768.jpg 1024w, https:\/\/ciclovida.ufpr.br\/wp-content\/uploads\/2014\/11\/IMG_9072-300x225.jpg 300w\" sizes=\"auto, (max-width: 614px) 100vw, 614px\" \/><\/a><a href=\"https:\/\/ciclovida.ufpr.br\/wp-content\/uploads\/2014\/11\/IMG_9079.jpg\"><img loading=\"lazy\" decoding=\"async\" class=\"aligncenter  wp-image-2903\" alt=\"IMG_9079\" src=\"https:\/\/ciclovida.ufpr.br\/wp-content\/uploads\/2014\/11\/IMG_9079-1024x768.jpg\" width=\"614\" height=\"461\" srcset=\"https:\/\/ciclovida.ufpr.br\/wp-content\/uploads\/2014\/11\/IMG_9079-1024x768.jpg 1024w, https:\/\/ciclovida.ufpr.br\/wp-content\/uploads\/2014\/11\/IMG_9079-300x225.jpg 300w\" sizes=\"auto, (max-width: 614px) 100vw, 614px\" \/><\/a><\/p>\n<p style=\"text-align: center;\">\n","protected":false},"excerpt":{"rendered":"<p>No \u00faltimo dia 11 de novembro, aconteceu o 3\u00ba Semin\u00e1rio de confraterniza\u00e7\u00e3o do Programa Ciclovida. O evento, que teve in\u00edcio em 2012, apresentou um balan\u00e7o anual das atividades e projetos [&hellip;]<\/p>\n","protected":false},"author":5,"featured_media":0,"comment_status":"open","ping_status":"open","sticky":false,"template":"","format":"standard","meta":{"_uag_custom_page_level_css":"","ngg_post_thumbnail":0,"footnotes":""},"categories":[1],"tags":[],"class_list":["post-2892","post","type-post","status-publish","format-standard","hentry","category-noticias"],"gutentor_comment":0,"featured_image_src":"","featured_image_src_square":false,"author_info":{"display_name":"paulabianchi","author_link":"https:\/\/ciclovida.ufpr.br\/?author=5"},"rbea_author_info":{"display_name":"paulabianchi","author_link":"https:\/\/ciclovida.ufpr.br\/?author=5"},"rbea_excerpt_info":"No \u00faltimo dia 11 de novembro, aconteceu o 3\u00ba Semin\u00e1rio de confraterniza\u00e7\u00e3o do Programa Ciclovida. O evento, que teve in\u00edcio em 2012, apresentou um balan\u00e7o anual das atividades e projetos [&hellip;]","category_list":"<a href=\"https:\/\/ciclovida.ufpr.br\/?cat=1\" rel=\"category\">Not\u00edcias<\/a>","comments_num":"0 comments","uagb_featured_image_src":{"full":false,"thumbnail":false,"medium":false,"medium_large":false,"large":false,"1536x1536":false,"2048x2048":false,"post-thumbnail":false,"twentytwenty-fullscreen":false},"uagb_author_info":{"display_name":"paulabianchi","author_link":"https:\/\/ciclovida.ufpr.br\/?author=5"},"uagb_comment_info":0,"uagb_excerpt":"No \u00faltimo dia 11 de novembro, aconteceu o 3\u00ba Semin\u00e1rio de confraterniza\u00e7\u00e3o do Programa Ciclovida. O evento, que teve in\u00edcio em 2012, apresentou um balan\u00e7o anual das atividades e projetos [&hellip;]","wps_subtitle":"","_links":{"self":[{"href":"https:\/\/ciclovida.ufpr.br\/index.php?rest_route=\/wp\/v2\/posts\/2892","targetHints":{"allow":["GET"]}}],"collection":[{"href":"https:\/\/ciclovida.ufpr.br\/index.php?rest_route=\/wp\/v2\/posts"}],"about":[{"href":"https:\/\/ciclovida.ufpr.br\/index.php?rest_route=\/wp\/v2\/types\/post"}],"author":[{"embeddable":true,"href":"https:\/\/ciclovida.ufpr.br\/index.php?rest_route=\/wp\/v2\/users\/5"}],"replies":[{"embeddable":true,"href":"https:\/\/ciclovida.ufpr.br\/index.php?rest_route=%2Fwp%2Fv2%2Fcomments&post=2892"}],"version-history":[{"count":2,"href":"https:\/\/ciclovida.ufpr.br\/index.php?rest_route=\/wp\/v2\/posts\/2892\/revisions"}],"predecessor-version":[{"id":2941,"href":"https:\/\/ciclovida.ufpr.br\/index.php?rest_route=\/wp\/v2\/posts\/2892\/revisions\/2941"}],"wp:attachment":[{"href":"https:\/\/ciclovida.ufpr.br\/index.php?rest_route=%2Fwp%2Fv2%2Fmedia&parent=2892"}],"wp:term":[{"taxonomy":"category","embeddable":true,"href":"https:\/\/ciclovida.ufpr.br\/index.php?rest_route=%2Fwp%2Fv2%2Fcategories&post=2892"},{"taxonomy":"post_tag","embeddable":true,"href":"https:\/\/ciclovida.ufpr.br\/index.php?rest_route=%2Fwp%2Fv2%2Ftags&post=2892"}],"curies":[{"name":"wp","href":"https:\/\/api.w.org\/{rel}","templated":true}]}}