{"id":2887,"date":"2014-11-15T15:32:58","date_gmt":"2014-11-15T18:32:58","guid":{"rendered":"https:\/\/ciclovida.ufpr.br\/?p=2887"},"modified":"2014-11-14T15:34:15","modified_gmt":"2014-11-14T18:34:15","slug":"comissao-aprova-ciclovias-em-areas-urbanas-cortadas-por-rodovias-federais","status":"publish","type":"post","link":"https:\/\/ciclovida.ufpr.br\/?p=2887","title":{"rendered":"Comiss\u00e3o aprova ciclovias em \u00e1reas urbanas cortadas por rodovias federais"},"content":{"rendered":"<p>Por <a href=\"http:\/\/www2.camara.leg.br\/camaranoticias\/noticias\/TRANSPORTE-E-TRANSITO\/477271-COMISSAO-APROVA-CICLOVIAS-EM-AREAS-URBANAS-CORTADAS-POR-RODOVIAS-FEDERAIS.html?utm_campaign=boletim&amp;utm_source=agencia&amp;utm_medium=email\">C\u00e2mara dos Deputados<\/a><\/p>\n<div>\n<div><\/div>\n<div>\n<div>\n<div><\/div>\n<div><img loading=\"lazy\" decoding=\"async\" style=\"border: 0px;\" tabindex=\"0\" alt=\"DEP_JAIME MARTINS\" src=\"https:\/\/mail.google.com\/mail\/u\/0\/?ui=2&amp;ik=3c0cc376f4&amp;view=fimg&amp;th=149a470bd5036b40&amp;attid=0.1&amp;disp=emb&amp;realattid=d128004ceb862af7_0.1&amp;attbid=ANGjdJ9qg_Q70-sSNBo3JsentIYo_v2isagWMAv7YKnmQBVWSUAsiMyQb6yDJTIOERsKoSCqPeAsmPm66_Kd0Pfu33BT20QZq-QQb2zKLxXHRicyUgc5_3IBmtgyWdE&amp;sz=w1600-h1000&amp;ats=1415989707180&amp;rm=149a470bd5036b40&amp;zw&amp;atsh=1\" width=\"538\" height=\"358\" border=\"0\" \/><\/p>\n<div dir=\"ltr\"><\/div>\n<\/div>\n<div>Jaime Martins acatou sugest\u00e3o do deputado F\u00e1bio Ramalho.<\/div>\n<\/div>\n<p>A Comiss\u00e3o de Via\u00e7\u00e3o e Transportes da C\u00e2mara dos Deputados aprovou, na quarta-feira (5), proposta que exige a constru\u00e7\u00e3o de ciclovias em \u00e1reas urbanas cortadas por rodovias federais e em trechos rurais de at\u00e9 30 quil\u00f4metros de extens\u00e3o a partir do per\u00edmetro urbano de cada munic\u00edpio, desde que tecnicamente vi\u00e1veis.O texto original (PL\u00a0<a href=\"http:\/\/www2.camara.leg.br\/camaranoticias\/noticias\/TRANSPORTE-E-TRANSITO\/208012-PROJETO-TORNA-OBRIGATORIA-CICLOVIA-EM-RODOVIA-FEDERAL.html\" target=\"_blank\">2629\/11<\/a>), do deputado F\u00e1bio Faria (PSD-RN), tornava obrigat\u00f3ria a inclus\u00e3o de ciclovias em todos os projetos e execu\u00e7\u00f5es de obras de constru\u00e7\u00e3o, amplia\u00e7\u00e3o ou adequa\u00e7\u00e3o de rodovias federais.<\/p>\n<p>Inicialmente, o relator, deputado Jaime Martins (PSD-MG), apresentou parecer pela rejei\u00e7\u00e3o da medida, por considerar que n\u00e3o seria razo\u00e1vel exigir ciclovias ao longo de todas as rodovias federais do Pa\u00eds, \u201cprincipalmente em regi\u00f5es em que a dist\u00e2ncia entre as \u00e1reas urbanas \u00e9 imensa, como no Norte e em partes do Centro-Oeste, onde o fluxo de ciclistas n\u00e3o teria volume suficiente para justificar o investimento\u201d.<\/p>\n<p>O parlamentar, no entanto, aceitou o\u00a0voto em separado\u00a0do deputado F\u00e1bio Ramalho (PV-MG), que determina a constru\u00e7\u00e3o das ciclovias apenas em pequenos trechos entre os munic\u00edpios para melhorar as condi\u00e7\u00f5es de seguran\u00e7a dos cidad\u00e3os que se utilizam de bicicletas no tr\u00e2nsito entre a zona rural e os centros urbanos, ou mesmo entre centros urbanos pr\u00f3ximos conectados por rodovias federais.<\/p>\n<p>O\u00a0<a href=\"http:\/\/www.camara.gov.br\/proposicoesWeb\/prop_mostrarintegra?codteor=1257525&amp;filename=Parecer-CVT-28-05-2014\" target=\"_blank\">texto aprovado<\/a>\u00a0na comiss\u00e3o dispensa a constru\u00e7\u00e3o da ciclovia em trechos que apresentem inviabilidade t\u00e9cnica, devidamente comprovada por \u00f3rg\u00e3o t\u00e9cnico competente.<\/p>\n<p>No caso de contratos de concess\u00e3o de rodovias federais vigentes na data de publica\u00e7\u00e3o da futura lei, a obriga\u00e7\u00e3o de implanta\u00e7\u00e3o de ciclovias, assim como de sua conserva\u00e7\u00e3o e manuten\u00e7\u00e3o, dever\u00e1 ser inclu\u00edda na renova\u00e7\u00e3o contratual.<\/p>\n<p><strong>Tramita\u00e7\u00e3o<\/strong><br \/>\nA proposta, que tramita em\u00a0car\u00e1ter conclusivo, ser\u00e1 analisada ainda pela Comiss\u00e3o de Constitui\u00e7\u00e3o e Justi\u00e7a e de Cidadania (CCJ).<\/p>\n<\/div>\n<\/div>\n","protected":false},"excerpt":{"rendered":"<p>Por C\u00e2mara dos Deputados Jaime Martins acatou sugest\u00e3o do deputado F\u00e1bio Ramalho. A Comiss\u00e3o de Via\u00e7\u00e3o e Transportes da C\u00e2mara dos Deputados aprovou, na quarta-feira (5), proposta que exige a [&hellip;]<\/p>\n","protected":false},"author":5,"featured_media":0,"comment_status":"open","ping_status":"open","sticky":false,"template":"","format":"standard","meta":{"_uag_custom_page_level_css":"","ngg_post_thumbnail":0,"footnotes":""},"categories":[1],"tags":[],"class_list":["post-2887","post","type-post","status-publish","format-standard","hentry","category-noticias"],"gutentor_comment":0,"featured_image_src":"","featured_image_src_square":false,"author_info":{"display_name":"paulabianchi","author_link":"https:\/\/ciclovida.ufpr.br\/?author=5"},"rbea_author_info":{"display_name":"paulabianchi","author_link":"https:\/\/ciclovida.ufpr.br\/?author=5"},"rbea_excerpt_info":"Por C\u00e2mara dos Deputados Jaime Martins acatou sugest\u00e3o do deputado F\u00e1bio Ramalho. A Comiss\u00e3o de Via\u00e7\u00e3o e Transportes da C\u00e2mara dos Deputados aprovou, na quarta-feira (5), proposta que exige a [&hellip;]","category_list":"<a href=\"https:\/\/ciclovida.ufpr.br\/?cat=1\" rel=\"category\">Not\u00edcias<\/a>","comments_num":"0 comments","uagb_featured_image_src":{"full":false,"thumbnail":false,"medium":false,"medium_large":false,"large":false,"1536x1536":false,"2048x2048":false,"post-thumbnail":false,"twentytwenty-fullscreen":false},"uagb_author_info":{"display_name":"paulabianchi","author_link":"https:\/\/ciclovida.ufpr.br\/?author=5"},"uagb_comment_info":0,"uagb_excerpt":"Por C\u00e2mara dos Deputados Jaime Martins acatou sugest\u00e3o do deputado F\u00e1bio Ramalho. A Comiss\u00e3o de Via\u00e7\u00e3o e Transportes da C\u00e2mara dos Deputados aprovou, na quarta-feira (5), proposta que exige a [&hellip;]","wps_subtitle":"","_links":{"self":[{"href":"https:\/\/ciclovida.ufpr.br\/index.php?rest_route=\/wp\/v2\/posts\/2887","targetHints":{"allow":["GET"]}}],"collection":[{"href":"https:\/\/ciclovida.ufpr.br\/index.php?rest_route=\/wp\/v2\/posts"}],"about":[{"href":"https:\/\/ciclovida.ufpr.br\/index.php?rest_route=\/wp\/v2\/types\/post"}],"author":[{"embeddable":true,"href":"https:\/\/ciclovida.ufpr.br\/index.php?rest_route=\/wp\/v2\/users\/5"}],"replies":[{"embeddable":true,"href":"https:\/\/ciclovida.ufpr.br\/index.php?rest_route=%2Fwp%2Fv2%2Fcomments&post=2887"}],"version-history":[{"count":2,"href":"https:\/\/ciclovida.ufpr.br\/index.php?rest_route=\/wp\/v2\/posts\/2887\/revisions"}],"predecessor-version":[{"id":2889,"href":"https:\/\/ciclovida.ufpr.br\/index.php?rest_route=\/wp\/v2\/posts\/2887\/revisions\/2889"}],"wp:attachment":[{"href":"https:\/\/ciclovida.ufpr.br\/index.php?rest_route=%2Fwp%2Fv2%2Fmedia&parent=2887"}],"wp:term":[{"taxonomy":"category","embeddable":true,"href":"https:\/\/ciclovida.ufpr.br\/index.php?rest_route=%2Fwp%2Fv2%2Fcategories&post=2887"},{"taxonomy":"post_tag","embeddable":true,"href":"https:\/\/ciclovida.ufpr.br\/index.php?rest_route=%2Fwp%2Fv2%2Ftags&post=2887"}],"curies":[{"name":"wp","href":"https:\/\/api.w.org\/{rel}","templated":true}]}}