{"id":2870,"date":"2014-11-10T14:30:17","date_gmt":"2014-11-10T17:30:17","guid":{"rendered":"https:\/\/ciclovida.ufpr.br\/?p=2870"},"modified":"2014-11-07T14:49:52","modified_gmt":"2014-11-07T17:49:52","slug":"avaliacao-dos-efeitos-da-implantacao-de-faixas-exclusivas-em-sp-tempo-de-viagem-consumo-de-combustivel-e-emissoes-de-poluentes-1a-etapa","status":"publish","type":"post","link":"https:\/\/ciclovida.ufpr.br\/?p=2870","title":{"rendered":"Avalia\u00e7\u00e3o dos efeitos da implanta\u00e7\u00e3o de faixas exclusivas em SP:  tempo de viagem, consumo de combust\u00edvel e emiss\u00f5es de poluentes &#8211; 1\u00aa etapa"},"content":{"rendered":"<p>Autor: Instituto de Energia e Meio Ambiente<\/p>\n<p>LINK:\u00a0<a href=\"https:\/\/ciclovida.ufpr.br\/wp-content\/uploads\/2014\/11\/IEMA_AVALIA\u00c7\u00c3O-DAS-FAIXAS-EXCLUSIVAS-DE-\u00d4NIBUS.pdf\">IEMA_AVALIA\u00c7\u00c3O DAS FAIXAS EXCLUSIVAS DE \u00d4NIBUS<\/a><\/p>\n<p style=\"text-align: center;\"><a href=\"https:\/\/ciclovida.ufpr.br\/wp-content\/uploads\/2014\/11\/Sem-t\u00edtulo3.png\"><img loading=\"lazy\" decoding=\"async\" class=\"aligncenter  wp-image-2872\" alt=\"Sem t\u00edtulo3\" src=\"https:\/\/ciclovida.ufpr.br\/wp-content\/uploads\/2014\/11\/Sem-t\u00edtulo3.png\" width=\"600\" height=\"450\" srcset=\"https:\/\/ciclovida.ufpr.br\/wp-content\/uploads\/2014\/11\/Sem-t\u00edtulo3.png 750w, https:\/\/ciclovida.ufpr.br\/wp-content\/uploads\/2014\/11\/Sem-t\u00edtulo3-300x225.png 300w\" sizes=\"auto, (max-width: 600px) 100vw, 600px\" \/><\/a><\/p>\n","protected":false},"excerpt":{"rendered":"<p>Autor: Instituto de Energia e Meio Ambiente LINK:\u00a0IEMA_AVALIA\u00c7\u00c3O DAS FAIXAS EXCLUSIVAS DE \u00d4NIBUS<\/p>\n","protected":false},"author":5,"featured_media":0,"comment_status":"open","ping_status":"open","sticky":false,"template":"","format":"standard","meta":{"_uag_custom_page_level_css":"","ngg_post_thumbnail":0,"footnotes":""},"categories":[5],"tags":[],"class_list":["post-2870","post","type-post","status-publish","format-standard","hentry","category-biblioteca"],"gutentor_comment":0,"featured_image_src":"","featured_image_src_square":false,"author_info":{"display_name":"paulabianchi","author_link":"https:\/\/ciclovida.ufpr.br\/?author=5"},"rbea_author_info":{"display_name":"paulabianchi","author_link":"https:\/\/ciclovida.ufpr.br\/?author=5"},"rbea_excerpt_info":"Autor: Instituto de Energia e Meio Ambiente LINK:\u00a0IEMA_AVALIA\u00c7\u00c3O DAS FAIXAS EXCLUSIVAS DE \u00d4NIBUS","category_list":"<a href=\"https:\/\/ciclovida.ufpr.br\/?cat=5\" rel=\"category\">Biblioteca<\/a>","comments_num":"0 comments","uagb_featured_image_src":{"full":false,"thumbnail":false,"medium":false,"medium_large":false,"large":false,"1536x1536":false,"2048x2048":false,"post-thumbnail":false,"twentytwenty-fullscreen":false},"uagb_author_info":{"display_name":"paulabianchi","author_link":"https:\/\/ciclovida.ufpr.br\/?author=5"},"uagb_comment_info":0,"uagb_excerpt":"Autor: Instituto de Energia e Meio Ambiente LINK:\u00a0IEMA_AVALIA\u00c7\u00c3O DAS FAIXAS EXCLUSIVAS DE \u00d4NIBUS","wps_subtitle":"","_links":{"self":[{"href":"https:\/\/ciclovida.ufpr.br\/index.php?rest_route=\/wp\/v2\/posts\/2870","targetHints":{"allow":["GET"]}}],"collection":[{"href":"https:\/\/ciclovida.ufpr.br\/index.php?rest_route=\/wp\/v2\/posts"}],"about":[{"href":"https:\/\/ciclovida.ufpr.br\/index.php?rest_route=\/wp\/v2\/types\/post"}],"author":[{"embeddable":true,"href":"https:\/\/ciclovida.ufpr.br\/index.php?rest_route=\/wp\/v2\/users\/5"}],"replies":[{"embeddable":true,"href":"https:\/\/ciclovida.ufpr.br\/index.php?rest_route=%2Fwp%2Fv2%2Fcomments&post=2870"}],"version-history":[{"count":3,"href":"https:\/\/ciclovida.ufpr.br\/index.php?rest_route=\/wp\/v2\/posts\/2870\/revisions"}],"predecessor-version":[{"id":2874,"href":"https:\/\/ciclovida.ufpr.br\/index.php?rest_route=\/wp\/v2\/posts\/2870\/revisions\/2874"}],"wp:attachment":[{"href":"https:\/\/ciclovida.ufpr.br\/index.php?rest_route=%2Fwp%2Fv2%2Fmedia&parent=2870"}],"wp:term":[{"taxonomy":"category","embeddable":true,"href":"https:\/\/ciclovida.ufpr.br\/index.php?rest_route=%2Fwp%2Fv2%2Fcategories&post=2870"},{"taxonomy":"post_tag","embeddable":true,"href":"https:\/\/ciclovida.ufpr.br\/index.php?rest_route=%2Fwp%2Fv2%2Ftags&post=2870"}],"curies":[{"name":"wp","href":"https:\/\/api.w.org\/{rel}","templated":true}]}}