{"id":2862,"date":"2014-11-07T14:20:41","date_gmt":"2014-11-07T17:20:41","guid":{"rendered":"https:\/\/ciclovida.ufpr.br\/?p=2862"},"modified":"2014-11-10T13:00:37","modified_gmt":"2014-11-10T16:00:37","slug":"tcc-cidades-concebidas-para-o-automovel-mobilidade-urbana-nos-planos-diretores-posteriores-ao-estatuto-da-cidade","status":"publish","type":"post","link":"https:\/\/ciclovida.ufpr.br\/?p=2862","title":{"rendered":"DISSERTA\u00c7\u00c3O: Cidades concebidas para o autom\u00f3vel: mobilidade urbana nos planos diretores posteriores ao Estatuto da Cidade."},"content":{"rendered":"<p>Autor: Claudio Oliveira da Silva<\/p>\n<p>LINK:\u00a0<a href=\"https:\/\/ciclovida.ufpr.br\/wp-content\/uploads\/2014\/11\/2009_ClaudioOliveiradaSilva.pdf\">2009_ClaudioOliveiradaSilva<\/a><\/p>\n<p style=\"text-align: center;\"><a href=\"https:\/\/ciclovida.ufpr.br\/wp-content\/uploads\/2014\/11\/Sem-t\u00edtulo.png\"><img loading=\"lazy\" decoding=\"async\" class=\"aligncenter  wp-image-2864\" alt=\"Sem t\u00edtulo\" src=\"https:\/\/ciclovida.ufpr.br\/wp-content\/uploads\/2014\/11\/Sem-t\u00edtulo.png\" width=\"633\" height=\"315\" srcset=\"https:\/\/ciclovida.ufpr.br\/wp-content\/uploads\/2014\/11\/Sem-t\u00edtulo.png 791w, https:\/\/ciclovida.ufpr.br\/wp-content\/uploads\/2014\/11\/Sem-t\u00edtulo-300x149.png 300w\" sizes=\"auto, (max-width: 633px) 100vw, 633px\" \/><\/a><\/p>\n","protected":false},"excerpt":{"rendered":"<p>Autor: Claudio Oliveira da Silva LINK:\u00a02009_ClaudioOliveiradaSilva<\/p>\n","protected":false},"author":5,"featured_media":0,"comment_status":"open","ping_status":"open","sticky":false,"template":"","format":"standard","meta":{"_uag_custom_page_level_css":"","ngg_post_thumbnail":0,"footnotes":""},"categories":[5],"tags":[],"class_list":["post-2862","post","type-post","status-publish","format-standard","hentry","category-biblioteca"],"gutentor_comment":0,"featured_image_src":"","featured_image_src_square":false,"author_info":{"display_name":"paulabianchi","author_link":"https:\/\/ciclovida.ufpr.br\/?author=5"},"rbea_author_info":{"display_name":"paulabianchi","author_link":"https:\/\/ciclovida.ufpr.br\/?author=5"},"rbea_excerpt_info":"Autor: Claudio Oliveira da Silva LINK:\u00a02009_ClaudioOliveiradaSilva","category_list":"<a href=\"https:\/\/ciclovida.ufpr.br\/?cat=5\" rel=\"category\">Biblioteca<\/a>","comments_num":"0 comments","uagb_featured_image_src":{"full":false,"thumbnail":false,"medium":false,"medium_large":false,"large":false,"1536x1536":false,"2048x2048":false,"post-thumbnail":false,"twentytwenty-fullscreen":false},"uagb_author_info":{"display_name":"paulabianchi","author_link":"https:\/\/ciclovida.ufpr.br\/?author=5"},"uagb_comment_info":0,"uagb_excerpt":"Autor: Claudio Oliveira da Silva LINK:\u00a02009_ClaudioOliveiradaSilva","wps_subtitle":"","_links":{"self":[{"href":"https:\/\/ciclovida.ufpr.br\/index.php?rest_route=\/wp\/v2\/posts\/2862","targetHints":{"allow":["GET"]}}],"collection":[{"href":"https:\/\/ciclovida.ufpr.br\/index.php?rest_route=\/wp\/v2\/posts"}],"about":[{"href":"https:\/\/ciclovida.ufpr.br\/index.php?rest_route=\/wp\/v2\/types\/post"}],"author":[{"embeddable":true,"href":"https:\/\/ciclovida.ufpr.br\/index.php?rest_route=\/wp\/v2\/users\/5"}],"replies":[{"embeddable":true,"href":"https:\/\/ciclovida.ufpr.br\/index.php?rest_route=%2Fwp%2Fv2%2Fcomments&post=2862"}],"version-history":[{"count":4,"href":"https:\/\/ciclovida.ufpr.br\/index.php?rest_route=\/wp\/v2\/posts\/2862\/revisions"}],"predecessor-version":[{"id":2883,"href":"https:\/\/ciclovida.ufpr.br\/index.php?rest_route=\/wp\/v2\/posts\/2862\/revisions\/2883"}],"wp:attachment":[{"href":"https:\/\/ciclovida.ufpr.br\/index.php?rest_route=%2Fwp%2Fv2%2Fmedia&parent=2862"}],"wp:term":[{"taxonomy":"category","embeddable":true,"href":"https:\/\/ciclovida.ufpr.br\/index.php?rest_route=%2Fwp%2Fv2%2Fcategories&post=2862"},{"taxonomy":"post_tag","embeddable":true,"href":"https:\/\/ciclovida.ufpr.br\/index.php?rest_route=%2Fwp%2Fv2%2Ftags&post=2862"}],"curies":[{"name":"wp","href":"https:\/\/api.w.org\/{rel}","templated":true}]}}