{"id":2841,"date":"2014-10-03T11:58:06","date_gmt":"2014-10-03T14:58:06","guid":{"rendered":"https:\/\/ciclovida.ufpr.br\/?p=2841"},"modified":"2014-10-02T12:00:06","modified_gmt":"2014-10-02T15:00:06","slug":"vestiario-compacto-pode-atrair-novos-ciclistas","status":"publish","type":"post","link":"https:\/\/ciclovida.ufpr.br\/?p=2841","title":{"rendered":"Vesti\u00e1rio compacto pode atrair novos ciclistas"},"content":{"rendered":"<p>Por <a href=\"http:\/\/www.bikeelegal.com\/noticia\/1507\/vestiario-compacto-atrai-novos-ciclistas-ao-transporte-diario\">Bike \u00e9 Legal<\/a><\/p>\n<p>&nbsp;<\/p>\n<p>A falta de vesti\u00e1rio no local de trabalho \u00e9 um dos principais motivos para que muitas pessoas n\u00e3o usem a bike como meio de transporte. Pensando nisso, uma empresa inglesa especialista em constru\u00e7\u00f5es modulares desenvolveu o &#8220;Shower Hub&#8221;.<\/p>\n<p><img loading=\"lazy\" decoding=\"async\" alt=\"\" src=\"http:\/\/www.bikeelegal.com\/assets\/img_upload\/2014_10_01_showerhub1640.jpg\" width=\"640\" height=\"360\" \/><\/p>\n<p>O vesti\u00e1rio em formato de cubo tem diferentes vers\u00f5es, com capacidade para atender at\u00e9 8 pessoas ao mesmo tempo. \u00c9 revestido de madeira e pode ser facilmente conectado \u00e0 rede el\u00e9trica e de \u00e0gua. O mais simples, com dois chuveiros e biciclet\u00e1rio coberto, ocupa duas vagas de estacionamento.<\/p>\n<p>O custo \u00e9 de aproximadamente 30 mil libras e pode ser descontado em programas de incentivo fiscal. Scott Horner, diretor da Clearspace buildings, disse: &#8220;Estamos muito animados por contribuir para o programa de trasnsporte sustent\u00e1vel&#8221;. James Borley, da Cyclesheme.co.uk, completa: &#8220;Um chuveiro no local de trabalho \u00e9 perfeito para encorajar mais gente a pedalar&#8221;.<\/p>\n<p>Um concurso no \u00faltimo dia 9 de setembro, Dia Nacional de Bike ao Trabalho na Inglaterra, premiou uma empresa com um Shower Hub. Veja o v\u00eddeo (em ingl\u00eas):<\/p>\n<p><iframe loading=\"lazy\" src=\"\/\/www.youtube.com\/embed\/IveDM5oxIQU\" height=\"315\" width=\"560\" allowfullscreen=\"\" frameborder=\"0\"><\/iframe><\/p>\n<p>&nbsp;<\/p>\n","protected":false},"excerpt":{"rendered":"<p>Por Bike \u00e9 Legal &nbsp; A falta de vesti\u00e1rio no local de trabalho \u00e9 um dos principais motivos para que muitas pessoas n\u00e3o usem a bike como meio de transporte. [&hellip;]<\/p>\n","protected":false},"author":5,"featured_media":0,"comment_status":"open","ping_status":"open","sticky":false,"template":"","format":"standard","meta":{"_uag_custom_page_level_css":"","ngg_post_thumbnail":0,"footnotes":""},"categories":[1],"tags":[],"class_list":["post-2841","post","type-post","status-publish","format-standard","hentry","category-noticias"],"gutentor_comment":0,"featured_image_src":"","featured_image_src_square":false,"author_info":{"display_name":"paulabianchi","author_link":"https:\/\/ciclovida.ufpr.br\/?author=5"},"rbea_author_info":{"display_name":"paulabianchi","author_link":"https:\/\/ciclovida.ufpr.br\/?author=5"},"rbea_excerpt_info":"Por Bike \u00e9 Legal &nbsp; A falta de vesti\u00e1rio no local de trabalho \u00e9 um dos principais motivos para que muitas pessoas n\u00e3o usem a bike como meio de transporte. [&hellip;]","category_list":"<a href=\"https:\/\/ciclovida.ufpr.br\/?cat=1\" rel=\"category\">Not\u00edcias<\/a>","comments_num":"0 comments","uagb_featured_image_src":{"full":false,"thumbnail":false,"medium":false,"medium_large":false,"large":false,"1536x1536":false,"2048x2048":false,"post-thumbnail":false,"twentytwenty-fullscreen":false},"uagb_author_info":{"display_name":"paulabianchi","author_link":"https:\/\/ciclovida.ufpr.br\/?author=5"},"uagb_comment_info":0,"uagb_excerpt":"Por Bike \u00e9 Legal &nbsp; A falta de vesti\u00e1rio no local de trabalho \u00e9 um dos principais motivos para que muitas pessoas n\u00e3o usem a bike como meio de transporte. [&hellip;]","wps_subtitle":"","_links":{"self":[{"href":"https:\/\/ciclovida.ufpr.br\/index.php?rest_route=\/wp\/v2\/posts\/2841","targetHints":{"allow":["GET"]}}],"collection":[{"href":"https:\/\/ciclovida.ufpr.br\/index.php?rest_route=\/wp\/v2\/posts"}],"about":[{"href":"https:\/\/ciclovida.ufpr.br\/index.php?rest_route=\/wp\/v2\/types\/post"}],"author":[{"embeddable":true,"href":"https:\/\/ciclovida.ufpr.br\/index.php?rest_route=\/wp\/v2\/users\/5"}],"replies":[{"embeddable":true,"href":"https:\/\/ciclovida.ufpr.br\/index.php?rest_route=%2Fwp%2Fv2%2Fcomments&post=2841"}],"version-history":[{"count":1,"href":"https:\/\/ciclovida.ufpr.br\/index.php?rest_route=\/wp\/v2\/posts\/2841\/revisions"}],"predecessor-version":[{"id":2842,"href":"https:\/\/ciclovida.ufpr.br\/index.php?rest_route=\/wp\/v2\/posts\/2841\/revisions\/2842"}],"wp:attachment":[{"href":"https:\/\/ciclovida.ufpr.br\/index.php?rest_route=%2Fwp%2Fv2%2Fmedia&parent=2841"}],"wp:term":[{"taxonomy":"category","embeddable":true,"href":"https:\/\/ciclovida.ufpr.br\/index.php?rest_route=%2Fwp%2Fv2%2Fcategories&post=2841"},{"taxonomy":"post_tag","embeddable":true,"href":"https:\/\/ciclovida.ufpr.br\/index.php?rest_route=%2Fwp%2Fv2%2Ftags&post=2841"}],"curies":[{"name":"wp","href":"https:\/\/api.w.org\/{rel}","templated":true}]}}