{"id":2839,"date":"2014-10-02T11:57:52","date_gmt":"2014-10-02T14:57:52","guid":{"rendered":"https:\/\/ciclovida.ufpr.br\/?p=2839"},"modified":"2014-10-02T11:57:52","modified_gmt":"2014-10-02T14:57:52","slug":"conheca-os-parklets-as-intervencoes-urbanas-temporarias-que-renovam-espacos-publicos","status":"publish","type":"post","link":"https:\/\/ciclovida.ufpr.br\/?p=2839","title":{"rendered":"Conhe\u00e7a os parklets, as interven\u00e7\u00f5es urbanas tempor\u00e1rias que renovam espa\u00e7os p\u00fablicos"},"content":{"rendered":"<p>Por \u00a0<a href=\"http:\/\/estadodeminas.lugarcerto.com.br\/app\/noticia\/noticias\/2014\/09\/29\/interna_noticias,48317\/conheca-os-parklets-as-intervencoes-urbanas-temporarias-que-renovam-e.shtml\">Estado de Minas<\/a><\/p>\n<p>Extens\u00f5es j\u00e1 fazem parte da capital paulista e podem inspirar \u00e1reas de conv\u00edvio em outras cidades<\/p>\n<div>\n<div id=\"abanoticia\">\n<table>\n<tbody>\n<tr>\n<td><img decoding=\"async\" title=\" (Divulga\u00e7\u00e3o)\" alt=\" (Divulga\u00e7\u00e3o)\" src=\"http:\/\/imgsapp.estadodeminas.lugarcerto.com.br\/app\/noticia_128576568202\/2014\/09\/29\/48317\/20140928154657103067u.jpg\" border=\"0\" \/><\/td>\n<td><\/td>\n<\/tr>\n<\/tbody>\n<\/table>\n<p>Os\u00a0<strong>parklets<\/strong>\u00a0s\u00e3o extens\u00f5es urbanas tempor\u00e1rias que promovem a ocupa\u00e7\u00e3o dos espa\u00e7os p\u00fablicos. Com objetivo de melhorar a infraestrutura da cidade e o conv\u00edvio entre as pessoas, as interven\u00e7\u00f5es s\u00e3o normalmente feitas de madeira e equipadas com bancos para a popula\u00e7\u00e3o descansar, ler ou reunir os amigos. Em alguns parklets, \u00e1reas verdes s\u00e3o fundamentais para propor conforto e servir como vagas para bicicletas.<\/p>\n<table>\n<tbody>\n<tr>\n<td><img decoding=\"async\" title=\" (Divulga\u00e7\u00e3o)\" alt=\" (Divulga\u00e7\u00e3o)\" src=\"http:\/\/imgsapp.estadodeminas.lugarcerto.com.br\/app\/noticia_128576568202\/2014\/09\/29\/48317\/20140928154710136075o.jpg\" border=\"0\" \/><\/td>\n<td><\/td>\n<\/tr>\n<\/tbody>\n<\/table>\n<div><\/div>\n<p>Montados na beira da cal\u00e7ada, os parklets t\u00eam virado febre no mundo todo e j\u00e1 fazem parte da capital paulista, que abrigou o primeiro modelo de parklet no Brasil, em 2012. Este ano, no m\u00eas de agosto, foi instalado o sexto parklet em S\u00e3o Paulo, no bairro Para\u00edso. O espa\u00e7o foi instalado em duas vagas de estacionamento para carros em uma via p\u00fablica, onde podem parar, em m\u00e9dia, 40 ve\u00edculos por dia. Al\u00e9m disso, transitam na \u00e1rea cerca de 400 pessoas diariamente.<\/p>\n<table>\n<tbody>\n<tr>\n<td><img decoding=\"async\" title=\" (Divulga\u00e7\u00e3o)\" alt=\" (Divulga\u00e7\u00e3o)\" src=\"http:\/\/imgsapp.estadodeminas.lugarcerto.com.br\/app\/noticia_128576568202\/2014\/09\/29\/48317\/20140928154718747610o.jpg\" border=\"0\" \/><\/td>\n<td><\/td>\n<\/tr>\n<\/tbody>\n<\/table>\n<p>A discuss\u00e3o pela melhoria da qualidade de vida \u00e9 um dos itens que influenciam a cria\u00e7\u00e3o das extens\u00f5es tempor\u00e1rias. As a\u00e7\u00f5es tamb\u00e9m contam com a participa\u00e7\u00e3o popular, que permite que a comunidade construa seu pr\u00f3prio espa\u00e7o de conv\u00edvio, de acordo com as caracter\u00edsticas locais. A medida tamb\u00e9m melhora as paisagens urbanas e transforma a vida de quem transita nos espa\u00e7os diariamente.<\/p>\n<table>\n<tbody>\n<tr>\n<td><img decoding=\"async\" title=\" (Divulga\u00e7\u00e3o)\" alt=\" (Divulga\u00e7\u00e3o)\" src=\"http:\/\/imgsapp.estadodeminas.lugarcerto.com.br\/app\/noticia_128576568202\/2014\/09\/29\/48317\/20140928154727143238o.jpg\" border=\"0\" \/><\/td>\n<td><\/td>\n<\/tr>\n<\/tbody>\n<\/table>\n<p>No site de Gest\u00e3o Urbana da Prefeitura de S\u00e3o Paulo, \u00e9 poss\u00edvel encontrar um manual de implementa\u00e7\u00e3o, um infogr\u00e1fico e em breve ser\u00e1 lan\u00e7ado um um mapa interativo com os parklets da cidade, em que pr\u00f3pria popula\u00e7\u00e3o pode se manter atualizada com novidades e manuten\u00e7\u00e3o.<\/p>\n<table>\n<tbody>\n<tr>\n<td><img decoding=\"async\" title=\" (Divulga\u00e7\u00e3o)\" alt=\" (Divulga\u00e7\u00e3o)\" src=\"http:\/\/imgsapp.estadodeminas.lugarcerto.com.br\/app\/noticia_128576568202\/2014\/09\/29\/48317\/20140928154736303053e.jpg\" border=\"0\" \/><\/td>\n<td><\/td>\n<\/tr>\n<\/tbody>\n<\/table>\n<p>A ideia come\u00e7ou em S\u00e3o Francisco, atrav\u00e9s do projeto da \u00edtalo-brasileira Suzi Bolognese, em 2003. Na \u00e9poca, a inciativa da designer rendeu o pr\u00eamio\u00a0<em>Green Innovative Design<\/em>. Com isso, as extens\u00f5es come\u00e7aram a se espalhar por in\u00fameras cidades, como Fortaleza, Chicago, Los Angeles, Londres e Cidade do Cabo.<\/p>\n<div align=\"center\"><strong>Parklet em Chicago, nos EUA:<\/strong><\/p>\n<table>\n<tbody>\n<tr>\n<td><img decoding=\"async\" title=\" (Divulga\u00e7\u00e3o)\" alt=\" (Divulga\u00e7\u00e3o)\" src=\"http:\/\/imgsapp.estadodeminas.lugarcerto.com.br\/app\/noticia_128576568202\/2014\/09\/29\/48317\/20140928155256372095i.jpg\" border=\"0\" \/><\/td>\n<td><\/td>\n<\/tr>\n<\/tbody>\n<\/table>\n<p><strong>Em Vancouver, no Canad\u00e1:<\/strong><\/div>\n<div align=\"center\">\n<table>\n<tbody>\n<tr>\n<td><img decoding=\"async\" title=\" (Divulga\u00e7\u00e3o)\" alt=\" (Divulga\u00e7\u00e3o)\" src=\"http:\/\/imgsapp.estadodeminas.lugarcerto.com.br\/app\/noticia_128576568202\/2014\/09\/29\/48317\/20140928155307181666u.jpg\" border=\"0\" \/><\/td>\n<td><\/td>\n<\/tr>\n<\/tbody>\n<\/table>\n<\/div>\n<div align=\"center\"><strong>Na Cidade do Cabo, na \u00c1frica do Sul:<\/strong><\/div>\n<div align=\"center\">\n<table>\n<tbody>\n<tr>\n<td><img decoding=\"async\" title=\" (Divulga\u00e7\u00e3o)\" alt=\" (Divulga\u00e7\u00e3o)\" src=\"http:\/\/imgsapp.estadodeminas.lugarcerto.com.br\/app\/noticia_128576568202\/2014\/09\/29\/48317\/20140928155315779573i.jpg\" border=\"0\" \/><\/td>\n<td><\/td>\n<\/tr>\n<\/tbody>\n<\/table>\n<\/div>\n<div align=\"center\"><strong>Parklets em outras cidades:<\/strong><\/p>\n<table>\n<tbody>\n<tr>\n<td><img decoding=\"async\" title=\" (Divulga\u00e7\u00e3o)\" alt=\" (Divulga\u00e7\u00e3o)\" src=\"http:\/\/imgsapp.estadodeminas.lugarcerto.com.br\/app\/noticia_128576568202\/2014\/09\/29\/48317\/20140928155324164858e.jpg\" border=\"0\" \/><\/td>\n<td><\/td>\n<\/tr>\n<\/tbody>\n<\/table>\n<table>\n<tbody>\n<tr>\n<td><img decoding=\"async\" title=\" (Divulga\u00e7\u00e3o)\" alt=\" (Divulga\u00e7\u00e3o)\" src=\"http:\/\/imgsapp.estadodeminas.lugarcerto.com.br\/app\/noticia_128576568202\/2014\/09\/29\/48317\/20140928155333984420e.jpg\" border=\"0\" \/><\/td>\n<td><\/td>\n<\/tr>\n<\/tbody>\n<\/table>\n<table>\n<tbody>\n<tr>\n<td><img decoding=\"async\" title=\" (Divulga\u00e7\u00e3o)\" alt=\" (Divulga\u00e7\u00e3o)\" src=\"http:\/\/imgsapp.estadodeminas.lugarcerto.com.br\/app\/noticia_128576568202\/2014\/09\/29\/48317\/20140928155341568698i.jpg\" border=\"0\" \/><\/td>\n<td><\/td>\n<\/tr>\n<\/tbody>\n<\/table>\n<\/div>\n<\/div>\n<\/div>\n","protected":false},"excerpt":{"rendered":"<p>Por \u00a0Estado de Minas Extens\u00f5es j\u00e1 fazem parte da capital paulista e podem inspirar \u00e1reas de conv\u00edvio em outras cidades Os\u00a0parklets\u00a0s\u00e3o extens\u00f5es urbanas tempor\u00e1rias que promovem a ocupa\u00e7\u00e3o dos espa\u00e7os [&hellip;]<\/p>\n","protected":false},"author":5,"featured_media":0,"comment_status":"open","ping_status":"open","sticky":false,"template":"","format":"standard","meta":{"_uag_custom_page_level_css":"","ngg_post_thumbnail":0,"footnotes":""},"categories":[1],"tags":[],"class_list":["post-2839","post","type-post","status-publish","format-standard","hentry","category-noticias"],"gutentor_comment":0,"featured_image_src":"","featured_image_src_square":false,"author_info":{"display_name":"paulabianchi","author_link":"https:\/\/ciclovida.ufpr.br\/?author=5"},"rbea_author_info":{"display_name":"paulabianchi","author_link":"https:\/\/ciclovida.ufpr.br\/?author=5"},"rbea_excerpt_info":"Por \u00a0Estado de Minas Extens\u00f5es j\u00e1 fazem parte da capital paulista e podem inspirar \u00e1reas de conv\u00edvio em outras cidades Os\u00a0parklets\u00a0s\u00e3o extens\u00f5es urbanas tempor\u00e1rias que promovem a ocupa\u00e7\u00e3o dos espa\u00e7os [&hellip;]","category_list":"<a href=\"https:\/\/ciclovida.ufpr.br\/?cat=1\" rel=\"category\">Not\u00edcias<\/a>","comments_num":"0 comments","uagb_featured_image_src":{"full":false,"thumbnail":false,"medium":false,"medium_large":false,"large":false,"1536x1536":false,"2048x2048":false,"post-thumbnail":false,"twentytwenty-fullscreen":false},"uagb_author_info":{"display_name":"paulabianchi","author_link":"https:\/\/ciclovida.ufpr.br\/?author=5"},"uagb_comment_info":0,"uagb_excerpt":"Por \u00a0Estado de Minas Extens\u00f5es j\u00e1 fazem parte da capital paulista e podem inspirar \u00e1reas de conv\u00edvio em outras cidades Os\u00a0parklets\u00a0s\u00e3o extens\u00f5es urbanas tempor\u00e1rias que promovem a ocupa\u00e7\u00e3o dos espa\u00e7os [&hellip;]","wps_subtitle":"","_links":{"self":[{"href":"https:\/\/ciclovida.ufpr.br\/index.php?rest_route=\/wp\/v2\/posts\/2839","targetHints":{"allow":["GET"]}}],"collection":[{"href":"https:\/\/ciclovida.ufpr.br\/index.php?rest_route=\/wp\/v2\/posts"}],"about":[{"href":"https:\/\/ciclovida.ufpr.br\/index.php?rest_route=\/wp\/v2\/types\/post"}],"author":[{"embeddable":true,"href":"https:\/\/ciclovida.ufpr.br\/index.php?rest_route=\/wp\/v2\/users\/5"}],"replies":[{"embeddable":true,"href":"https:\/\/ciclovida.ufpr.br\/index.php?rest_route=%2Fwp%2Fv2%2Fcomments&post=2839"}],"version-history":[{"count":1,"href":"https:\/\/ciclovida.ufpr.br\/index.php?rest_route=\/wp\/v2\/posts\/2839\/revisions"}],"predecessor-version":[{"id":2840,"href":"https:\/\/ciclovida.ufpr.br\/index.php?rest_route=\/wp\/v2\/posts\/2839\/revisions\/2840"}],"wp:attachment":[{"href":"https:\/\/ciclovida.ufpr.br\/index.php?rest_route=%2Fwp%2Fv2%2Fmedia&parent=2839"}],"wp:term":[{"taxonomy":"category","embeddable":true,"href":"https:\/\/ciclovida.ufpr.br\/index.php?rest_route=%2Fwp%2Fv2%2Fcategories&post=2839"},{"taxonomy":"post_tag","embeddable":true,"href":"https:\/\/ciclovida.ufpr.br\/index.php?rest_route=%2Fwp%2Fv2%2Ftags&post=2839"}],"curies":[{"name":"wp","href":"https:\/\/api.w.org\/{rel}","templated":true}]}}