{"id":2819,"date":"2014-09-17T12:00:58","date_gmt":"2014-09-17T15:00:58","guid":{"rendered":"https:\/\/ciclovida.ufpr.br\/?p=2819"},"modified":"2014-09-16T15:52:18","modified_gmt":"2014-09-16T18:52:18","slug":"crescimento-espantoso-do-uso-da-bicicleta-no-chile-obriga-governo-a-construir-ciclovias","status":"publish","type":"post","link":"https:\/\/ciclovida.ufpr.br\/?p=2819","title":{"rendered":"Crescimento espantoso do uso da bicicleta no Chile obriga governo a construir ciclovias"},"content":{"rendered":"<p>Por <a href=\"http:\/\/vadebike.org\/2012\/07\/crescimento-espantoso-do-uso-da-bicicleta-no-chile-obriga-governo-a-construir-ciclovias\/\">V\u00e1 de Bike<\/a><\/p>\n<p>&nbsp;<\/p>\n<div>\n<p><a href=\"http:\/\/www.flickr.com\/photos\/quiltro\/7341876248\/in\/photostream\" target=\"_blank\"><img loading=\"lazy\" decoding=\"async\" title=\"ciclista ciclovia santiago chile mulher frio\" alt=\"\" src=\"http:\/\/vadebike.org\/wp-content\/uploads\/2012\/07\/ciclista-ciclovia-santiago-chile-mulher-frio-foto-claudio-olivares-medina-via-flickr-333x500.jpg\" width=\"333\" height=\"500\" \/><\/a><\/p>\n<p>Mulheres j\u00e1 s\u00e3o respons\u00e1veis por mais de 30% dos deslocamentos em Santiago. E nem o frio da capital chilena desanima quem escolhe a bicicleta para se deslocar. Foto: Claudio Olivares Medina, via Flickr<\/p>\n<p>Nos \u00faltimos seis anos, Santiago\u00a0ganhou um milh\u00e3o de novos ciclistas. Incentivos governamentais? Infraestrutura adequada? Sinaliza\u00e7\u00e3o das vias?\u00a0\u201dO que mudou foi a percep\u00e7\u00e3o social da sociedade em rela\u00e7\u00e3o a bicicleta\u201d, antes vista como \u201ccoisa de quem n\u00e3o deu certo na vida\u201d.<\/p>\n<p>Quem afirma \u00e9 Amarilis Horta Tricallotis, diretora do\u00a0<a href=\"http:\/\/www.bicicultura.cl\/\" target=\"_blank\">Centro de Bicicultura<\/a>, organiza\u00e7\u00e3o cidad\u00e3 que promove a cultura da bicicleta em Santiago.\u00a0<a href=\"http:\/\/www.gazetadopovo.com.br\/blog\/irevirdebike\/?id=1276605&amp;tit=mudanca-de-cultura-agregou-1-milhao-de-novos-ciclistas-na-capital-chilena\" target=\"_blank\">Leia no Ir e Vir de Bike<\/a>.<\/p>\n<p><a href=\"http:\/\/vadebike.org\/wp-content\/uploads\/2012\/07\/ciclistas-em-rua-de-santiago-chile-foto-claudio-olivares-medina-via-flickr.jpg\" target=\"_blank\"><img loading=\"lazy\" decoding=\"async\" title=\"ciclistas em rua de santiago chile\" alt=\"\" src=\"http:\/\/vadebike.org\/wp-content\/uploads\/2012\/07\/ciclistas-em-rua-de-santiago-chile-foto-claudio-olivares-medina-via-flickr-200x300.jpg\" width=\"200\" height=\"300\" \/><\/a><\/p>\n<p>Nas ciclovias, nas ruas: em Santiago, as bicicletas est\u00e3o por toda parte. Foto: Claudio Olivares Medina, via Flickr<\/p>\n<h3>Aumento exponencial<\/h3>\n<p>Em uma popula\u00e7\u00e3o\u00a0<a href=\"http:\/\/www.ine.cl\/canales\/menu\/publicaciones\/compendio_estadistico\/pdf\/2011\/sintesis_regional_2011_.pdf\" target=\"_blank\">estimada em 7 milh\u00f5es<\/a>, essa quantidade de novos ciclistas representa um n\u00famero surpreendente.\u00a0Alguns dos fatores que causaram esse crescimento foram o aumento das tarifas de transporte p\u00fablico e os congestionamentos, que causaram grande aumento no tempo de viagem. Nenhuma novidade para n\u00f3s.<\/p>\n<p>Outro fator que fez os chilenos optarem por esse meio de deslocamento foi a preocupa\u00e7\u00e3o com o meio ambiente. Em S\u00e3o Paulo, o veneno no ar\u00a0<a title=\"Esse \u00e9 o ar que respiramos em S\u00e3o Paulo\" href=\"http:\/\/vadebike.org\/2011\/12\/esse-e-o-ar-que-respiramos-em-sao-paulo\/\" target=\"_blank\">continua sutil<\/a>\u00a0e, apesar de\u00a0<a title=\"Um dos bons motivos para deixar o carro em casa\" href=\"http:\/\/vadebike.org\/2008\/10\/um-dos-bons-moti-os-para-deixar-o-carro-em-casa\/\" target=\"_blank\">hospitalizar crian\u00e7as e idosos<\/a>, ainda \u00e9 quase impercept\u00edvel para quem acredita que\u00a0<a title=\"Todo ano a culpa \u00e9 do clima\" href=\"http:\/\/vadebike.org\/2006\/07\/todo-ano-a-culpa-e\/\" target=\"_blank\">a culpa \u00e9 do ar seco<\/a>\u00a0ou que\u00a0<a title=\"Fechem as janelas!\" href=\"http:\/\/vadebike.org\/2009\/03\/fechem-as-janelas\/\" target=\"_blank\">basta fechar as janelas<\/a>; em Santiago, as caracter\u00edsticas geogr\u00e1ficas agravam o problema e fazem com que os\u00a0<a href=\"http:\/\/www.elmostrador.cl\/noticias\/pais\/2012\/07\/18\/intendencia-de-santiago-mantiene-alerta-ambiental-para-este-jueves\/\" target=\"_blank\">alertas ambientais<\/a>\u00a0sejam comuns.<\/p>\n<p>Durante esses alertas, a circula\u00e7\u00e3o de autom\u00f3veis se torna ainda mais restrita (nesse 19 de julho, 40% dos carros sem catalisador \u2013 4 d\u00edgitos finais das placas \u2013 est\u00e3o proibidos de circular o dia todo). Barreiras como essa ao uso do autom\u00f3vel fazem os cidad\u00e3os buscarem outras maneiras de se locomover, ajudando a diminuir polui\u00e7\u00e3o, congestionamentos e acidentes de tr\u00e2nsito (e \u00e9 por isso que h\u00e1 tanta gente por aqui\u00a0<a href=\"http:\/\/noticias.terra.com.br\/brasil\/transito\/noticias\/0,,OI5742840-EI998,00-Especialistas+pedagio+urbano+em+SP+e+amargo+mas+necessario.html\" target=\"_blank\">defendendo a implementa\u00e7\u00e3o do ped\u00e1gio urbano<\/a>).<\/p>\n<p><a href=\"http:\/\/vadebike.org\/wp-content\/uploads\/2012\/07\/contagem-de-ciclistas-em-santiago-foto-ayt-divulgacao.jpg\" target=\"_blank\"><img loading=\"lazy\" decoding=\"async\" title=\"Contagem de ciclistas em Santiago-Chile\" alt=\"\" src=\"http:\/\/vadebike.org\/wp-content\/uploads\/2012\/07\/contagem-de-ciclistas-em-santiago-foto-ayt-divulgacao-239x300.jpg\" width=\"239\" height=\"300\" \/><\/a><\/p>\n<p>A contagem foi realizada em duas das ciclovias mais utilizadas da cidade. Foto: AyT\/Divulga\u00e7\u00e3o<\/p>\n<h3>Levantamento e satura\u00e7\u00e3o<\/h3>\n<p>A consultoria\u00a0<a href=\"http:\/\/www.uyt.cl\/\" target=\"_blank\">Urbanismo y Territorio (UyT)<\/a>, em a\u00e7\u00e3o conjunta com a organiza\u00e7\u00e3o\u00a0<a href=\"http:\/\/www.ciudadviva.cl\/\" target=\"_blank\">Cuidad Viva<\/a>, realizou contagens de ciclistas em alguns pontos da cidade, com equipamento automatizado. Enquanto o fluxo de bicicletas no final de semana se manteve praticamente est\u00e1vel, o crescimento de seu uso nos dias \u00fateis cresceu de forma espantosa.<\/p>\n<p><a href=\"http:\/\/www.uyt.cl\/#!Nosotros%20Contamos.%20Informe%201\/c77s\" target=\"_blank\">A p\u00e1gina da UyT<\/a>\u00a0com os resultados da pesquisa afirma que, tomando como base determinado ponto em uma das principais ciclovias da cidade,\u00a0verificou-se uma taxa de crescimento anual do fluxo de bicicletas de 18,2%, no per\u00edodo entre 2005 e 2012. Ou seja,\u00a0<strong>em pouco mais de 5 anos a demanda duplicou<\/strong>. A empresa afirma ainda ser urgente revisar o desenho das ciclovias, pois est\u00e3o chegando ao limite de sua capacidade.<\/p>\n<h3>Rea\u00e7\u00e3o do governo<\/h3>\n<p>O Governo chileno afirma que n\u00e3o teve tempo de reagir, pois o crescimento foi repentino. Alega que h\u00e1 planos de ciclovias para m\u00e9dio prazo e que, agora, s\u00e3o necess\u00e1rios \u00a0\u201dplanos de seguran\u00e7a, normas e programas de educa\u00e7\u00e3o\u201d. Mas cicloativistas e\u00a0urbanistas desconfiam e denunciam que o investimento ainda \u00e9 insuficiente, se comparado ao aumento de usu\u00e1rios de bicicleta.<\/p>\n<p>O poder p\u00fablico afirma haver hoje 550km de ciclovias em Santiago \u2013 infraestrutura questionada por organiza\u00e7\u00f5es de ciclistas, j\u00e1 que\u00a0muitas delas n\u00e3o cumprem padr\u00f5es de seguran\u00e7a, n\u00e3o se conectam entre si e, em muitos casos, s\u00e3o voltadas apenas ao lazer. \u00c9 como quando, aqui em S\u00e3o Paulo, contam as ciclovias dentro de parques como parte da infraestrutura ciclovi\u00e1ria da cidade (e, ainda assim, n\u00e3o chegamos a um ter\u00e7o do que h\u00e1 em Santiago).<\/p>\n<p>Agora, o poder p\u00fablico local vai ter que pedalar atr\u00e1s do preju\u00edzo, j\u00e1 que mais de um s\u00e9timo da popula\u00e7\u00e3o estar\u00e1 insatisfeita dentro de um ano, quando as ciclovias estiverem saturadas. E boa parte dessas pessoas vota.<\/p>\n<p><em>Algumas fotos utilizadas aqui s\u00e3o de Claudio Olivares,<br \/>\ndo \u00f3timo blog chileno\u00a0<a href=\"http:\/\/ciclismourbano.info\/\" target=\"_blank\">Ciclismo Urbano<\/a>. Vale a visita.<\/em><\/p>\n<\/div>\n","protected":false},"excerpt":{"rendered":"<p>Por V\u00e1 de Bike &nbsp; Mulheres j\u00e1 s\u00e3o respons\u00e1veis por mais de 30% dos deslocamentos em Santiago. E nem o frio da capital chilena desanima quem escolhe a bicicleta para [&hellip;]<\/p>\n","protected":false},"author":5,"featured_media":0,"comment_status":"open","ping_status":"open","sticky":false,"template":"","format":"standard","meta":{"_uag_custom_page_level_css":"","ngg_post_thumbnail":0,"footnotes":""},"categories":[1],"tags":[],"class_list":["post-2819","post","type-post","status-publish","format-standard","hentry","category-noticias"],"gutentor_comment":0,"featured_image_src":"","featured_image_src_square":false,"author_info":{"display_name":"paulabianchi","author_link":"https:\/\/ciclovida.ufpr.br\/?author=5"},"rbea_author_info":{"display_name":"paulabianchi","author_link":"https:\/\/ciclovida.ufpr.br\/?author=5"},"rbea_excerpt_info":"Por V\u00e1 de Bike &nbsp; Mulheres j\u00e1 s\u00e3o respons\u00e1veis por mais de 30% dos deslocamentos em Santiago. E nem o frio da capital chilena desanima quem escolhe a bicicleta para [&hellip;]","category_list":"<a href=\"https:\/\/ciclovida.ufpr.br\/?cat=1\" rel=\"category\">Not\u00edcias<\/a>","comments_num":"0 comments","uagb_featured_image_src":{"full":false,"thumbnail":false,"medium":false,"medium_large":false,"large":false,"1536x1536":false,"2048x2048":false,"post-thumbnail":false,"twentytwenty-fullscreen":false},"uagb_author_info":{"display_name":"paulabianchi","author_link":"https:\/\/ciclovida.ufpr.br\/?author=5"},"uagb_comment_info":0,"uagb_excerpt":"Por V\u00e1 de Bike &nbsp; Mulheres j\u00e1 s\u00e3o respons\u00e1veis por mais de 30% dos deslocamentos em Santiago. E nem o frio da capital chilena desanima quem escolhe a bicicleta para [&hellip;]","wps_subtitle":"","_links":{"self":[{"href":"https:\/\/ciclovida.ufpr.br\/index.php?rest_route=\/wp\/v2\/posts\/2819","targetHints":{"allow":["GET"]}}],"collection":[{"href":"https:\/\/ciclovida.ufpr.br\/index.php?rest_route=\/wp\/v2\/posts"}],"about":[{"href":"https:\/\/ciclovida.ufpr.br\/index.php?rest_route=\/wp\/v2\/types\/post"}],"author":[{"embeddable":true,"href":"https:\/\/ciclovida.ufpr.br\/index.php?rest_route=\/wp\/v2\/users\/5"}],"replies":[{"embeddable":true,"href":"https:\/\/ciclovida.ufpr.br\/index.php?rest_route=%2Fwp%2Fv2%2Fcomments&post=2819"}],"version-history":[{"count":1,"href":"https:\/\/ciclovida.ufpr.br\/index.php?rest_route=\/wp\/v2\/posts\/2819\/revisions"}],"predecessor-version":[{"id":2820,"href":"https:\/\/ciclovida.ufpr.br\/index.php?rest_route=\/wp\/v2\/posts\/2819\/revisions\/2820"}],"wp:attachment":[{"href":"https:\/\/ciclovida.ufpr.br\/index.php?rest_route=%2Fwp%2Fv2%2Fmedia&parent=2819"}],"wp:term":[{"taxonomy":"category","embeddable":true,"href":"https:\/\/ciclovida.ufpr.br\/index.php?rest_route=%2Fwp%2Fv2%2Fcategories&post=2819"},{"taxonomy":"post_tag","embeddable":true,"href":"https:\/\/ciclovida.ufpr.br\/index.php?rest_route=%2Fwp%2Fv2%2Ftags&post=2819"}],"curies":[{"name":"wp","href":"https:\/\/api.w.org\/{rel}","templated":true}]}}