{"id":2806,"date":"2014-09-09T11:42:59","date_gmt":"2014-09-09T14:42:59","guid":{"rendered":"https:\/\/ciclovida.ufpr.br\/?p=2806"},"modified":"2014-09-09T11:42:59","modified_gmt":"2014-09-09T14:42:59","slug":"bicicleta-mobilidade-e-politica","status":"publish","type":"post","link":"https:\/\/ciclovida.ufpr.br\/?p=2806","title":{"rendered":"Bicicleta, Mobilidade e Pol\u00edtica!"},"content":{"rendered":"<div>Nesta ter\u00e7a-feira, como parte das atividades do calend\u00e1rio #artebicimob , teremos uma apresenta\u00e7\u00e3o de candidatos ao legislativo do paran\u00e1 (deputados federal, estadual e senadores), apresenta\u00e7\u00e3o de id\u00e9ias e propostas e assinatura das cartas de compromisso com a\u00a0<span style=\"color: #000000;\">ciclomobilidade.<\/span><\/div>\n<div><span style=\"color: #000000; font-family: verdana, sans-serif;\">\u00a0<\/span><\/div>\n<div><a href=\"https:\/\/ciclovida.ufpr.br\/wp-content\/uploads\/2014\/09\/10622080_723671544354605_402433806_n.jpg\"><img loading=\"lazy\" decoding=\"async\" class=\"aligncenter  wp-image-2807\" alt=\"10622080_723671544354605_402433806_n\" src=\"https:\/\/ciclovida.ufpr.br\/wp-content\/uploads\/2014\/09\/10622080_723671544354605_402433806_n.jpg\" width=\"672\" height=\"476\" srcset=\"https:\/\/ciclovida.ufpr.br\/wp-content\/uploads\/2014\/09\/10622080_723671544354605_402433806_n.jpg 960w, https:\/\/ciclovida.ufpr.br\/wp-content\/uploads\/2014\/09\/10622080_723671544354605_402433806_n-300x212.jpg 300w\" sizes=\"auto, (max-width: 672px) 100vw, 672px\" \/><\/a><\/div>\n<div><\/div>\n<div><span style=\"font-family: verdana, sans-serif;\"><span style=\"color: #000000;\">9\/9\/2014 ter\u00e7a-feira 18h \u00e0s 21h<br \/>\nNo Anfiteatro 800 da Reitoria da UFPR<\/p>\n<p>(fale para o seu candidato)<\/span><\/p>\n<p><a href=\"https:\/\/www.facebook.com\/events\/727604430653326\/\" target=\"_blank\" rel=\"nofollow\">https:\/\/www.facebook.com\/<wbr \/>events\/727604430653326\/<\/a><br \/>\n<\/span><\/div>\n<div><span style=\"font-family: verdana, sans-serif;\">\u00a0<\/span><\/div>\n<div><span style=\"font-family: verdana, sans-serif;\">Organiza\u00e7\u00e3o: CicloIgua\u00e7u e CicloVida\/UFPR<\/span><\/div>\n<div><span style=\"font-family: verdana, sans-serif;\">Apoio: Blog Ir e Vir de Bike<span style=\"color: #000000;\">\u00a0<\/span><\/span><\/div>\n","protected":false},"excerpt":{"rendered":"<p>Nesta ter\u00e7a-feira, como parte das atividades do calend\u00e1rio #artebicimob , teremos uma apresenta\u00e7\u00e3o de candidatos ao legislativo do paran\u00e1 (deputados federal, estadual e senadores), apresenta\u00e7\u00e3o de id\u00e9ias e propostas e [&hellip;]<\/p>\n","protected":false},"author":5,"featured_media":0,"comment_status":"open","ping_status":"open","sticky":false,"template":"","format":"standard","meta":{"_uag_custom_page_level_css":"","ngg_post_thumbnail":0,"footnotes":""},"categories":[1],"tags":[],"class_list":["post-2806","post","type-post","status-publish","format-standard","hentry","category-noticias"],"gutentor_comment":0,"featured_image_src":"","featured_image_src_square":false,"author_info":{"display_name":"paulabianchi","author_link":"https:\/\/ciclovida.ufpr.br\/?author=5"},"rbea_author_info":{"display_name":"paulabianchi","author_link":"https:\/\/ciclovida.ufpr.br\/?author=5"},"rbea_excerpt_info":"Nesta ter\u00e7a-feira, como parte das atividades do calend\u00e1rio #artebicimob , teremos uma apresenta\u00e7\u00e3o de candidatos ao legislativo do paran\u00e1 (deputados federal, estadual e senadores), apresenta\u00e7\u00e3o de id\u00e9ias e propostas e [&hellip;]","category_list":"<a href=\"https:\/\/ciclovida.ufpr.br\/?cat=1\" rel=\"category\">Not\u00edcias<\/a>","comments_num":"0 comments","uagb_featured_image_src":{"full":false,"thumbnail":false,"medium":false,"medium_large":false,"large":false,"1536x1536":false,"2048x2048":false,"post-thumbnail":false,"twentytwenty-fullscreen":false},"uagb_author_info":{"display_name":"paulabianchi","author_link":"https:\/\/ciclovida.ufpr.br\/?author=5"},"uagb_comment_info":0,"uagb_excerpt":"Nesta ter\u00e7a-feira, como parte das atividades do calend\u00e1rio #artebicimob , teremos uma apresenta\u00e7\u00e3o de candidatos ao legislativo do paran\u00e1 (deputados federal, estadual e senadores), apresenta\u00e7\u00e3o de id\u00e9ias e propostas e [&hellip;]","wps_subtitle":"","_links":{"self":[{"href":"https:\/\/ciclovida.ufpr.br\/index.php?rest_route=\/wp\/v2\/posts\/2806","targetHints":{"allow":["GET"]}}],"collection":[{"href":"https:\/\/ciclovida.ufpr.br\/index.php?rest_route=\/wp\/v2\/posts"}],"about":[{"href":"https:\/\/ciclovida.ufpr.br\/index.php?rest_route=\/wp\/v2\/types\/post"}],"author":[{"embeddable":true,"href":"https:\/\/ciclovida.ufpr.br\/index.php?rest_route=\/wp\/v2\/users\/5"}],"replies":[{"embeddable":true,"href":"https:\/\/ciclovida.ufpr.br\/index.php?rest_route=%2Fwp%2Fv2%2Fcomments&post=2806"}],"version-history":[{"count":2,"href":"https:\/\/ciclovida.ufpr.br\/index.php?rest_route=\/wp\/v2\/posts\/2806\/revisions"}],"predecessor-version":[{"id":2936,"href":"https:\/\/ciclovida.ufpr.br\/index.php?rest_route=\/wp\/v2\/posts\/2806\/revisions\/2936"}],"wp:attachment":[{"href":"https:\/\/ciclovida.ufpr.br\/index.php?rest_route=%2Fwp%2Fv2%2Fmedia&parent=2806"}],"wp:term":[{"taxonomy":"category","embeddable":true,"href":"https:\/\/ciclovida.ufpr.br\/index.php?rest_route=%2Fwp%2Fv2%2Fcategories&post=2806"},{"taxonomy":"post_tag","embeddable":true,"href":"https:\/\/ciclovida.ufpr.br\/index.php?rest_route=%2Fwp%2Fv2%2Ftags&post=2806"}],"curies":[{"name":"wp","href":"https:\/\/api.w.org\/{rel}","templated":true}]}}