{"id":2376,"date":"2014-09-04T14:16:35","date_gmt":"2014-09-04T17:16:35","guid":{"rendered":"https:\/\/ciclovida.ufpr.br\/?p=2376"},"modified":"2014-09-04T14:16:35","modified_gmt":"2014-09-04T17:16:35","slug":"clipping-desafio-intermodal-e-vencido-por-bicicleta-eletrica","status":"publish","type":"post","link":"https:\/\/ciclovida.ufpr.br\/?p=2376","title":{"rendered":"Clipping: Desafio intermodal \u00e9 vencido por bicicleta el\u00e9trica"},"content":{"rendered":"<p>Por <a href=\"http:\/\/www.curitiba.pr.gov.br\/noticias\/desafio-intermodal-e-vencido-por-bicicleta-eletrica\/33994\">Prefeitura de Curitiba<\/a><\/p>\n<p>O 8\u00ba. Desafio Intermodal realizado na noite desta sexta-feira (29) em Curitiba foi vencido por Laerte da Rosa Junior, que fez o percurso aproximado de 10 quil\u00f4metros\u00a0entre o Centro Polit\u00e9cnico da Universidade Federal do Paran\u00e1, no Jardim das Am\u00e9ricas, e a Pra\u00e7a Santos Andrade, no Centro, em uma bicicleta el\u00e9trica, com o tempo de 21 minutos e 37 segundos. Nos segundo e terceiro lugares ficaram bicicletas convencionais.<\/p>\n<p>O desafio teve a participa\u00e7\u00e3o de 55 pessoas que utilizaram diversos percursos alternativos e oito modais de transporte: caminhada, corrida, bicicleta convencional e el\u00e9trica, carro convencional e el\u00e9trico, motocicleta e \u00f4nibus.<\/p>\n<p>O prefeito de Curitiba, Gustavo Fruet, aceitou o desafio e\u00a0fez o percurso de bicicleta convencional em 55 minutos e 56 segundos. \u201cFiz 80% do trajeto em ciclofaixas ou ciclovia. Foi um saldo positivo pois pedalando na hora do pior tr\u00e2nsito, entre 18h e 19h30, observei motoristas respeitando o espa\u00e7o dos ciclistas. Al\u00e9m disso, foi uma oportunidade de percorrer o trecho e verificar a sinaliza\u00e7\u00e3o j\u00e1 existente e onde merece um refor\u00e7o\u201d, disse Fruet.<\/p>\n<p>O Desafio Intermodal \u00e9 uma pesquisa para avaliar qual o meio de transporte \u00e9 mais eficiente para enfrentar o hor\u00e1rio de maior movimento no tr\u00e2nsito, com avalia\u00e7\u00e3o de melhor tempo, economia de combust\u00edvel e qual modal polui menos. \u201cA m\u00e9dia destes fatores diz qual o modal mais eficiente para a cidade, pois o tempo e a economia s\u00e3o benef\u00edcios do usu\u00e1rio e, na quest\u00e3o ambiental, o benef\u00edcio \u00e9 para a sociedade\u201d, explicou o coordenador do programa Ciclovida, da Universidade Federal do Paran\u00e1, Jos\u00e9 Carlos Assun\u00e7\u00e3o Belotto.<\/p>\n<p>O desafio realizado anualmente como projeto de extens\u00e3o universit\u00e1ria\u00a0e conte\u00fado das disciplinas Cidades e Meio Ambiente do curso de Arquitetura de Urbanismo e\u00a0da mat\u00e9ria Engenharia de Tr\u00e1fego do curso de Engenharia Civil.<\/p>\n<p>Este ano, equipamentos foram instalados no escapamento de um dos carros participantes. Trata-se de um dispositivo embarcado capaz de medir em tempo real as emiss\u00f5es de poluentes, como o mon\u00f3xido de carbono (CO), di\u00f3xido de enxofre (SO2) e os \u00f3xidos de nitrog\u00eanio (NO e NO2). Esses gases s\u00e3o os principais respons\u00e1veis pela qualidade do ar.<\/p>\n<p>Tamb\u00e9m participou do desafio o coordenador t\u00e9cnico do projeto Ecoel\u00e9trico, Ivo Reck Neto, que fez o trajeto com um carro el\u00e9trico modelo Zoe, da frota da Prefeitura. Ele completou o trajeto em 43 minutos e 20 segundos. Foi o melhor tempo dentre os tr\u00eas carros ecoel\u00e9tricos que participaram.<\/p>\n<p>O resultado final do desafio est\u00e1 dispon\u00edvel no site\u00a0<a href=\"https:\/\/ciclovida.ufpr.br\/\">https:\/\/ciclovida.ufpr.br<\/a><\/p>\n<p><strong>Veja esta reportagem em v\u00eddeo\u00a0<a href=\"http:\/\/www.curitiba.pr.gov.br\/tv\/prefeito-participa-do-desafio-intermodal\/3125\">Aqui<\/a>.<\/strong><\/p>\n<p><a href=\"http:\/\/www.curitiba.pr.gov.br\/tv\/prefeito-participa-do-desafio-intermodal\/3125\"><img decoding=\"async\" alt=\"\" src=\"http:\/\/www.curitiba.pr.gov.br\/multimidia\/00152287.jpg\" \/><\/a><\/p>\n","protected":false},"excerpt":{"rendered":"<p>Por Prefeitura de Curitiba O 8\u00ba. Desafio Intermodal realizado na noite desta sexta-feira (29) em Curitiba foi vencido por Laerte da Rosa Junior, que fez o percurso aproximado de 10 [&hellip;]<\/p>\n","protected":false},"author":5,"featured_media":0,"comment_status":"open","ping_status":"open","sticky":false,"template":"","format":"standard","meta":{"_uag_custom_page_level_css":"","ngg_post_thumbnail":0,"footnotes":""},"categories":[17],"tags":[],"class_list":["post-2376","post","type-post","status-publish","format-standard","hentry","category-clipping"],"gutentor_comment":0,"featured_image_src":"","featured_image_src_square":false,"author_info":{"display_name":"paulabianchi","author_link":"https:\/\/ciclovida.ufpr.br\/?author=5"},"rbea_author_info":{"display_name":"paulabianchi","author_link":"https:\/\/ciclovida.ufpr.br\/?author=5"},"rbea_excerpt_info":"Por Prefeitura de Curitiba O 8\u00ba. Desafio Intermodal realizado na noite desta sexta-feira (29) em Curitiba foi vencido por Laerte da Rosa Junior, que fez o percurso aproximado de 10 [&hellip;]","category_list":"<a href=\"https:\/\/ciclovida.ufpr.br\/?cat=17\" rel=\"category\">Clipping<\/a>","comments_num":"0 comments","uagb_featured_image_src":{"full":false,"thumbnail":false,"medium":false,"medium_large":false,"large":false,"1536x1536":false,"2048x2048":false,"post-thumbnail":false,"twentytwenty-fullscreen":false},"uagb_author_info":{"display_name":"paulabianchi","author_link":"https:\/\/ciclovida.ufpr.br\/?author=5"},"uagb_comment_info":0,"uagb_excerpt":"Por Prefeitura de Curitiba O 8\u00ba. Desafio Intermodal realizado na noite desta sexta-feira (29) em Curitiba foi vencido por Laerte da Rosa Junior, que fez o percurso aproximado de 10 [&hellip;]","wps_subtitle":"","_links":{"self":[{"href":"https:\/\/ciclovida.ufpr.br\/index.php?rest_route=\/wp\/v2\/posts\/2376","targetHints":{"allow":["GET"]}}],"collection":[{"href":"https:\/\/ciclovida.ufpr.br\/index.php?rest_route=\/wp\/v2\/posts"}],"about":[{"href":"https:\/\/ciclovida.ufpr.br\/index.php?rest_route=\/wp\/v2\/types\/post"}],"author":[{"embeddable":true,"href":"https:\/\/ciclovida.ufpr.br\/index.php?rest_route=\/wp\/v2\/users\/5"}],"replies":[{"embeddable":true,"href":"https:\/\/ciclovida.ufpr.br\/index.php?rest_route=%2Fwp%2Fv2%2Fcomments&post=2376"}],"version-history":[{"count":1,"href":"https:\/\/ciclovida.ufpr.br\/index.php?rest_route=\/wp\/v2\/posts\/2376\/revisions"}],"predecessor-version":[{"id":2377,"href":"https:\/\/ciclovida.ufpr.br\/index.php?rest_route=\/wp\/v2\/posts\/2376\/revisions\/2377"}],"wp:attachment":[{"href":"https:\/\/ciclovida.ufpr.br\/index.php?rest_route=%2Fwp%2Fv2%2Fmedia&parent=2376"}],"wp:term":[{"taxonomy":"category","embeddable":true,"href":"https:\/\/ciclovida.ufpr.br\/index.php?rest_route=%2Fwp%2Fv2%2Fcategories&post=2376"},{"taxonomy":"post_tag","embeddable":true,"href":"https:\/\/ciclovida.ufpr.br\/index.php?rest_route=%2Fwp%2Fv2%2Ftags&post=2376"}],"curies":[{"name":"wp","href":"https:\/\/api.w.org\/{rel}","templated":true}]}}