{"id":2369,"date":"2014-09-04T14:12:00","date_gmt":"2014-09-04T17:12:00","guid":{"rendered":"https:\/\/ciclovida.ufpr.br\/?p=2369"},"modified":"2014-09-04T14:12:00","modified_gmt":"2014-09-04T17:12:00","slug":"dissertacao-sobre-a-controversia-das-ciclovias-de-curitiba","status":"publish","type":"post","link":"https:\/\/ciclovida.ufpr.br\/?p=2369","title":{"rendered":"Disserta\u00e7\u00e3o sobre a controv\u00e9rsia das ciclovias de Curitiba"},"content":{"rendered":"<p>Por <a href=\"http:\/\/cicloiguacu.org.br\/2014\/08\/dissertacao-sobre-a-controversia-das-ciclovias-de-curitiba\/\">CicloIgua\u00e7u<\/a><\/p>\n<h2><img loading=\"lazy\" decoding=\"async\" style=\"font-size: 13px;\" alt=\"20080000-ampliacao_ciclovias\" src=\"http:\/\/cicloiguacu.org.br\/wp-content\/uploads\/2014\/08\/20080000-ampliacao_ciclovias.jpg\" width=\"250\" height=\"339\" \/><\/h2>\n<div>\n<p>EDITAL PPGTU N.\u00ba 157\/14<\/p>\n<h1>DEFESA P\u00daBLICA DE DISSERTA\u00c7\u00c3O DE MESTRADO<\/h1>\n<p>A Coordena\u00e7\u00e3o do Programa de P\u00f3s-Gradua\u00e7\u00e3o em Gest\u00e3o Urbana torna p\u00fablica a realiza\u00e7\u00e3o do Exame de Defesa de Disserta\u00e7\u00e3o da mestranda\u00a0<strong>KELLI ANNE FUJIOKA\u00a0<\/strong>ingressante em mar\u00e7o de 2012. A banca ocorrer\u00e1 no dia\u00a0<strong>29 de agosto de 2014<\/strong>, \u00e0s\u00a0<strong>16h00<\/strong>, no Audit\u00f3rio Newton Stadler, t\u00e9rreo do Bloco 5 da PUCPR (Escola de Direito).<\/p>\n<p><strong>T\u00cdTULO: \u201cDISCURSO HEGEM\u00d4NICO E CONTROV\u00c9RSIAS EM PROJETOS CICLOVI\u00c1RIOS DE CURITIBA<\/strong><strong>\u201d<\/strong><\/p>\n<p><strong>RESUMO:<\/strong>\u00a0Como exemplo de cidade baseada no desenvolvimento orientado pelo tr\u00e2nsito (TOD), corredores de \u00f4nibus situados ao longo dos seis eixos de alta densidade demogr\u00e1fica (Norte, Sul, Leste, Oeste, Boqueir\u00e3o e Linha Verde), norteiam o zoneamento urbano de Curitiba desde 1970. Em 1977 esse sistema foi complementado com uma ciclovia que interligou parcialmente Curitiba a Pinhais e, posteriormente, com a implanta\u00e7\u00e3o de ciclovias na Cidade Industrial. Desde ent\u00e3o, \u00e1reas com restri\u00e7\u00f5es de constru\u00e7\u00e3o foram utilizadas para expandir a rede ciclovi\u00e1ria. Entre 1980 e 1990 ciclovias interligaram parques urbanos constru\u00eddos em \u00e1reas \u00famidas, com lagos para conten\u00e7\u00e3o e controle de inunda\u00e7\u00f5es. A associa\u00e7\u00e3o aos parques vinculou as ciclovias a uma rede de lazer e bem-estar. Em 2011, ap\u00f3s longo per\u00edodo sem amplia\u00e7\u00f5es substanciais, foi implantada uma ciclofaixa de 4 km na \u00e1rea central. No domingo de sua inaugura\u00e7\u00e3o cerca de tr\u00eas mil ciclistas a utilizaram: trezentos deles pedalando ao lado, fora e em sentido contr\u00e1rio. A Ciclofaixa foi desativada em fevereiro de 2013. Com tudo, essa pesquisa buscou compreender o processo de planejamento ciclovi\u00e1rio de Curitiba, bem como identificar seus atores e analisar os efeitos de suas a\u00e7\u00f5es em projetos ciclovi\u00e1rios, por meio da Constru\u00e7\u00e3o Social da Tecnologia (SCOT) e da Teoria Ator-Rede (ANT) \u2013 m\u00e9todos que permitem desvelar fatos encadeados em longas trajet\u00f3rias de desenvolvimento de sistemas sociot\u00e9cnicos. Como resultados, identificou-se o surgimento e aprofundamento da controv\u00e9rsia sociot\u00e9cnica origin\u00e1ria da mobiliza\u00e7\u00e3o dos ciclistas, cuja oposi\u00e7\u00e3o refletiu na reformula\u00e7\u00e3o da pol\u00edtica da bicicleta em Curitiba. E, ainda, a an\u00e1lise documental e de entrevistas indicaram a emerg\u00eancia de um grupo da sociedade civil organizada, que, pautado em fundamentos t\u00e9cnicos, constituiu a g\u00eanese da controv\u00e9rsia ao questionar pareceres dados como definitivos pelo poder p\u00fablico local. A intensidade da controv\u00e9rsia sociot\u00e9cnica em torno da Ciclofaixa de Lazer pode apontar novos rumos da pol\u00edtica p\u00fablica ciclovi\u00e1ria curitibana.<\/p>\n<p>&nbsp;<\/p>\n<p><strong>PALAVRAS-CHAVE:<\/strong>\u00a0Transporte p\u00fablico; Ciclovias; Controv\u00e9rsia; Pol\u00edtica p\u00fablica; Teoria Ator-Rede; Curitiba.<\/p>\n<p>A Banca ser\u00e1 composta por:<\/p>\n<p>Presidente:<strong>\u00a0\u00a0 Prof. Dr. Mario Procopiuck (PUCPR \u2013 Orientador)<\/strong><\/p>\n<p><strong>Prof. Dr. F\u00e1bio Duarte de Ara\u00fajo Silva (PPGTU\/PUCPR \u2013 Membro Interno)<\/strong><\/p>\n<p><strong>Prof. Dr. Rodrigo Jos\u00e9 Firmino (PPGTU\/PUCPR \u2013 Membro Interno)<\/strong><\/p>\n<p><strong>Prof\u00aa. Dra. Tatiana Maria Cecy Gadda (UTFPR \u2013 Membro Externo)<\/strong><\/p>\n<\/div>\n","protected":false},"excerpt":{"rendered":"<p>Por CicloIgua\u00e7u EDITAL PPGTU N.\u00ba 157\/14 DEFESA P\u00daBLICA DE DISSERTA\u00c7\u00c3O DE MESTRADO A Coordena\u00e7\u00e3o do Programa de P\u00f3s-Gradua\u00e7\u00e3o em Gest\u00e3o Urbana torna p\u00fablica a realiza\u00e7\u00e3o do Exame de Defesa de [&hellip;]<\/p>\n","protected":false},"author":5,"featured_media":0,"comment_status":"open","ping_status":"open","sticky":false,"template":"","format":"standard","meta":{"_uag_custom_page_level_css":"","ngg_post_thumbnail":0,"footnotes":""},"categories":[5],"tags":[],"class_list":["post-2369","post","type-post","status-publish","format-standard","hentry","category-biblioteca"],"gutentor_comment":1,"featured_image_src":"","featured_image_src_square":false,"author_info":{"display_name":"paulabianchi","author_link":"https:\/\/ciclovida.ufpr.br\/?author=5"},"rbea_author_info":{"display_name":"paulabianchi","author_link":"https:\/\/ciclovida.ufpr.br\/?author=5"},"rbea_excerpt_info":"Por CicloIgua\u00e7u EDITAL PPGTU N.\u00ba 157\/14 DEFESA P\u00daBLICA DE DISSERTA\u00c7\u00c3O DE MESTRADO A Coordena\u00e7\u00e3o do Programa de P\u00f3s-Gradua\u00e7\u00e3o em Gest\u00e3o Urbana torna p\u00fablica a realiza\u00e7\u00e3o do Exame de Defesa de [&hellip;]","category_list":"<a href=\"https:\/\/ciclovida.ufpr.br\/?cat=5\" rel=\"category\">Biblioteca<\/a>","comments_num":"0 comments","uagb_featured_image_src":{"full":false,"thumbnail":false,"medium":false,"medium_large":false,"large":false,"1536x1536":false,"2048x2048":false,"post-thumbnail":false,"twentytwenty-fullscreen":false},"uagb_author_info":{"display_name":"paulabianchi","author_link":"https:\/\/ciclovida.ufpr.br\/?author=5"},"uagb_comment_info":1,"uagb_excerpt":"Por CicloIgua\u00e7u EDITAL PPGTU N.\u00ba 157\/14 DEFESA P\u00daBLICA DE DISSERTA\u00c7\u00c3O DE MESTRADO A Coordena\u00e7\u00e3o do Programa de P\u00f3s-Gradua\u00e7\u00e3o em Gest\u00e3o Urbana torna p\u00fablica a realiza\u00e7\u00e3o do Exame de Defesa de [&hellip;]","wps_subtitle":"","_links":{"self":[{"href":"https:\/\/ciclovida.ufpr.br\/index.php?rest_route=\/wp\/v2\/posts\/2369","targetHints":{"allow":["GET"]}}],"collection":[{"href":"https:\/\/ciclovida.ufpr.br\/index.php?rest_route=\/wp\/v2\/posts"}],"about":[{"href":"https:\/\/ciclovida.ufpr.br\/index.php?rest_route=\/wp\/v2\/types\/post"}],"author":[{"embeddable":true,"href":"https:\/\/ciclovida.ufpr.br\/index.php?rest_route=\/wp\/v2\/users\/5"}],"replies":[{"embeddable":true,"href":"https:\/\/ciclovida.ufpr.br\/index.php?rest_route=%2Fwp%2Fv2%2Fcomments&post=2369"}],"version-history":[{"count":1,"href":"https:\/\/ciclovida.ufpr.br\/index.php?rest_route=\/wp\/v2\/posts\/2369\/revisions"}],"predecessor-version":[{"id":2370,"href":"https:\/\/ciclovida.ufpr.br\/index.php?rest_route=\/wp\/v2\/posts\/2369\/revisions\/2370"}],"wp:attachment":[{"href":"https:\/\/ciclovida.ufpr.br\/index.php?rest_route=%2Fwp%2Fv2%2Fmedia&parent=2369"}],"wp:term":[{"taxonomy":"category","embeddable":true,"href":"https:\/\/ciclovida.ufpr.br\/index.php?rest_route=%2Fwp%2Fv2%2Fcategories&post=2369"},{"taxonomy":"post_tag","embeddable":true,"href":"https:\/\/ciclovida.ufpr.br\/index.php?rest_route=%2Fwp%2Fv2%2Ftags&post=2369"}],"curies":[{"name":"wp","href":"https:\/\/api.w.org\/{rel}","templated":true}]}}