{"id":2197,"date":"2014-08-29T20:27:20","date_gmt":"2014-08-29T23:27:20","guid":{"rendered":"https:\/\/ciclovida.ufpr.br\/?p=2197"},"modified":"2014-09-04T14:13:38","modified_gmt":"2014-09-04T17:13:38","slug":"pre-relatorio-do-desafio-intermodal","status":"publish","type":"post","link":"https:\/\/ciclovida.ufpr.br\/?p=2197","title":{"rendered":"Pr\u00e9-relat\u00f3rio do Desafio Intermodal"},"content":{"rendered":"<p>Veja o pr\u00e9-relat\u00f3rio!<\/p>\n<p>Clique no link abaixo!!!<\/p>\n<p><a href=\"https:\/\/ciclovida.ufpr.br\/wp-content\/uploads\/2014\/08\/Vlll-DESAFIO-INTERMODAL.pdf\"><a href=\"https:\/\/ciclovida.ufpr.br\/wp-content\/uploads\/2014\/08\/Vlll-DESAFIO-INTERMODAL1.pdf\">Vlll DESAFIO INTERMODAL<\/a><\/a><\/p>\n<p>Em breve divulgaremos o relat\u00f3rio completo!<\/p>\n","protected":false},"excerpt":{"rendered":"<p>Veja o pr\u00e9-relat\u00f3rio! Clique no link abaixo!!! Vlll DESAFIO INTERMODAL Em breve divulgaremos o relat\u00f3rio completo!<\/p>\n","protected":false},"author":5,"featured_media":0,"comment_status":"open","ping_status":"open","sticky":false,"template":"","format":"standard","meta":{"_uag_custom_page_level_css":"","ngg_post_thumbnail":0,"footnotes":""},"categories":[1],"tags":[],"class_list":["post-2197","post","type-post","status-publish","format-standard","hentry","category-noticias"],"gutentor_comment":0,"featured_image_src":"","featured_image_src_square":false,"author_info":{"display_name":"paulabianchi","author_link":"https:\/\/ciclovida.ufpr.br\/?author=5"},"rbea_author_info":{"display_name":"paulabianchi","author_link":"https:\/\/ciclovida.ufpr.br\/?author=5"},"rbea_excerpt_info":"Veja o pr\u00e9-relat\u00f3rio! Clique no link abaixo!!! Vlll DESAFIO INTERMODAL Em breve divulgaremos o relat\u00f3rio completo!","category_list":"<a href=\"https:\/\/ciclovida.ufpr.br\/?cat=1\" rel=\"category\">Not\u00edcias<\/a>","comments_num":"0 comments","uagb_featured_image_src":{"full":false,"thumbnail":false,"medium":false,"medium_large":false,"large":false,"1536x1536":false,"2048x2048":false,"post-thumbnail":false,"twentytwenty-fullscreen":false},"uagb_author_info":{"display_name":"paulabianchi","author_link":"https:\/\/ciclovida.ufpr.br\/?author=5"},"uagb_comment_info":0,"uagb_excerpt":"Veja o pr\u00e9-relat\u00f3rio! Clique no link abaixo!!! Vlll DESAFIO INTERMODAL Em breve divulgaremos o relat\u00f3rio completo!","wps_subtitle":"","_links":{"self":[{"href":"https:\/\/ciclovida.ufpr.br\/index.php?rest_route=\/wp\/v2\/posts\/2197","targetHints":{"allow":["GET"]}}],"collection":[{"href":"https:\/\/ciclovida.ufpr.br\/index.php?rest_route=\/wp\/v2\/posts"}],"about":[{"href":"https:\/\/ciclovida.ufpr.br\/index.php?rest_route=\/wp\/v2\/types\/post"}],"author":[{"embeddable":true,"href":"https:\/\/ciclovida.ufpr.br\/index.php?rest_route=\/wp\/v2\/users\/5"}],"replies":[{"embeddable":true,"href":"https:\/\/ciclovida.ufpr.br\/index.php?rest_route=%2Fwp%2Fv2%2Fcomments&post=2197"}],"version-history":[{"count":2,"href":"https:\/\/ciclovida.ufpr.br\/index.php?rest_route=\/wp\/v2\/posts\/2197\/revisions"}],"predecessor-version":[{"id":2373,"href":"https:\/\/ciclovida.ufpr.br\/index.php?rest_route=\/wp\/v2\/posts\/2197\/revisions\/2373"}],"wp:attachment":[{"href":"https:\/\/ciclovida.ufpr.br\/index.php?rest_route=%2Fwp%2Fv2%2Fmedia&parent=2197"}],"wp:term":[{"taxonomy":"category","embeddable":true,"href":"https:\/\/ciclovida.ufpr.br\/index.php?rest_route=%2Fwp%2Fv2%2Fcategories&post=2197"},{"taxonomy":"post_tag","embeddable":true,"href":"https:\/\/ciclovida.ufpr.br\/index.php?rest_route=%2Fwp%2Fv2%2Ftags&post=2197"}],"curies":[{"name":"wp","href":"https:\/\/api.w.org\/{rel}","templated":true}]}}