{"id":2192,"date":"2014-08-27T23:40:54","date_gmt":"2014-08-28T02:40:54","guid":{"rendered":"https:\/\/ciclovida.ufpr.br\/?p=2192"},"modified":"2014-08-27T23:41:40","modified_gmt":"2014-08-28T02:41:40","slug":"sexta-feira-tem-desafio-intermodal-em-curitiba","status":"publish","type":"post","link":"https:\/\/ciclovida.ufpr.br\/?p=2192","title":{"rendered":"Sexta-feira tem Desafio Intermodal em Curitiba!"},"content":{"rendered":"<p>Nesta sexta-feira, dia 29, acontece o 8o Desafio Intermodal de Curitiba! E esse ano voc\u00ea poder\u00e1 acompanhar a largada ao vivo atrav\u00e9s do link abaixo. N\u00e3o perca! A transmiss\u00e3o acontecer\u00e1 a partir das 17h30 do dia 29\/08.<\/p>\n<p><iframe loading=\"lazy\" style=\"border: 0px none transparent;\" src=\"\/\/www.ustream.tv\/embed\/18790033?wmode=direct\" height=\"302\" width=\"480\" frameborder=\"no\"><\/iframe><\/p>\n<p><em id=\"__mceDel\"> <a style=\"padding: 2px 0px 4px; width: 400px; background: #ffffff; display: block; color: #000000; font-weight: normal; font-size: 10px; text-decoration: underline; text-align: center;\" href=\"http:\/\/www.ustream.tv\/\" target=\"_blank\">Live streaming video by Ustream<\/a><\/em><\/p>\n","protected":false},"excerpt":{"rendered":"<p>Nesta sexta-feira, dia 29, acontece o 8o Desafio Intermodal de Curitiba! E esse ano voc\u00ea poder\u00e1 acompanhar a largada ao vivo atrav\u00e9s do link abaixo. N\u00e3o perca! A transmiss\u00e3o acontecer\u00e1 [&hellip;]<\/p>\n","protected":false},"author":5,"featured_media":0,"comment_status":"open","ping_status":"open","sticky":false,"template":"","format":"standard","meta":{"_uag_custom_page_level_css":"","ngg_post_thumbnail":0,"footnotes":""},"categories":[1],"tags":[],"class_list":["post-2192","post","type-post","status-publish","format-standard","hentry","category-noticias"],"gutentor_comment":2,"featured_image_src":"","featured_image_src_square":false,"author_info":{"display_name":"paulabianchi","author_link":"https:\/\/ciclovida.ufpr.br\/?author=5"},"rbea_author_info":{"display_name":"paulabianchi","author_link":"https:\/\/ciclovida.ufpr.br\/?author=5"},"rbea_excerpt_info":"Nesta sexta-feira, dia 29, acontece o 8o Desafio Intermodal de Curitiba! E esse ano voc\u00ea poder\u00e1 acompanhar a largada ao vivo atrav\u00e9s do link abaixo. N\u00e3o perca! A transmiss\u00e3o acontecer\u00e1 [&hellip;]","category_list":"<a href=\"https:\/\/ciclovida.ufpr.br\/?cat=1\" rel=\"category\">Not\u00edcias<\/a>","comments_num":"0 comments","uagb_featured_image_src":{"full":false,"thumbnail":false,"medium":false,"medium_large":false,"large":false,"1536x1536":false,"2048x2048":false,"post-thumbnail":false,"twentytwenty-fullscreen":false},"uagb_author_info":{"display_name":"paulabianchi","author_link":"https:\/\/ciclovida.ufpr.br\/?author=5"},"uagb_comment_info":2,"uagb_excerpt":"Nesta sexta-feira, dia 29, acontece o 8o Desafio Intermodal de Curitiba! E esse ano voc\u00ea poder\u00e1 acompanhar a largada ao vivo atrav\u00e9s do link abaixo. N\u00e3o perca! A transmiss\u00e3o acontecer\u00e1 [&hellip;]","wps_subtitle":"","_links":{"self":[{"href":"https:\/\/ciclovida.ufpr.br\/index.php?rest_route=\/wp\/v2\/posts\/2192","targetHints":{"allow":["GET"]}}],"collection":[{"href":"https:\/\/ciclovida.ufpr.br\/index.php?rest_route=\/wp\/v2\/posts"}],"about":[{"href":"https:\/\/ciclovida.ufpr.br\/index.php?rest_route=\/wp\/v2\/types\/post"}],"author":[{"embeddable":true,"href":"https:\/\/ciclovida.ufpr.br\/index.php?rest_route=\/wp\/v2\/users\/5"}],"replies":[{"embeddable":true,"href":"https:\/\/ciclovida.ufpr.br\/index.php?rest_route=%2Fwp%2Fv2%2Fcomments&post=2192"}],"version-history":[{"count":3,"href":"https:\/\/ciclovida.ufpr.br\/index.php?rest_route=\/wp\/v2\/posts\/2192\/revisions"}],"predecessor-version":[{"id":2195,"href":"https:\/\/ciclovida.ufpr.br\/index.php?rest_route=\/wp\/v2\/posts\/2192\/revisions\/2195"}],"wp:attachment":[{"href":"https:\/\/ciclovida.ufpr.br\/index.php?rest_route=%2Fwp%2Fv2%2Fmedia&parent=2192"}],"wp:term":[{"taxonomy":"category","embeddable":true,"href":"https:\/\/ciclovida.ufpr.br\/index.php?rest_route=%2Fwp%2Fv2%2Fcategories&post=2192"},{"taxonomy":"post_tag","embeddable":true,"href":"https:\/\/ciclovida.ufpr.br\/index.php?rest_route=%2Fwp%2Fv2%2Ftags&post=2192"}],"curies":[{"name":"wp","href":"https:\/\/api.w.org\/{rel}","templated":true}]}}