{"id":2179,"date":"2014-08-05T14:45:45","date_gmt":"2014-08-05T17:45:45","guid":{"rendered":"https:\/\/ciclovida.ufpr.br\/?p=2179"},"modified":"2014-08-05T14:45:45","modified_gmt":"2014-08-05T17:45:45","slug":"imperdivel-belotto-na-eparana-hoje-a-noite","status":"publish","type":"post","link":"https:\/\/ciclovida.ufpr.br\/?p=2179","title":{"rendered":"Imperd\u00edvel! Belotto na \u00e9Paran\u00e1 hoje a noite!"},"content":{"rendered":"<p style=\"text-align: center;\">O idealizador do Programa Ciclovida, iniciativa pioneira que uniu v\u00e1rios setores da Universidade Federal do Paran\u00e1, \u00a0estar\u00e1 hoje a noite \u00e0s 20h30 no programa Gente.com da \u00e9Paran\u00e1. N\u00e3o percam!<a href=\"https:\/\/ciclovida.ufpr.br\/wp-content\/uploads\/2014\/08\/10450769_10202530367445980_5943019523709824377_n.jpg\"><img loading=\"lazy\" decoding=\"async\" class=\"aligncenter  wp-image-2180\" alt=\"10450769_10202530367445980_5943019523709824377_n\" src=\"https:\/\/ciclovida.ufpr.br\/wp-content\/uploads\/2014\/08\/10450769_10202530367445980_5943019523709824377_n.jpg\" width=\"648\" height=\"424\" srcset=\"https:\/\/ciclovida.ufpr.br\/wp-content\/uploads\/2014\/08\/10450769_10202530367445980_5943019523709824377_n.jpg 720w, https:\/\/ciclovida.ufpr.br\/wp-content\/uploads\/2014\/08\/10450769_10202530367445980_5943019523709824377_n-300x196.jpg 300w\" sizes=\"auto, (max-width: 648px) 100vw, 648px\" \/><\/a><\/p>\n","protected":false},"excerpt":{"rendered":"<p>O idealizador do Programa Ciclovida, iniciativa pioneira que uniu v\u00e1rios setores da Universidade Federal do Paran\u00e1, \u00a0estar\u00e1 hoje a noite \u00e0s 20h30 no programa Gente.com da \u00e9Paran\u00e1. N\u00e3o percam!<\/p>\n","protected":false},"author":5,"featured_media":0,"comment_status":"open","ping_status":"open","sticky":false,"template":"","format":"standard","meta":{"_uag_custom_page_level_css":"","ngg_post_thumbnail":0,"footnotes":""},"categories":[1],"tags":[],"class_list":["post-2179","post","type-post","status-publish","format-standard","hentry","category-noticias"],"gutentor_comment":2,"featured_image_src":"","featured_image_src_square":false,"author_info":{"display_name":"paulabianchi","author_link":"https:\/\/ciclovida.ufpr.br\/?author=5"},"rbea_author_info":{"display_name":"paulabianchi","author_link":"https:\/\/ciclovida.ufpr.br\/?author=5"},"rbea_excerpt_info":"O idealizador do Programa Ciclovida, iniciativa pioneira que uniu v\u00e1rios setores da Universidade Federal do Paran\u00e1, \u00a0estar\u00e1 hoje a noite \u00e0s 20h30 no programa Gente.com da \u00e9Paran\u00e1. N\u00e3o percam!","category_list":"<a href=\"https:\/\/ciclovida.ufpr.br\/?cat=1\" rel=\"category\">Not\u00edcias<\/a>","comments_num":"0 comments","uagb_featured_image_src":{"full":false,"thumbnail":false,"medium":false,"medium_large":false,"large":false,"1536x1536":false,"2048x2048":false,"post-thumbnail":false,"twentytwenty-fullscreen":false},"uagb_author_info":{"display_name":"paulabianchi","author_link":"https:\/\/ciclovida.ufpr.br\/?author=5"},"uagb_comment_info":2,"uagb_excerpt":"O idealizador do Programa Ciclovida, iniciativa pioneira que uniu v\u00e1rios setores da Universidade Federal do Paran\u00e1, \u00a0estar\u00e1 hoje a noite \u00e0s 20h30 no programa Gente.com da \u00e9Paran\u00e1. N\u00e3o percam!","wps_subtitle":"","_links":{"self":[{"href":"https:\/\/ciclovida.ufpr.br\/index.php?rest_route=\/wp\/v2\/posts\/2179","targetHints":{"allow":["GET"]}}],"collection":[{"href":"https:\/\/ciclovida.ufpr.br\/index.php?rest_route=\/wp\/v2\/posts"}],"about":[{"href":"https:\/\/ciclovida.ufpr.br\/index.php?rest_route=\/wp\/v2\/types\/post"}],"author":[{"embeddable":true,"href":"https:\/\/ciclovida.ufpr.br\/index.php?rest_route=\/wp\/v2\/users\/5"}],"replies":[{"embeddable":true,"href":"https:\/\/ciclovida.ufpr.br\/index.php?rest_route=%2Fwp%2Fv2%2Fcomments&post=2179"}],"version-history":[{"count":2,"href":"https:\/\/ciclovida.ufpr.br\/index.php?rest_route=\/wp\/v2\/posts\/2179\/revisions"}],"predecessor-version":[{"id":2182,"href":"https:\/\/ciclovida.ufpr.br\/index.php?rest_route=\/wp\/v2\/posts\/2179\/revisions\/2182"}],"wp:attachment":[{"href":"https:\/\/ciclovida.ufpr.br\/index.php?rest_route=%2Fwp%2Fv2%2Fmedia&parent=2179"}],"wp:term":[{"taxonomy":"category","embeddable":true,"href":"https:\/\/ciclovida.ufpr.br\/index.php?rest_route=%2Fwp%2Fv2%2Fcategories&post=2179"},{"taxonomy":"post_tag","embeddable":true,"href":"https:\/\/ciclovida.ufpr.br\/index.php?rest_route=%2Fwp%2Fv2%2Ftags&post=2179"}],"curies":[{"name":"wp","href":"https:\/\/api.w.org\/{rel}","templated":true}]}}