{"id":2069,"date":"2014-07-03T11:00:35","date_gmt":"2014-07-03T14:00:35","guid":{"rendered":"https:\/\/ciclovida.ufpr.br\/?p=2069"},"modified":"2014-07-11T16:27:39","modified_gmt":"2014-07-11T19:27:39","slug":"convite-cicloturismo-1907","status":"publish","type":"post","link":"https:\/\/ciclovida.ufpr.br\/?p=2069","title":{"rendered":"CONVITE: Cicloturismo 19\/07"},"content":{"rendered":"<p><b>Cicloturismo 19-07-2014<\/b><\/p>\n<p>Com o objetivo de irradiar uma cultura de mobilidade urbana mais saud\u00e1vel e sustent\u00e1vel o Programa Ciclovida ir\u00e1 promover um Passeio de Cicloturismo entre Curitiba e Antonina (cerca de 80 km) no dia 19 de Julho, como atividade paralela ao Festival de Inverno da\u00a0 UFPR. Ser\u00e3o ofertadas 80 vagas para o passeio e as inscri\u00e7\u00f5es poder\u00e3o ser realizadas na loja BikeSul, mediante a entrega de 2 kg de alimentos n\u00e3o perec\u00edveis que ser\u00e3o doados a uma institui\u00e7\u00e3o de Antonina. Participem!<\/p>\n<p>Data: 19 de Julho de 2014<\/p>\n<p>Inscri\u00e7\u00f5es: Loja BikeSul &#8211;\u00a0 Rua Tapaj\u00f3s, 1047 loja 8, Bom Retiro &#8211; Curitiba<\/p>\n<p>Hor\u00e1rio: Concentra\u00e7\u00e3o 6h30 &#8211; Sa\u00edda 07h00<\/p>\n<p>Encontro: Sede da Asufepar, Rua Carlos Pradi n\u02da 18, Jd. das Am\u00e9ricas\/ Polit\u00e9cnico.<\/p>\n<p>*Obrigat\u00f3rio o uso de capacete e luvas. O transporte para a volta ser\u00e1 providenciado pela Organiza\u00e7\u00e3o do Festival.<\/p>\n<figure id=\"attachment_2086\" aria-describedby=\"caption-attachment-2086\" style=\"width: 655px\" class=\"wp-caption aligncenter\"><a href=\"https:\/\/ciclovida.ufpr.br\/wp-content\/uploads\/2014\/07\/ctba-antonina.jpg\"><img loading=\"lazy\" decoding=\"async\" class=\" wp-image-2086\" alt=\"ctba - antonina\" src=\"https:\/\/ciclovida.ufpr.br\/wp-content\/uploads\/2014\/07\/ctba-antonina-1024x559.jpg\" width=\"655\" height=\"358\" srcset=\"https:\/\/ciclovida.ufpr.br\/wp-content\/uploads\/2014\/07\/ctba-antonina-1024x559.jpg 1024w, https:\/\/ciclovida.ufpr.br\/wp-content\/uploads\/2014\/07\/ctba-antonina-300x163.jpg 300w, https:\/\/ciclovida.ufpr.br\/wp-content\/uploads\/2014\/07\/ctba-antonina.jpg 1360w\" sizes=\"auto, (max-width: 655px) 100vw, 655px\" \/><\/a><figcaption id=\"caption-attachment-2086\" class=\"wp-caption-text\">Agradecimento: Ciclista Fernando Manosso que montou o mapa com altimetria.<\/figcaption><\/figure>\n<p style=\"text-align: center;\">\n<p align=\"center\"><b>OFICINA<\/b><\/p>\n<p><b>Diagn\u00f3stico e proposta para melhoria do uso da bicicleta pela comunidade escolar em Antonina<\/b><\/p>\n<p>A oficina visa desenvolver de forma colaborativa\u00a0 um diagn\u00f3stico sobre o uso da bicicleta entre os alunos, professores e funcion\u00e1rios das escolas estaduais em Antonina, al\u00e9m de repassar informa\u00e7\u00f5es sobre seguran\u00e7a de tr\u00e2nsito e propor alternativas para a melhoria da ciclomobilidade local.<\/p>\n<p>Ministrante: Belotto\/ UFPR<\/p>\n<p>Especialista em Servi\u00e7o Social, Conselheiro da UCB (Uni\u00e3o dos Ciclistas do Brasil), Coordenador de Educa\u00e7\u00e3o e Cultural da CicloIgua\u00e7u (Associa\u00e7\u00e3o de ciclistas do Alto Igua\u00e7u); Vice Presidente da Federa\u00e7\u00e3o Paranaense de Ciclismo e Coordenador do Programa de Extens\u00e3o CICLOVIDA da UFPR.<\/p>\n<p>21 a 25 de julho<\/p>\n<p>Hor\u00e1rio: das 14h00 \u00e0s 18h00<\/p>\n<p>N\u00famero de vagas: 20<\/p>\n<p>Material do aluno: uma bicicleta; \u00e1gua para consumo pr\u00f3prio.<\/p>\n<p><b>Inscri\u00e7\u00f5es:<\/b><\/p>\n<p><a href=\"http:\/\/www.proec.ufpr.br\/festival2014\/links\/inscricoes.html\" target=\"_blank\">http:\/\/www.proec.ufpr.br\/<wbr \/>festival2014\/links\/inscricoes.<wbr \/>html<\/a><\/p>\n","protected":false},"excerpt":{"rendered":"<p>Cicloturismo 19-07-2014 Com o objetivo de irradiar uma cultura de mobilidade urbana mais saud\u00e1vel e sustent\u00e1vel o Programa Ciclovida ir\u00e1 promover um Passeio de Cicloturismo entre Curitiba e Antonina (cerca [&hellip;]<\/p>\n","protected":false},"author":5,"featured_media":0,"comment_status":"open","ping_status":"open","sticky":false,"template":"","format":"standard","meta":{"_uag_custom_page_level_css":"","ngg_post_thumbnail":0,"footnotes":""},"categories":[6],"tags":[],"class_list":["post-2069","post","type-post","status-publish","format-standard","hentry","category-eventos"],"gutentor_comment":1,"featured_image_src":"","featured_image_src_square":false,"author_info":{"display_name":"paulabianchi","author_link":"https:\/\/ciclovida.ufpr.br\/?author=5"},"rbea_author_info":{"display_name":"paulabianchi","author_link":"https:\/\/ciclovida.ufpr.br\/?author=5"},"rbea_excerpt_info":"Cicloturismo 19-07-2014 Com o objetivo de irradiar uma cultura de mobilidade urbana mais saud\u00e1vel e sustent\u00e1vel o Programa Ciclovida ir\u00e1 promover um Passeio de Cicloturismo entre Curitiba e Antonina (cerca [&hellip;]","category_list":"<a href=\"https:\/\/ciclovida.ufpr.br\/?cat=6\" rel=\"category\">Eventos<\/a>","comments_num":"0 comments","uagb_featured_image_src":{"full":false,"thumbnail":false,"medium":false,"medium_large":false,"large":false,"1536x1536":false,"2048x2048":false,"post-thumbnail":false,"twentytwenty-fullscreen":false},"uagb_author_info":{"display_name":"paulabianchi","author_link":"https:\/\/ciclovida.ufpr.br\/?author=5"},"uagb_comment_info":1,"uagb_excerpt":"Cicloturismo 19-07-2014 Com o objetivo de irradiar uma cultura de mobilidade urbana mais saud\u00e1vel e sustent\u00e1vel o Programa Ciclovida ir\u00e1 promover um Passeio de Cicloturismo entre Curitiba e Antonina (cerca [&hellip;]","wps_subtitle":"","_links":{"self":[{"href":"https:\/\/ciclovida.ufpr.br\/index.php?rest_route=\/wp\/v2\/posts\/2069","targetHints":{"allow":["GET"]}}],"collection":[{"href":"https:\/\/ciclovida.ufpr.br\/index.php?rest_route=\/wp\/v2\/posts"}],"about":[{"href":"https:\/\/ciclovida.ufpr.br\/index.php?rest_route=\/wp\/v2\/types\/post"}],"author":[{"embeddable":true,"href":"https:\/\/ciclovida.ufpr.br\/index.php?rest_route=\/wp\/v2\/users\/5"}],"replies":[{"embeddable":true,"href":"https:\/\/ciclovida.ufpr.br\/index.php?rest_route=%2Fwp%2Fv2%2Fcomments&post=2069"}],"version-history":[{"count":4,"href":"https:\/\/ciclovida.ufpr.br\/index.php?rest_route=\/wp\/v2\/posts\/2069\/revisions"}],"predecessor-version":[{"id":2085,"href":"https:\/\/ciclovida.ufpr.br\/index.php?rest_route=\/wp\/v2\/posts\/2069\/revisions\/2085"}],"wp:attachment":[{"href":"https:\/\/ciclovida.ufpr.br\/index.php?rest_route=%2Fwp%2Fv2%2Fmedia&parent=2069"}],"wp:term":[{"taxonomy":"category","embeddable":true,"href":"https:\/\/ciclovida.ufpr.br\/index.php?rest_route=%2Fwp%2Fv2%2Fcategories&post=2069"},{"taxonomy":"post_tag","embeddable":true,"href":"https:\/\/ciclovida.ufpr.br\/index.php?rest_route=%2Fwp%2Fv2%2Ftags&post=2069"}],"curies":[{"name":"wp","href":"https:\/\/api.w.org\/{rel}","templated":true}]}}