{"id":2056,"date":"2014-06-04T15:21:08","date_gmt":"2014-06-04T18:21:08","guid":{"rendered":"https:\/\/ciclovida.ufpr.br\/?p=2056"},"modified":"2014-06-03T15:23:03","modified_gmt":"2014-06-03T18:23:03","slug":"ciclodebate-um-dialogo-sobre-a-mulher-e-a-bicicleta","status":"publish","type":"post","link":"https:\/\/ciclovida.ufpr.br\/?p=2056","title":{"rendered":"CICLODEBATE: Um di\u00e1logo sobre a mulher e a bicicleta"},"content":{"rendered":"<p style=\"text-align: center;\"><a href=\"https:\/\/ciclovida.ufpr.br\/wp-content\/uploads\/2014\/06\/10325597_301950043305008_6367603786017389823_n.jpg\"><img loading=\"lazy\" decoding=\"async\" class=\"aligncenter  wp-image-2057\" alt=\"10325597_301950043305008_6367603786017389823_n\" src=\"https:\/\/ciclovida.ufpr.br\/wp-content\/uploads\/2014\/06\/10325597_301950043305008_6367603786017389823_n.jpg\" width=\"576\" height=\"406\" srcset=\"https:\/\/ciclovida.ufpr.br\/wp-content\/uploads\/2014\/06\/10325597_301950043305008_6367603786017389823_n.jpg 960w, https:\/\/ciclovida.ufpr.br\/wp-content\/uploads\/2014\/06\/10325597_301950043305008_6367603786017389823_n-300x211.jpg 300w\" sizes=\"auto, (max-width: 576px) 100vw, 576px\" \/><\/a><\/p>\n<div><b><span style=\"color: #000000; font-family: 'arial black', sans-serif;\">Como a bicicleta pode mudar nossas vidas para melhor!<br \/>\n<\/span><\/b><\/div>\n<p><b><span style=\"color: #000000; font-family: 'arial black', sans-serif;\">Desmitificando o bicho de sete cabe\u00e7as.<\/span><br \/>\n<\/b><br \/>\nPrograma\u00e7\u00e3o:<\/p>\n<p>9h &#8211; Oficina de customiza\u00e7\u00e3o de bibicleta &#8211; Passeio P\u00fablico<\/p>\n<p>11h &#8211; Bicicletada &#8211; Sa\u00edda da Pra\u00e7a da Mulher Nua (19 de dezembro)<\/p>\n<p>12h -Tai Chi Chuan &#8211; Mercado Municipal de Curitiba<\/p>\n<p>14h &#8211; Abertura do Ciclodebate com Amanda Galego (Saia de Bici), Bianca Cassilha (Bibi de Baike) e Roseli Isidoro (Secretaria da Mulher) &#8211; Audit\u00f3rio Setor de Org\u00e2nicos do Mercado Municipal.<\/p>\n<p>14h30 Pain\u00e9is:<\/p>\n<p>-Corpo de mulher, sabedoria de mulher.<br \/>\nSilvia Patzsch<\/p>\n<p>-A viol\u00eancia contra a mulher<br \/>\nRoseli Isidoro (secretaria da mulher)<\/p>\n<p>-Da fragilidade ao poder: como mais mulheres em bicicleta podem mudar o mundo.<br \/>\nAline Cavalcante<\/p>\n<p>-A influ\u00eancia da bicicleta na sa\u00fade da mulher.<br \/>\nMilena Nichel<\/p>\n<p>-Programa Pedala Curitiba<br \/>\nEduardo (DULE)<\/p>\n<p>17h Mesa Redonda.<\/p>\n<p>Participem! Ciclistas, n\u00e3o ciclistas, s\u00e3o todos bem vindos, o que importa \u00e9 a troca dessa experi\u00eancia e os tabus que ser\u00e3o quebrados!<\/p>\n","protected":false},"excerpt":{"rendered":"<p>Como a bicicleta pode mudar nossas vidas para melhor! Desmitificando o bicho de sete cabe\u00e7as. Programa\u00e7\u00e3o: 9h &#8211; Oficina de customiza\u00e7\u00e3o de bibicleta &#8211; Passeio P\u00fablico 11h &#8211; Bicicletada &#8211; [&hellip;]<\/p>\n","protected":false},"author":5,"featured_media":0,"comment_status":"open","ping_status":"open","sticky":false,"template":"","format":"standard","meta":{"_uag_custom_page_level_css":"","ngg_post_thumbnail":0,"footnotes":""},"categories":[6,1],"tags":[],"class_list":["post-2056","post","type-post","status-publish","format-standard","hentry","category-eventos","category-noticias"],"gutentor_comment":0,"featured_image_src":"","featured_image_src_square":false,"author_info":{"display_name":"paulabianchi","author_link":"https:\/\/ciclovida.ufpr.br\/?author=5"},"rbea_author_info":{"display_name":"paulabianchi","author_link":"https:\/\/ciclovida.ufpr.br\/?author=5"},"rbea_excerpt_info":"Como a bicicleta pode mudar nossas vidas para melhor! Desmitificando o bicho de sete cabe\u00e7as. Programa\u00e7\u00e3o: 9h &#8211; Oficina de customiza\u00e7\u00e3o de bibicleta &#8211; Passeio P\u00fablico 11h &#8211; Bicicletada &#8211; [&hellip;]","category_list":"<a href=\"https:\/\/ciclovida.ufpr.br\/?cat=6\" rel=\"category\">Eventos<\/a>, <a href=\"https:\/\/ciclovida.ufpr.br\/?cat=1\" rel=\"category\">Not\u00edcias<\/a>","comments_num":"0 comments","uagb_featured_image_src":{"full":false,"thumbnail":false,"medium":false,"medium_large":false,"large":false,"1536x1536":false,"2048x2048":false,"post-thumbnail":false,"twentytwenty-fullscreen":false},"uagb_author_info":{"display_name":"paulabianchi","author_link":"https:\/\/ciclovida.ufpr.br\/?author=5"},"uagb_comment_info":0,"uagb_excerpt":"Como a bicicleta pode mudar nossas vidas para melhor! Desmitificando o bicho de sete cabe\u00e7as. Programa\u00e7\u00e3o: 9h &#8211; Oficina de customiza\u00e7\u00e3o de bibicleta &#8211; Passeio P\u00fablico 11h &#8211; Bicicletada &#8211; [&hellip;]","wps_subtitle":"","_links":{"self":[{"href":"https:\/\/ciclovida.ufpr.br\/index.php?rest_route=\/wp\/v2\/posts\/2056","targetHints":{"allow":["GET"]}}],"collection":[{"href":"https:\/\/ciclovida.ufpr.br\/index.php?rest_route=\/wp\/v2\/posts"}],"about":[{"href":"https:\/\/ciclovida.ufpr.br\/index.php?rest_route=\/wp\/v2\/types\/post"}],"author":[{"embeddable":true,"href":"https:\/\/ciclovida.ufpr.br\/index.php?rest_route=\/wp\/v2\/users\/5"}],"replies":[{"embeddable":true,"href":"https:\/\/ciclovida.ufpr.br\/index.php?rest_route=%2Fwp%2Fv2%2Fcomments&post=2056"}],"version-history":[{"count":3,"href":"https:\/\/ciclovida.ufpr.br\/index.php?rest_route=\/wp\/v2\/posts\/2056\/revisions"}],"predecessor-version":[{"id":2932,"href":"https:\/\/ciclovida.ufpr.br\/index.php?rest_route=\/wp\/v2\/posts\/2056\/revisions\/2932"}],"wp:attachment":[{"href":"https:\/\/ciclovida.ufpr.br\/index.php?rest_route=%2Fwp%2Fv2%2Fmedia&parent=2056"}],"wp:term":[{"taxonomy":"category","embeddable":true,"href":"https:\/\/ciclovida.ufpr.br\/index.php?rest_route=%2Fwp%2Fv2%2Fcategories&post=2056"},{"taxonomy":"post_tag","embeddable":true,"href":"https:\/\/ciclovida.ufpr.br\/index.php?rest_route=%2Fwp%2Fv2%2Ftags&post=2056"}],"curies":[{"name":"wp","href":"https:\/\/api.w.org\/{rel}","templated":true}]}}