{"id":2004,"date":"2014-05-09T14:40:33","date_gmt":"2014-05-09T17:40:33","guid":{"rendered":"https:\/\/ciclovida.ufpr.br\/?p=2004"},"modified":"2014-05-08T14:40:57","modified_gmt":"2014-05-08T17:40:57","slug":"workshop-arrume-sua-bagunca-e-turbine-sua-carreira","status":"publish","type":"post","link":"https:\/\/ciclovida.ufpr.br\/?p=2004","title":{"rendered":"Workshop: Arrume sua bagun\u00e7a e turbine sua carreira"},"content":{"rendered":"<p><a href=\"https:\/\/ciclovida.ufpr.br\/wp-content\/uploads\/2014\/05\/fxv52e.jpg\"><img loading=\"lazy\" decoding=\"async\" class=\"aligncenter size-full wp-image-2005\" alt=\"fxv52e\" src=\"https:\/\/ciclovida.ufpr.br\/wp-content\/uploads\/2014\/05\/fxv52e.jpg\" width=\"407\" height=\"305\" srcset=\"https:\/\/ciclovida.ufpr.br\/wp-content\/uploads\/2014\/05\/fxv52e.jpg 407w, https:\/\/ciclovida.ufpr.br\/wp-content\/uploads\/2014\/05\/fxv52e-300x224.jpg 300w\" sizes=\"auto, (max-width: 407px) 100vw, 407px\" \/><\/a><\/p>\n<p>&nbsp;<\/p>\n<p><b><span style=\"color: #660000; font-size: x-large;\">Apresenta\u00e7\u00e3o<\/span>:<\/b><\/p>\n<div><\/div>\n<div><\/div>\n<div><span style=\"font-size: large;\">Para vencer as tramas da desordem \u00e9 preciso antes de tudo determina\u00e7\u00e3o \u00a0e \u00a0muito bom humor.\u00a0A primeira vez que entendi que estava cansada da minha pr\u00f3pria bagun\u00e7a, comecei a \u00a0implantar uma revolu\u00e7\u00e3o na minha vida. Acabei criando alguns m\u00fasculos mentais e aprendi a melhorar muito minha gera\u00e7\u00e3o de desordem.<\/span><\/div>\n<div><span style=\"font-size: large;\">\u00a0<\/span><\/div>\n<div><span style=\"font-size: large;\">Ao atuar \u00a0como consultora em Produc\u00e3o Mais Limpa no setor empresarial em Minas Gerais e visitar empresas pelo Brasil, entendi que a bagun\u00e7a das empresas \u00e9 um reflexo \u00a0da cultura \u00a0familiar de seus empregados mas principalmente de seus fundadores e gestores. As pessoas levam a cultura da bagun\u00e7a aprendida em casa para o ambiente de trabalho. Dividi espa\u00e7os com amigos, colegas, observei minha pr\u00f3pria cultura familiar, morei \u00a0em dois pa\u00edses na Europa \u00a0convivendo com pessoas de v\u00e1rias partes do mundo que nunca haviam morado sozinhos. Percebi que \u00a0organiza\u00e7\u00e3o e limpeza fazem parte de um estilos de vida que podem ser desenvolvido por todos que desejam simplesmente viver bem, \u00a0com mais sa\u00fade e bom humor \u00a0sem significar ganhar um TOC ou se transformar em uma pessoa neur\u00f3tica.\u00a0<\/span><\/div>\n<div><span style=\"font-size: large;\">\u00a0<\/span><\/div>\n<div><span style=\"font-size: large;\"><i>&#8220;Uma casa precisa ser organizada suficiente para ser saud\u00e1vel, e suficientemente desorganizada para ser feliz&#8221;<\/i><\/span><\/div>\n<div><span style=\"font-size: large;\">\u00a0<\/span><\/div>\n<div><span style=\"font-size: large;\">Esse curso \u00e9 para ajudar voc\u00ea a encontrar, de forma agrad\u00e1vel, \u00a0o caminho do meio \ud83d\ude42<\/span><\/div>\n<div><\/div>\n<div><\/div>\n<div><span style=\"font-size: large;\"><b><span style=\"color: #660000;\">Objetivos<\/span>:<\/b>\u00a0<\/span><\/div>\n<div><\/div>\n<div>Ajudar os participantes a:<\/div>\n<div>\n<ul>\n<li>desvencilhar-se \u00a0das tramas da bagun\u00e7a<\/li>\n<li>aprender a administrar o pr\u00f3prio caos,<\/li>\n<li>reduzir o desconforto e perda de tempo,<\/li>\n<li>harmonizar \u00a0o ambiente dom\u00e9stico \u00a0e de trabalho<\/li>\n<\/ul>\n<\/div>\n<div><span style=\"font-size: large;\">\u00a0<\/span><\/div>\n<div><span style=\"font-size: large;\"><b><span style=\"color: #660000;\">Facilitadora<\/span><span style=\"color: #500050;\">:<\/span><\/b><span style=\"color: #500050;\">\u00a0<\/span>Deborah Munhoz &#8211; palestrante, consultora e coach em Gest\u00e3o de Carreira e Qualidade de Vida com \u00a0Sustentabilidade;, \u00a0passou a integrar o grupo de mentores da Alian\u00e7a Emprendedora, \u00a0considera que possui atualmente \u00a0sua bagun\u00e7a sob controle \u00a0e \u00e9 membro do IMPACT HUB Curitiba<\/span><\/div>\n<div><span style=\"font-size: large;\">\u00a0<\/span><\/div>\n<div><b><span style=\"color: #660000; font-size: large;\">P\u00fcblico alvo:\u00a0<\/span><\/b><\/div>\n<div><span style=\"font-size: large;\">\u00a0<\/span><\/div>\n<div><span style=\"font-size: large;\">Pessoas \u00a0cansadas de conviver com a pr\u00f3pria bagun\u00e7a, estudantes que est\u00e3o tendo a experi\u00eancia de morar sozinhos pela primeira vez, desesperados que est\u00e3o se perdendo no quarto&#8230; esse workshop \u00e9 pra voc\u00eas!<\/span><\/div>\n<div><span style=\"font-size: large;\">\u00a0<\/span><\/div>\n<div><span style=\"color: #660000; font-size: large;\"><b>Programa\u00e7\u00e3o:<\/b><\/span><\/div>\n<div><span style=\"font-size: large;\">\u00a0<\/span><\/div>\n<div><span style=\"font-size: large;\"><b>Dia 27<\/b><\/span><\/div>\n<div><span style=\"font-size: large;\">\u00a0<\/span><\/div>\n<div><span style=\"font-size: large;\">Entendendo a origem da desordem<\/span><\/div>\n<div><span style=\"font-size: large;\">Como a desordem afeta nosso desempenho<\/span><\/div>\n<div><span style=\"font-size: large;\">Teste sua desordem<\/span><\/div>\n<div><span style=\"font-size: large;\">Gens da bagun\u00e7a<\/span><\/div>\n<div><span style=\"font-size: large;\">Mapeando os espa\u00e7os da bagun\u00e7a<\/span><\/div>\n<div><span style=\"font-size: large;\">Consequ\u00eancias no ambiente de trabalho<\/span><\/div>\n<div><span style=\"font-size: large;\">Controlando a pr\u00f3pria desordem<\/span><\/div>\n<div><span style=\"font-size: large;\">Exerc\u00edcio de auto-observa\u00e7\u00e3o<\/span><\/div>\n<div><span style=\"font-size: large;\">\u00a0<\/span><\/div>\n<div><span style=\"font-size: large;\"><b>Dia 28<\/b><\/span><\/div>\n<div><span style=\"font-size: large;\">\u00a0<\/span><\/div>\n<div><span style=\"font-size: large;\">Por onde come\u00e7ar?<\/span><\/div>\n<div><span style=\"font-size: large;\">Ecologia Pessoal<\/span><\/div>\n<div><span style=\"font-size: large;\">Crie sua zona de conforto<\/span><\/div>\n<div><span style=\"font-size: large;\">Praticando o desapego<\/span><\/div>\n<div><span style=\"font-size: large;\">Morar sozinho(a) pela primeira vez<\/span><\/div>\n<div><span style=\"font-size: large;\">Acordos para dividir espa\u00e7os<\/span><\/div>\n<div><span style=\"font-size: large;\">A filosofia da boa pregui\u00e7a<\/span><\/div>\n<div><span style=\"font-size: large;\">Harmonizando espa\u00e7os e turbinando a carreira<\/span><\/div>\n<div><span style=\"font-size: large;\">\u00a0<\/span><\/div>\n<div><span style=\"font-size: large;\"><b><span style=\"color: #660000;\">Metodologia:<\/span><\/b>\u00a0Apresenta\u00e7\u00e3o de conte\u00fado, exerc\u00edcios de auto-observa\u00e7\u00e3o, discuss\u00f5es em grupo<\/span><\/div>\n<div><span style=\"font-size: large;\">\u00a0<\/span><\/div>\n<div><span style=\"color: #660000; font-size: large;\"><b>Ainda precisa de mais informa\u00e7\u00f5es?<\/b><\/span><\/div>\n<div><span style=\"font-size: large;\">contato@hubc.com.br &#8211; (41) 9553 9220<\/span><\/div>\n<p><span style=\"font-size: large;\">\u00a0<\/span><\/p>\n","protected":false},"excerpt":{"rendered":"<p>&nbsp; Apresenta\u00e7\u00e3o: Para vencer as tramas da desordem \u00e9 preciso antes de tudo determina\u00e7\u00e3o \u00a0e \u00a0muito bom humor.\u00a0A primeira vez que entendi que estava cansada da minha pr\u00f3pria bagun\u00e7a, comecei [&hellip;]<\/p>\n","protected":false},"author":5,"featured_media":0,"comment_status":"open","ping_status":"open","sticky":false,"template":"","format":"standard","meta":{"_uag_custom_page_level_css":"","ngg_post_thumbnail":0,"footnotes":""},"categories":[6],"tags":[],"class_list":["post-2004","post","type-post","status-publish","format-standard","hentry","category-eventos"],"gutentor_comment":1,"featured_image_src":"","featured_image_src_square":false,"author_info":{"display_name":"paulabianchi","author_link":"https:\/\/ciclovida.ufpr.br\/?author=5"},"rbea_author_info":{"display_name":"paulabianchi","author_link":"https:\/\/ciclovida.ufpr.br\/?author=5"},"rbea_excerpt_info":"&nbsp; Apresenta\u00e7\u00e3o: Para vencer as tramas da desordem \u00e9 preciso antes de tudo determina\u00e7\u00e3o \u00a0e \u00a0muito bom humor.\u00a0A primeira vez que entendi que estava cansada da minha pr\u00f3pria bagun\u00e7a, comecei [&hellip;]","category_list":"<a href=\"https:\/\/ciclovida.ufpr.br\/?cat=6\" rel=\"category\">Eventos<\/a>","comments_num":"0 comments","uagb_featured_image_src":{"full":false,"thumbnail":false,"medium":false,"medium_large":false,"large":false,"1536x1536":false,"2048x2048":false,"post-thumbnail":false,"twentytwenty-fullscreen":false},"uagb_author_info":{"display_name":"paulabianchi","author_link":"https:\/\/ciclovida.ufpr.br\/?author=5"},"uagb_comment_info":1,"uagb_excerpt":"&nbsp; Apresenta\u00e7\u00e3o: Para vencer as tramas da desordem \u00e9 preciso antes de tudo determina\u00e7\u00e3o \u00a0e \u00a0muito bom humor.\u00a0A primeira vez que entendi que estava cansada da minha pr\u00f3pria bagun\u00e7a, comecei [&hellip;]","wps_subtitle":"","_links":{"self":[{"href":"https:\/\/ciclovida.ufpr.br\/index.php?rest_route=\/wp\/v2\/posts\/2004","targetHints":{"allow":["GET"]}}],"collection":[{"href":"https:\/\/ciclovida.ufpr.br\/index.php?rest_route=\/wp\/v2\/posts"}],"about":[{"href":"https:\/\/ciclovida.ufpr.br\/index.php?rest_route=\/wp\/v2\/types\/post"}],"author":[{"embeddable":true,"href":"https:\/\/ciclovida.ufpr.br\/index.php?rest_route=\/wp\/v2\/users\/5"}],"replies":[{"embeddable":true,"href":"https:\/\/ciclovida.ufpr.br\/index.php?rest_route=%2Fwp%2Fv2%2Fcomments&post=2004"}],"version-history":[{"count":3,"href":"https:\/\/ciclovida.ufpr.br\/index.php?rest_route=\/wp\/v2\/posts\/2004\/revisions"}],"predecessor-version":[{"id":2930,"href":"https:\/\/ciclovida.ufpr.br\/index.php?rest_route=\/wp\/v2\/posts\/2004\/revisions\/2930"}],"wp:attachment":[{"href":"https:\/\/ciclovida.ufpr.br\/index.php?rest_route=%2Fwp%2Fv2%2Fmedia&parent=2004"}],"wp:term":[{"taxonomy":"category","embeddable":true,"href":"https:\/\/ciclovida.ufpr.br\/index.php?rest_route=%2Fwp%2Fv2%2Fcategories&post=2004"},{"taxonomy":"post_tag","embeddable":true,"href":"https:\/\/ciclovida.ufpr.br\/index.php?rest_route=%2Fwp%2Fv2%2Ftags&post=2004"}],"curies":[{"name":"wp","href":"https:\/\/api.w.org\/{rel}","templated":true}]}}