{"id":2002,"date":"2014-05-08T14:37:54","date_gmt":"2014-05-08T17:37:54","guid":{"rendered":"https:\/\/ciclovida.ufpr.br\/?p=2002"},"modified":"2014-05-08T14:37:54","modified_gmt":"2014-05-08T17:37:54","slug":"video-a-velocidade-que-respeita","status":"publish","type":"post","link":"https:\/\/ciclovida.ufpr.br\/?p=2002","title":{"rendered":"V\u00eddeo: A velocidade que respeita"},"content":{"rendered":"<p>Depoimentos de ativistas e t\u00e9cnicos em defesa de um centro acalmado com prioridade aos pedestres, ciclistas e pessoas com defici\u00eancia. \u00c1rea 30 &#8211; a velocidade que respeita!<\/p>\n<p>Realiza\u00e7\u00e3o: Valentinna \u2013 Dire\u00e7\u00e3o: Rafael Bertelli \u2013 Produ\u00e7\u00e3o: Sara Bonfim \u2013 C\u00e2meras: Marcos Hadlich, Beto Varella, Rafael Bertelli \u2013 Trilha musical: Windyawayst &#8211; Nomad Magusg \u2013Revisor de conte\u00fado: Goura Nataraj \u2013 Gravado em Curitiba \u2013 Apoio: CicloIgua\u00e7u.<\/p>\n<p><iframe loading=\"lazy\" src=\"\/\/player.vimeo.com\/video\/92130295\" height=\"281\" width=\"500\" allowfullscreen=\"\" frameborder=\"0\"><\/iframe><\/p>\n<p><a href=\"http:\/\/vimeo.com\/92130295\">30 &#8211; a velocidade que respeita<\/a> from <a href=\"http:\/\/vimeo.com\/valentinna\">valentinna<\/a> on <a href=\"https:\/\/vimeo.com\">Vimeo<\/a>.<\/p>\n","protected":false},"excerpt":{"rendered":"<p>Depoimentos de ativistas e t\u00e9cnicos em defesa de um centro acalmado com prioridade aos pedestres, ciclistas e pessoas com defici\u00eancia. \u00c1rea 30 &#8211; a velocidade que respeita! Realiza\u00e7\u00e3o: Valentinna \u2013 [&hellip;]<\/p>\n","protected":false},"author":5,"featured_media":0,"comment_status":"open","ping_status":"open","sticky":false,"template":"","format":"standard","meta":{"_uag_custom_page_level_css":"","ngg_post_thumbnail":0,"footnotes":""},"categories":[1],"tags":[],"class_list":["post-2002","post","type-post","status-publish","format-standard","hentry","category-noticias"],"gutentor_comment":0,"featured_image_src":"","featured_image_src_square":false,"author_info":{"display_name":"paulabianchi","author_link":"https:\/\/ciclovida.ufpr.br\/?author=5"},"rbea_author_info":{"display_name":"paulabianchi","author_link":"https:\/\/ciclovida.ufpr.br\/?author=5"},"rbea_excerpt_info":"Depoimentos de ativistas e t\u00e9cnicos em defesa de um centro acalmado com prioridade aos pedestres, ciclistas e pessoas com defici\u00eancia. \u00c1rea 30 &#8211; a velocidade que respeita! Realiza\u00e7\u00e3o: Valentinna \u2013 [&hellip;]","category_list":"<a href=\"https:\/\/ciclovida.ufpr.br\/?cat=1\" rel=\"category\">Not\u00edcias<\/a>","comments_num":"0 comments","uagb_featured_image_src":{"full":false,"thumbnail":false,"medium":false,"medium_large":false,"large":false,"1536x1536":false,"2048x2048":false,"post-thumbnail":false,"twentytwenty-fullscreen":false},"uagb_author_info":{"display_name":"paulabianchi","author_link":"https:\/\/ciclovida.ufpr.br\/?author=5"},"uagb_comment_info":0,"uagb_excerpt":"Depoimentos de ativistas e t\u00e9cnicos em defesa de um centro acalmado com prioridade aos pedestres, ciclistas e pessoas com defici\u00eancia. \u00c1rea 30 &#8211; a velocidade que respeita! Realiza\u00e7\u00e3o: Valentinna \u2013 [&hellip;]","wps_subtitle":"","_links":{"self":[{"href":"https:\/\/ciclovida.ufpr.br\/index.php?rest_route=\/wp\/v2\/posts\/2002","targetHints":{"allow":["GET"]}}],"collection":[{"href":"https:\/\/ciclovida.ufpr.br\/index.php?rest_route=\/wp\/v2\/posts"}],"about":[{"href":"https:\/\/ciclovida.ufpr.br\/index.php?rest_route=\/wp\/v2\/types\/post"}],"author":[{"embeddable":true,"href":"https:\/\/ciclovida.ufpr.br\/index.php?rest_route=\/wp\/v2\/users\/5"}],"replies":[{"embeddable":true,"href":"https:\/\/ciclovida.ufpr.br\/index.php?rest_route=%2Fwp%2Fv2%2Fcomments&post=2002"}],"version-history":[{"count":1,"href":"https:\/\/ciclovida.ufpr.br\/index.php?rest_route=\/wp\/v2\/posts\/2002\/revisions"}],"predecessor-version":[{"id":2003,"href":"https:\/\/ciclovida.ufpr.br\/index.php?rest_route=\/wp\/v2\/posts\/2002\/revisions\/2003"}],"wp:attachment":[{"href":"https:\/\/ciclovida.ufpr.br\/index.php?rest_route=%2Fwp%2Fv2%2Fmedia&parent=2002"}],"wp:term":[{"taxonomy":"category","embeddable":true,"href":"https:\/\/ciclovida.ufpr.br\/index.php?rest_route=%2Fwp%2Fv2%2Fcategories&post=2002"},{"taxonomy":"post_tag","embeddable":true,"href":"https:\/\/ciclovida.ufpr.br\/index.php?rest_route=%2Fwp%2Fv2%2Ftags&post=2002"}],"curies":[{"name":"wp","href":"https:\/\/api.w.org\/{rel}","templated":true}]}}