{"id":200,"date":"2011-07-19T01:27:38","date_gmt":"2011-07-19T04:27:38","guid":{"rendered":"https:\/\/ciclovida.ufpr.br\/?p=200"},"modified":"2011-07-19T01:57:34","modified_gmt":"2011-07-19T04:57:34","slug":"cicloturismo-21%c2%ba-festival-de-inverno-ufpr","status":"publish","type":"post","link":"https:\/\/ciclovida.ufpr.br\/?p=200","title":{"rendered":"Cicloturismo &#8211; 21\u00ba Festival de Inverno &#8211; UFPR"},"content":{"rendered":"<p>No dia 10 de julho de 2011, o Programa Ciclovida, em parceria com a <a href=\"http:\/\/www.bikesul.com\/\" target=\"_blank\">BikeSul<\/a>, realizou uma atividade de cicloturismo como parte da programa\u00e7\u00e3o do <a href=\"http:\/\/www.proec.ufpr.br\/festival2011\/\" target=\"_blank\">21\u00ba Festival de Inverno<\/a> da UFPR. O passeio reuniu mais de 100 ciclistas que se reuniram no Campus Agr\u00e1rias e chegaram na Esta\u00e7\u00e3o Ferrovi\u00e1ria de Antonina, QG do Festival.<\/p>\n<p>Confira as fotos.<\/p>\nngg_shortcode_0_placeholder\n","protected":false},"excerpt":{"rendered":"<p>No dia 10 de julho de 2011, o Programa Ciclovida, em parceria com a BikeSul, realizou uma atividade de cicloturismo como parte da programa\u00e7\u00e3o do 21\u00ba Festival de Inverno da [&hellip;]<\/p>\n","protected":false},"author":1,"featured_media":0,"comment_status":"open","ping_status":"open","sticky":false,"template":"","format":"standard","meta":{"_uag_custom_page_level_css":"","ngg_post_thumbnail":0,"footnotes":""},"categories":[6],"tags":[],"class_list":["post-200","post","type-post","status-publish","format-standard","hentry","category-eventos"],"gutentor_comment":2,"featured_image_src":"","featured_image_src_square":false,"author_info":{"display_name":"ciclovida","author_link":"https:\/\/ciclovida.ufpr.br\/?author=1"},"rbea_author_info":{"display_name":"ciclovida","author_link":"https:\/\/ciclovida.ufpr.br\/?author=1"},"rbea_excerpt_info":"No dia 10 de julho de 2011, o Programa Ciclovida, em parceria com a BikeSul, realizou uma atividade de cicloturismo como parte da programa\u00e7\u00e3o do 21\u00ba Festival de Inverno da [&hellip;]","category_list":"<a href=\"https:\/\/ciclovida.ufpr.br\/?cat=6\" rel=\"category\">Eventos<\/a>","comments_num":"0 comments","uagb_featured_image_src":{"full":false,"thumbnail":false,"medium":false,"medium_large":false,"large":false,"1536x1536":false,"2048x2048":false,"post-thumbnail":false,"twentytwenty-fullscreen":false},"uagb_author_info":{"display_name":"ciclovida","author_link":"https:\/\/ciclovida.ufpr.br\/?author=1"},"uagb_comment_info":2,"uagb_excerpt":"No dia 10 de julho de 2011, o Programa Ciclovida, em parceria com a BikeSul, realizou uma atividade de cicloturismo como parte da programa\u00e7\u00e3o do 21\u00ba Festival de Inverno da [&hellip;]","wps_subtitle":"","_links":{"self":[{"href":"https:\/\/ciclovida.ufpr.br\/index.php?rest_route=\/wp\/v2\/posts\/200","targetHints":{"allow":["GET"]}}],"collection":[{"href":"https:\/\/ciclovida.ufpr.br\/index.php?rest_route=\/wp\/v2\/posts"}],"about":[{"href":"https:\/\/ciclovida.ufpr.br\/index.php?rest_route=\/wp\/v2\/types\/post"}],"author":[{"embeddable":true,"href":"https:\/\/ciclovida.ufpr.br\/index.php?rest_route=\/wp\/v2\/users\/1"}],"replies":[{"embeddable":true,"href":"https:\/\/ciclovida.ufpr.br\/index.php?rest_route=%2Fwp%2Fv2%2Fcomments&post=200"}],"version-history":[{"count":33,"href":"https:\/\/ciclovida.ufpr.br\/index.php?rest_route=\/wp\/v2\/posts\/200\/revisions"}],"predecessor-version":[{"id":334,"href":"https:\/\/ciclovida.ufpr.br\/index.php?rest_route=\/wp\/v2\/posts\/200\/revisions\/334"}],"wp:attachment":[{"href":"https:\/\/ciclovida.ufpr.br\/index.php?rest_route=%2Fwp%2Fv2%2Fmedia&parent=200"}],"wp:term":[{"taxonomy":"category","embeddable":true,"href":"https:\/\/ciclovida.ufpr.br\/index.php?rest_route=%2Fwp%2Fv2%2Fcategories&post=200"},{"taxonomy":"post_tag","embeddable":true,"href":"https:\/\/ciclovida.ufpr.br\/index.php?rest_route=%2Fwp%2Fv2%2Ftags&post=200"}],"curies":[{"name":"wp","href":"https:\/\/api.w.org\/{rel}","templated":true}]}}