{"id":1995,"date":"2014-04-29T14:38:49","date_gmt":"2014-04-29T17:38:49","guid":{"rendered":"https:\/\/ciclovida.ufpr.br\/?p=1995"},"modified":"2014-05-05T13:34:39","modified_gmt":"2014-05-05T16:34:39","slug":"passeio-de-ciclosturismo","status":"publish","type":"post","link":"https:\/\/ciclovida.ufpr.br\/?p=1995","title":{"rendered":"Passeio de Cicloturismo"},"content":{"rendered":"<p>O pr\u00f3ximo passeio de Cicloturismo promovido pelo Programa Ciclovida e parceiros est\u00e1 programado para o dia 17\/05 &#8211; e n\u00e3o mais para o dia 03\/05 como havia sido divulgado anteriormente. O passeio acontecer\u00e1 na Fazenda Canguiri\/Represa do Ira\u00ed. Mais informa\u00e7\u00f5es em breve. Fique de olho!<\/p>\n<p>&nbsp;<\/p>\n<p>Evento: Cicloturismo<\/p>\n<p>Data: 17\/05<\/p>\n<p>Local: Fazenda Canguiri\/Represa do Ira\u00ed<\/p>\n<p><a href=\"https:\/\/ciclovida.ufpr.br\/wp-content\/uploads\/2014\/04\/cicloturismo65486584658.jpg\"><img loading=\"lazy\" decoding=\"async\" class=\"aligncenter size-full wp-image-1996\" alt=\"cicloturismo65486584658\" src=\"https:\/\/ciclovida.ufpr.br\/wp-content\/uploads\/2014\/04\/cicloturismo65486584658.jpg\" width=\"480\" height=\"360\" srcset=\"https:\/\/ciclovida.ufpr.br\/wp-content\/uploads\/2014\/04\/cicloturismo65486584658.jpg 480w, https:\/\/ciclovida.ufpr.br\/wp-content\/uploads\/2014\/04\/cicloturismo65486584658-300x225.jpg 300w\" sizes=\"auto, (max-width: 480px) 100vw, 480px\" \/><\/a><\/p>\n","protected":false},"excerpt":{"rendered":"<p>O pr\u00f3ximo passeio de Cicloturismo promovido pelo Programa Ciclovida e parceiros est\u00e1 programado para o dia 17\/05 &#8211; e n\u00e3o mais para o dia 03\/05 como havia sido divulgado anteriormente. [&hellip;]<\/p>\n","protected":false},"author":5,"featured_media":0,"comment_status":"open","ping_status":"open","sticky":false,"template":"","format":"standard","meta":{"_uag_custom_page_level_css":"","ngg_post_thumbnail":0,"footnotes":""},"categories":[6],"tags":[],"class_list":["post-1995","post","type-post","status-publish","format-standard","hentry","category-eventos"],"gutentor_comment":0,"featured_image_src":"","featured_image_src_square":false,"author_info":{"display_name":"paulabianchi","author_link":"https:\/\/ciclovida.ufpr.br\/?author=5"},"rbea_author_info":{"display_name":"paulabianchi","author_link":"https:\/\/ciclovida.ufpr.br\/?author=5"},"rbea_excerpt_info":"O pr\u00f3ximo passeio de Cicloturismo promovido pelo Programa Ciclovida e parceiros est\u00e1 programado para o dia 17\/05 &#8211; e n\u00e3o mais para o dia 03\/05 como havia sido divulgado anteriormente. [&hellip;]","category_list":"<a href=\"https:\/\/ciclovida.ufpr.br\/?cat=6\" rel=\"category\">Eventos<\/a>","comments_num":"0 comments","uagb_featured_image_src":{"full":false,"thumbnail":false,"medium":false,"medium_large":false,"large":false,"1536x1536":false,"2048x2048":false,"post-thumbnail":false,"twentytwenty-fullscreen":false},"uagb_author_info":{"display_name":"paulabianchi","author_link":"https:\/\/ciclovida.ufpr.br\/?author=5"},"uagb_comment_info":0,"uagb_excerpt":"O pr\u00f3ximo passeio de Cicloturismo promovido pelo Programa Ciclovida e parceiros est\u00e1 programado para o dia 17\/05 &#8211; e n\u00e3o mais para o dia 03\/05 como havia sido divulgado anteriormente. [&hellip;]","wps_subtitle":"","_links":{"self":[{"href":"https:\/\/ciclovida.ufpr.br\/index.php?rest_route=\/wp\/v2\/posts\/1995","targetHints":{"allow":["GET"]}}],"collection":[{"href":"https:\/\/ciclovida.ufpr.br\/index.php?rest_route=\/wp\/v2\/posts"}],"about":[{"href":"https:\/\/ciclovida.ufpr.br\/index.php?rest_route=\/wp\/v2\/types\/post"}],"author":[{"embeddable":true,"href":"https:\/\/ciclovida.ufpr.br\/index.php?rest_route=\/wp\/v2\/users\/5"}],"replies":[{"embeddable":true,"href":"https:\/\/ciclovida.ufpr.br\/index.php?rest_route=%2Fwp%2Fv2%2Fcomments&post=1995"}],"version-history":[{"count":4,"href":"https:\/\/ciclovida.ufpr.br\/index.php?rest_route=\/wp\/v2\/posts\/1995\/revisions"}],"predecessor-version":[{"id":2001,"href":"https:\/\/ciclovida.ufpr.br\/index.php?rest_route=\/wp\/v2\/posts\/1995\/revisions\/2001"}],"wp:attachment":[{"href":"https:\/\/ciclovida.ufpr.br\/index.php?rest_route=%2Fwp%2Fv2%2Fmedia&parent=1995"}],"wp:term":[{"taxonomy":"category","embeddable":true,"href":"https:\/\/ciclovida.ufpr.br\/index.php?rest_route=%2Fwp%2Fv2%2Fcategories&post=1995"},{"taxonomy":"post_tag","embeddable":true,"href":"https:\/\/ciclovida.ufpr.br\/index.php?rest_route=%2Fwp%2Fv2%2Ftags&post=1995"}],"curies":[{"name":"wp","href":"https:\/\/api.w.org\/{rel}","templated":true}]}}