{"id":1987,"date":"2014-03-14T14:18:05","date_gmt":"2014-03-14T17:18:05","guid":{"rendered":"https:\/\/ciclovida.ufpr.br\/?p=1987"},"modified":"2014-03-14T14:18:05","modified_gmt":"2014-03-14T17:18:05","slug":"ciclovida-participa-da-preparacao-do-programa-de-incentivo-a-bicicleta-no-parana","status":"publish","type":"post","link":"https:\/\/ciclovida.ufpr.br\/?p=1987","title":{"rendered":"Ciclovida participa da prepara\u00e7\u00e3o do programa de incentivo \u00e0 bicicleta no Paran\u00e1"},"content":{"rendered":"<p>Por <a href=\"http:\/\/www.meioambiente.pr.gov.br\/modules\/noticias\/article.php?storyid=1944\"><strong>Governo do Estado do Paran\u00e1<\/strong><\/a><\/p>\n<p><em>Governo e cicloativistas preparam programa de incentivo \u00e0 bicicleta<\/em><\/p>\n<p>O Paran\u00e1 ter\u00e1, no m\u00e1ximo em seis meses, todas as propostas para incentivar ao uso da bicicleta em seus 399 munic\u00edpios. Nesta quarta-feira (12), o governo, as universidades e o movimento cicloativista do estado criaram um grupo t\u00e9cnico interinstitucional que ir\u00e1 coordenar a execu\u00e7\u00e3o do Programa Paranaense de Mobilidade N\u00e3o Motorizada por Bicicleta &#8211; o Ciclo Paran\u00e1.<\/p>\n<p>A resolu\u00e7\u00e3o 011\/2014, que institui o grupo e d\u00e1 o prazo de 180 dias para apresentar as a\u00e7\u00f5es do programa, foi assinada pelo secret\u00e1rio estadual do Meio Ambiente e Recursos H\u00eddricos, Luiz Eduardo Cheida, e contou com a presen\u00e7a de t\u00e9cnicos, especialistas em mobilidade e ciclistas. A primeira reuni\u00e3o do grupo ser\u00e1 realizada no dia 13 de mar\u00e7o e, a partir da\u00ed, acontecer\u00e3o toda a semana. Os tr\u00eas eixos de trabalho ser\u00e3o: cicloturismo, ciclocidadania e cicloestrutura.<\/p>\n<p>De acordo com o secret\u00e1rio Cheida, o Paran\u00e1, pela primeira vez em sua hist\u00f3ria, come\u00e7a a desenvolver uma pol\u00edtica p\u00fablica transversal e democr\u00e1tica de incentivo ao uso da bicicleta. &#8220;Muitas entidades e \u00f3rg\u00e3os de governo j\u00e1 possuem a\u00e7\u00f5es isoladas em suas \u00e1reas de atua\u00e7\u00e3o. Queremos somar esfor\u00e7os e contar com o apoio t\u00e9cnico de pessoas e especialistas que possuem experi\u00eancia neste tema e lev\u00e1-lo para todo o estado&#8221;, declarou Cheida. &#8220;Cidades grandes, as que est\u00e3o em crescimento e as de pequeno porte ter\u00e3o a oportunidade de estimular uma cultura que agrega qualidade de vida, reduz o tr\u00e2nsito, permite o planejamento urbano para o futuro, evita a polui\u00e7\u00e3o e contribui para a sa\u00fade\u201d, declarou.<\/p>\n<p>INTEGRA\u00c7\u00c3O &#8211; A Pol\u00edtica Nacional de Mobilidade Urbana estabelece como diretriz a prioridade dos modos de transporte n\u00e3o motorizados sobre os motorizados. Al\u00e9m disso, exige que os planos de mobilidade urbana dos estados e munic\u00edpios contemplem a integra\u00e7\u00e3o dos modais de transporte p\u00fablico com os n\u00e3o motorizados.<\/p>\n<p>O presidente da Federa\u00e7\u00e3o Paranaense de Ciclismo, Adir Romeo, disse que \u00e9 uma necessidade a integra\u00e7\u00e3o dos procedimentos relativos \u00e0 mobilidade urbana sustent\u00e1vel no Paran\u00e1, de acordo com a pol\u00edtica nacional de mobilidade urbana. &#8220;O momento \u00e9 um marco e teremos como meta agora organizar e tra\u00e7ar as a\u00e7\u00f5es para o estado, tendo como base iniciativas j\u00e1 existentes&#8221;, informou Adir.<\/p>\n<p>Para o coordenador do programa <strong>Ciclovida<\/strong> da Universidade Federal do Paran\u00e1 e um dos organizadores do F\u00f3rum Mundial da Bicicleta,<strong> Jos\u00e9 Carlos Belotto<\/strong>, este \u00e9 o primeiro reconhecimento de um governo estadual de que a bicicleta deve ser fomentada como uma pol\u00edtica p\u00fablica. &#8220;O apoio que conquistamos hoje \u00e9 in\u00e9dito e com o encontro de especialistas, o Paran\u00e1 passa a ter condi\u00e7\u00f5es de criar um programa consistente e que disseminar\u00e1 a cultura da bicicleta &#8220;, afirmou Belotto.<\/p>\n<p>&#8220;O Programa poder\u00e1 ser levado para diversas regi\u00f5es do estado por meio das universidades e incluir o uso da bicicleta em trabalhos de pesquisa cient\u00edfica\u201d, afirmou a coordenadora de Ci\u00eancia e Tecnologia da Secretaria Estadual da Ci\u00eancia e Tecnologia e Ensino Superior, Sueli Edi Rufino.<\/p>\n<p>Integram o Grupo T\u00e9cnico Interinstitucional do Ciclo Paran\u00e1 as secretarias estaduais do Desenvolvimento Urbano; da Ci\u00eancia, Tecnologia e Ensino Superior: Infraestrutura e Log\u00edstica; Educa\u00e7\u00e3o; Esporte e Turismo, universidades estaduais, Coordena\u00e7\u00e3o da Regi\u00e3o Metropolitana de Curitiba (Comec), DETRAN, Sanepar, Secretaria Estadual do Esporte e Turismo, CELEPAR, Pol\u00edcia Militar do Paran\u00e1, Federa\u00e7\u00e3o Paranaense de Ciclismo, Associa\u00e7\u00e3o de Ciclistas do Alto Igua\u00e7u (Cicloigua\u00e7u), Programa Ciclo Vida e Universidade Federal do Paran\u00e1.<\/p>\n<p>Participaram do encontro o diretor da Cicloigua\u00e7u, Vinicius Brand, o representante da Universidade Estadual do Centrooeste (Unicentro), Vitor Hugo Zanetti, o professor da Universidade Tecnol\u00f3gica do Paran\u00e1 (UTFPR) e ativista da bicicleta, Nestor Cortez Saavedra Filho; Altamir Brum, da Celepar.<\/p>\n<p>Saiba mais: www.facebook.com\/SEMAPR<\/p>\n<p>&nbsp;<\/p>\n","protected":false},"excerpt":{"rendered":"<p>Por Governo do Estado do Paran\u00e1 Governo e cicloativistas preparam programa de incentivo \u00e0 bicicleta O Paran\u00e1 ter\u00e1, no m\u00e1ximo em seis meses, todas as propostas para incentivar ao uso [&hellip;]<\/p>\n","protected":false},"author":5,"featured_media":0,"comment_status":"open","ping_status":"open","sticky":false,"template":"","format":"standard","meta":{"_uag_custom_page_level_css":"","ngg_post_thumbnail":0,"footnotes":""},"categories":[17,1],"tags":[],"class_list":["post-1987","post","type-post","status-publish","format-standard","hentry","category-clipping","category-noticias"],"gutentor_comment":2,"featured_image_src":"","featured_image_src_square":false,"author_info":{"display_name":"paulabianchi","author_link":"https:\/\/ciclovida.ufpr.br\/?author=5"},"rbea_author_info":{"display_name":"paulabianchi","author_link":"https:\/\/ciclovida.ufpr.br\/?author=5"},"rbea_excerpt_info":"Por Governo do Estado do Paran\u00e1 Governo e cicloativistas preparam programa de incentivo \u00e0 bicicleta O Paran\u00e1 ter\u00e1, no m\u00e1ximo em seis meses, todas as propostas para incentivar ao uso [&hellip;]","category_list":"<a href=\"https:\/\/ciclovida.ufpr.br\/?cat=17\" rel=\"category\">Clipping<\/a>, <a href=\"https:\/\/ciclovida.ufpr.br\/?cat=1\" rel=\"category\">Not\u00edcias<\/a>","comments_num":"0 comments","uagb_featured_image_src":{"full":false,"thumbnail":false,"medium":false,"medium_large":false,"large":false,"1536x1536":false,"2048x2048":false,"post-thumbnail":false,"twentytwenty-fullscreen":false},"uagb_author_info":{"display_name":"paulabianchi","author_link":"https:\/\/ciclovida.ufpr.br\/?author=5"},"uagb_comment_info":2,"uagb_excerpt":"Por Governo do Estado do Paran\u00e1 Governo e cicloativistas preparam programa de incentivo \u00e0 bicicleta O Paran\u00e1 ter\u00e1, no m\u00e1ximo em seis meses, todas as propostas para incentivar ao uso [&hellip;]","wps_subtitle":"","_links":{"self":[{"href":"https:\/\/ciclovida.ufpr.br\/index.php?rest_route=\/wp\/v2\/posts\/1987","targetHints":{"allow":["GET"]}}],"collection":[{"href":"https:\/\/ciclovida.ufpr.br\/index.php?rest_route=\/wp\/v2\/posts"}],"about":[{"href":"https:\/\/ciclovida.ufpr.br\/index.php?rest_route=\/wp\/v2\/types\/post"}],"author":[{"embeddable":true,"href":"https:\/\/ciclovida.ufpr.br\/index.php?rest_route=\/wp\/v2\/users\/5"}],"replies":[{"embeddable":true,"href":"https:\/\/ciclovida.ufpr.br\/index.php?rest_route=%2Fwp%2Fv2%2Fcomments&post=1987"}],"version-history":[{"count":2,"href":"https:\/\/ciclovida.ufpr.br\/index.php?rest_route=\/wp\/v2\/posts\/1987\/revisions"}],"predecessor-version":[{"id":2929,"href":"https:\/\/ciclovida.ufpr.br\/index.php?rest_route=\/wp\/v2\/posts\/1987\/revisions\/2929"}],"wp:attachment":[{"href":"https:\/\/ciclovida.ufpr.br\/index.php?rest_route=%2Fwp%2Fv2%2Fmedia&parent=1987"}],"wp:term":[{"taxonomy":"category","embeddable":true,"href":"https:\/\/ciclovida.ufpr.br\/index.php?rest_route=%2Fwp%2Fv2%2Fcategories&post=1987"},{"taxonomy":"post_tag","embeddable":true,"href":"https:\/\/ciclovida.ufpr.br\/index.php?rest_route=%2Fwp%2Fv2%2Ftags&post=1987"}],"curies":[{"name":"wp","href":"https:\/\/api.w.org\/{rel}","templated":true}]}}