{"id":1956,"date":"2014-02-28T21:36:11","date_gmt":"2014-03-01T00:36:11","guid":{"rendered":"https:\/\/ciclovida.ufpr.br\/?p=1956"},"modified":"2014-02-27T21:37:04","modified_gmt":"2014-02-28T00:37:04","slug":"filosofando-em-cima-de-uma-bicicleta-a-30-km-por-hora","status":"publish","type":"post","link":"https:\/\/ciclovida.ufpr.br\/?p=1956","title":{"rendered":"Filosofando em cima de uma bicicleta a 30 km por hora"},"content":{"rendered":"<p>Por <a href=\"http:\/\/www.parana-online.com.br\/colunistas\/366\/101459\/\">Paran\u00e1 Online<\/a><\/p>\n<p>&nbsp;<\/p>\n<p>Com a greve dos motoristas e cobradores n\u00e3o tem hist\u00f3rias de \u00f4nibus. Mas tem de bicicleta. Bem, o dia de ontem come\u00e7ou com o telefone tocando: era a Luana avisando que n\u00e3o podia vir trabalhar porque n\u00e3o tinha \u00f4nibus. Claro que eu entendi o problema dela, porque tamb\u00e9m era um problema meu. Como eu ia trabalhar se h\u00e1 tempo eu dispensei este grande conforto moderno que \u00e9 o autom\u00f3vel? Tr\u00eas alternativas: t\u00e1xi, a p\u00e9 ou bicicleta. T\u00e1xi estava fora de cogita\u00e7\u00e3o. Eles estavam sendo mais disputados que mulher bonita em penitenci\u00e1ria masculina. T\u00e1xi ontem valia o peso em ouro. Ir a p\u00e9 tamb\u00e9m estava fora de cogita\u00e7\u00e3o: caminhada \u00e9 uma coisa, fazer sete quil\u00f4metros sob o sol para ir trabalhar \u00e9 meio desconfort\u00e1vel. Sem contar que at\u00e9 os cal\u00e7ados para as duas atividades s\u00e3o diferentes.<\/p>\n<p>Solu\u00e7\u00e3o: bicicleta. O problema era que a \u00fanica bicicleta dispon\u00edvel em casa, do meu filho mais velho, uma Caloi Aspen met\u00e1lica, estava com os pneus murchos. A alternativa foi empurrar a bicicleta at\u00e9 o posto de gasolina, encher os pneus, subir em cima deste b\u00f3lido inventado h\u00e1 500 anos por Leonardo Da Vinci e descer o S\u00e3o Louren\u00e7o em dire\u00e7\u00e3o ao centro da cidade pela ciclovia a 30 quil\u00f4metros por hora. Primeira coisa que fui pensando: porque eu n\u00e3o andava mais de bicicleta. \u00c9 mais econ\u00f4mico, \u00e9 agrad\u00e1vel, embora o sujeito fique suado no ver\u00e3o. Sem contar as vantagens para a sa\u00fade. N\u00e3o \u00e9 preciso ser formado em medicina para saber que andar de bicicleta reduz os riscos de depress\u00e3o em at\u00e9 50 por cento.<\/p>\n<p>Claro que neste caso o sujeito tem que pedalar de 30 a 60 minutos por dia e de tr\u00eas a cinco vezes por semana. Andar de bicicleta tamb\u00e9m melhora a pele, por deixar o cora\u00e7\u00e3o e os pulm\u00f5es fortalecidos, facilitando a elimina\u00e7\u00e3o de toxinas. Agora eu entendi porque tantas mulheres gostam de andar de bicicleta. E porque elas s\u00e3o t\u00e3o bonitas. Sem contar que melhora o condicionamento f\u00edsico. Al\u00e9m de tudo isto, bicicleta n\u00e3o polui o meio ambiente. Eu vinha todo faceiro pela ciclovia filosofando mais que Emmanuel Kant, por um bom motivo: do bairro para o centro \u00e9 descida e na descida todo santo ajuda. A volta seria outra hist\u00f3ria. Por isto, continuei filosofando.<\/p>\n<p>Eu n\u00e3o entendo a greve dos motoristas num aspecto: ela pune a popula\u00e7\u00e3o, mas os n\u00e3o os patr\u00f5es. Do ponto de vista da luta de classes, segundo o fil\u00f3sofo materialista Karl Marx, isto n\u00e3o faz o menor sentido. Se for para punir os patr\u00f5es, os trabalhadores deviam trabalhar de catracas abertas. Os patr\u00f5es seriam punidos e a popula\u00e7\u00e3o n\u00e3o seria prejudicada. Foi apenas uma ideia que me surgiu enquanto eu entrava no Bosque do Papa. Do jeito que \u00e9 feita, os trabalhadores acabam pressionando o poder p\u00fablico para, no final das contas, atender uma demanda dos empres\u00e1rios que \u00e9 aumentar a tarifa. Foi o que eu pensei enquanto pedalava.<\/p>\n<p>No Bosque do Papa eu pensei na quest\u00e3o da maconha. Sempre tem um sujeito fumando maconha na ciclovia. E eu n\u00e3o deixei de filosofar sobre o assunto. Eu estou com o ex-presidente Fernando Henrique Cardoso nesta quest\u00e3o da maconha. Libera esta porcaria de uma vez que do jeito que est\u00e1 s\u00f3 quem ganha com isso \u00e9 policial corrupto e traficante. A quest\u00e3o da maconha j\u00e1 encheu o saco. E tem mais: maconha no Brasil podia ser vendida no a\u00e7ougue, porque virou carne de vaca. \u00c9 impressionante. Mas esta opini\u00e3o ainda n\u00e3o \u00e9 definitiva. Afinal, um dos problemas de filosofar em cima de uma bicicleta \u00e9 este: o sujeito n\u00e3o pode ter nenhuma conclus\u00e3o porque ele tamb\u00e9m tem que prestar aten\u00e7\u00e3o no tr\u00e2nsito.<\/p>\n<p>Eu pensei que o trajeto Shopping M\u00fceller at\u00e9 o jornal fosse o mais complicado: me enganei. Foi maneiro e fui pedalando. Da Pra\u00e7a Tiradentes at\u00e9 a Pedro Ivo, fui mais r\u00e1pido que antes. Muitas pessoas andando de bicicleta. Algumas mulheres bonitas me deram bom dia. Eu n\u00e3o pude prestar muita aten\u00e7\u00e3o nelas, para n\u00e3o perder o equil\u00edbrio. A \u00fanica coisa triste foi n\u00e3o encontrar aquele caf\u00e9 gostoso na reda\u00e7\u00e3o. As tias do caf\u00e9 n\u00e3o puderam vir por causa da greve do \u00f4nibus. Mas no resto, foi maneiro.<\/p>\n","protected":false},"excerpt":{"rendered":"<p>Por Paran\u00e1 Online &nbsp; Com a greve dos motoristas e cobradores n\u00e3o tem hist\u00f3rias de \u00f4nibus. Mas tem de bicicleta. Bem, o dia de ontem come\u00e7ou com o telefone tocando: [&hellip;]<\/p>\n","protected":false},"author":5,"featured_media":0,"comment_status":"open","ping_status":"open","sticky":false,"template":"","format":"standard","meta":{"_uag_custom_page_level_css":"","ngg_post_thumbnail":0,"footnotes":""},"categories":[1],"tags":[],"class_list":["post-1956","post","type-post","status-publish","format-standard","hentry","category-noticias"],"gutentor_comment":3,"featured_image_src":"","featured_image_src_square":false,"author_info":{"display_name":"paulabianchi","author_link":"https:\/\/ciclovida.ufpr.br\/?author=5"},"rbea_author_info":{"display_name":"paulabianchi","author_link":"https:\/\/ciclovida.ufpr.br\/?author=5"},"rbea_excerpt_info":"Por Paran\u00e1 Online &nbsp; Com a greve dos motoristas e cobradores n\u00e3o tem hist\u00f3rias de \u00f4nibus. Mas tem de bicicleta. Bem, o dia de ontem come\u00e7ou com o telefone tocando: [&hellip;]","category_list":"<a href=\"https:\/\/ciclovida.ufpr.br\/?cat=1\" rel=\"category\">Not\u00edcias<\/a>","comments_num":"0 comments","uagb_featured_image_src":{"full":false,"thumbnail":false,"medium":false,"medium_large":false,"large":false,"1536x1536":false,"2048x2048":false,"post-thumbnail":false,"twentytwenty-fullscreen":false},"uagb_author_info":{"display_name":"paulabianchi","author_link":"https:\/\/ciclovida.ufpr.br\/?author=5"},"uagb_comment_info":3,"uagb_excerpt":"Por Paran\u00e1 Online &nbsp; Com a greve dos motoristas e cobradores n\u00e3o tem hist\u00f3rias de \u00f4nibus. Mas tem de bicicleta. Bem, o dia de ontem come\u00e7ou com o telefone tocando: [&hellip;]","wps_subtitle":"","_links":{"self":[{"href":"https:\/\/ciclovida.ufpr.br\/index.php?rest_route=\/wp\/v2\/posts\/1956","targetHints":{"allow":["GET"]}}],"collection":[{"href":"https:\/\/ciclovida.ufpr.br\/index.php?rest_route=\/wp\/v2\/posts"}],"about":[{"href":"https:\/\/ciclovida.ufpr.br\/index.php?rest_route=\/wp\/v2\/types\/post"}],"author":[{"embeddable":true,"href":"https:\/\/ciclovida.ufpr.br\/index.php?rest_route=\/wp\/v2\/users\/5"}],"replies":[{"embeddable":true,"href":"https:\/\/ciclovida.ufpr.br\/index.php?rest_route=%2Fwp%2Fv2%2Fcomments&post=1956"}],"version-history":[{"count":1,"href":"https:\/\/ciclovida.ufpr.br\/index.php?rest_route=\/wp\/v2\/posts\/1956\/revisions"}],"predecessor-version":[{"id":1957,"href":"https:\/\/ciclovida.ufpr.br\/index.php?rest_route=\/wp\/v2\/posts\/1956\/revisions\/1957"}],"wp:attachment":[{"href":"https:\/\/ciclovida.ufpr.br\/index.php?rest_route=%2Fwp%2Fv2%2Fmedia&parent=1956"}],"wp:term":[{"taxonomy":"category","embeddable":true,"href":"https:\/\/ciclovida.ufpr.br\/index.php?rest_route=%2Fwp%2Fv2%2Fcategories&post=1956"},{"taxonomy":"post_tag","embeddable":true,"href":"https:\/\/ciclovida.ufpr.br\/index.php?rest_route=%2Fwp%2Fv2%2Ftags&post=1956"}],"curies":[{"name":"wp","href":"https:\/\/api.w.org\/{rel}","templated":true}]}}