{"id":1954,"date":"2014-02-27T21:35:14","date_gmt":"2014-02-28T00:35:14","guid":{"rendered":"https:\/\/ciclovida.ufpr.br\/?p=1954"},"modified":"2014-03-05T19:55:09","modified_gmt":"2014-03-05T22:55:09","slug":"ciclovida-participa-do-lancamento-do-projeto-viva","status":"publish","type":"post","link":"https:\/\/ciclovida.ufpr.br\/?p=1954","title":{"rendered":"Ciclovida participa do lan\u00e7amento do Projeto Viva"},"content":{"rendered":"<p>Por ASCOM UFPR<\/p>\n<div>\n<div>\n<p>&nbsp;<\/p>\n<div><a href=\"http:\/\/www.ufpr.br\/portalufpr\/wp-content\/uploads\/2014\/02\/12683299634_98421cfb28_b.jpg\" target=\"_blank\"><img loading=\"lazy\" decoding=\"async\" class=\"alignleft\" alt=\"Vania Ozorio apresenta repert\u00f3rio latino durante o Projeto Viva - foto Rodrigo Juste Duarte.\" src=\"https:\/\/ci4.googleusercontent.com\/proxy\/QEQOmIgGjaiXTLcQl7oq2uHcU769J6LCQ9W_PC3jTEhcfzYf6Ay6mGEIjj7x9dcPuCBBtBfI-B0zeXsmOv7ipHeewoMUVMxbK7l9gXhX42RE17O32AekcaNaS_p4i16PsDFd6M4LcvFSwtscWMa4QZTZYg=s0-d-e1-ft#http:\/\/www.ufpr.br\/portalufpr\/wp-content\/uploads\/2014\/02\/12683299634_98421cfb28_b-300x199.jpg\" width=\"300\" height=\"199\" \/><\/a>Vania Ozorio apresenta repert\u00f3rio latino durante o Projeto Viva &#8211; foto Rodrigo Juste Duarte.<\/div>\n<p>Na \u00faltima sexta-feira, 21\/02, atividades culturais marcaram o lan\u00e7amento do Projeto Viva. A iniciativa da UFPR, por meio da Pr\u00f3-reitoria de Admnistra\u00e7\u00e3o (PRA), tem o objetivo de divulgar diversos projetos voltados \u00e0 comunidade acad\u00eamica em temas como sa\u00fade, mobilidade, meio-ambiente e cidadania. Ao final do evento foi anunciado um conv\u00eanio entre a universidade e a Secretaria Municipal de Tr\u00e2nsito de Curitiba (SETRAN).<\/p>\n<\/div>\n<p>Na \u00faltima sexta-feira, 21\/02, atividades culturais marcaram o lan\u00e7amento do Projeto Viva. A iniciativa da UFPR, por meio da Pr\u00f3-reitoria de Admnistra\u00e7\u00e3o (PRA), tem o objetivo de divulgar diversos projetos voltados \u00e0 comunidade acad\u00eamica em temas como sa\u00fade, mobilidade, meio-ambiente e cidadania. Ao final do evento foi anunciado um conv\u00eanio entre a universidade e a Secretaria Municipal de Tr\u00e2nsito de Curitiba (SETRAN).<\/p>\n<p>O projeto surgiu da necessidade de reunir as diversas iniciativas que s\u00e3o desenvolvidas na universidade, buscando uma maior difus\u00e3o entre estudantes, t\u00e9cnicos e docentes. O Pr\u00f3-reitor de Administra\u00e7\u00e3o, \u00c1lvaro Pereira de Souza, explicou a origem do programa. \u201cO projeto deu seus primeiros passos em 2010 quando fizemos o Conselho de Seguran\u00e7a na PRA, que trouxe uma vis\u00e3o mais ampla da comunidade da universidade. A partir da\u00ed v\u00e1rios programas foram se juntando ao projeto\u201d.<\/p>\n<p>Durante o dia foram realizadas diversas atividades como shows de m\u00fasica, apresenta\u00e7\u00e3o de teatro e campanhas de conscientiza\u00e7\u00e3o. Tamb\u00e9m foi oferecido conserto de bicicletas aos participantes.<\/p>\n<p><strong>Integra\u00e7\u00e3o \u00e0 cidade<\/strong><\/p>\n<p>Ao final das atividades o reitor da UFPR, Zaki Akel, e a Secret\u00e1ria de Tr\u00e2nsito, Luiza Simonelli, anunciaram um conv\u00eanio para atua\u00e7\u00e3o conjunta das duas institui\u00e7\u00f5es para melhoria do tr\u00e2nsito da cidade e integra\u00e7\u00e3o da universidade.<\/p>\n<div><a href=\"http:\/\/www.ufpr.br\/portalufpr\/wp-content\/uploads\/2014\/02\/pr%C3%B3-reitor-secretaria-reitor-fala.jpg\" target=\"_blank\"><img loading=\"lazy\" decoding=\"async\" class=\"alignright\" alt=\"Reitor Zaki Akel Sobrinho fala sobre conv\u00eanio entre a Secretaria Municipal de Tr\u00e2nsito e UFPR, no Projeto Viva - foto Rodrigo Juste Duarte\" src=\"https:\/\/ci3.googleusercontent.com\/proxy\/riujPkvLWB1E1_ISQKSa5tDcvkRUmP0A8b1tBGxxkWv4N0fHr07ibonhJyW2BjXnPA8zLDGNe55uTILnBM4eZNRVe2ZTQKnmNkW7EVMVUWPbEaTLpgdulSsZUgf5kswySFTE95VmGA9m_a40HdvP-QZrgRtB2vyWYn29aNGPk2gF=s0-d-e1-ft#http:\/\/www.ufpr.br\/portalufpr\/wp-content\/uploads\/2014\/02\/pr%C3%B3-reitor-secretaria-reitor-fala-300x199.jpg\" width=\"300\" height=\"199\" \/><\/a>Reitor Zaki Akel Sobrinho fala sobre conv\u00eanio entre o SETRAN e a UFPR ao lado Secret\u00e1ria Municipal de Tr\u00e2nsito, Lu\u00edza Simonelli, e Pr\u00f3-reitor de Administra\u00e7\u00e3o \u00c1lvaro Pereira de Souza &#8211; foto Rodrigo Juste Duarte.<\/div>\n<p>O acordo prev\u00ea o suporte t\u00e9cnico da universidade em rela\u00e7\u00e3o ao tr\u00e2nsito e planejamento urbano. A UFPR j\u00e1 conta com projetos que podem dar contribui\u00e7\u00f5es importantes para a cidade como o N\u00facleo de Psicologia do Tr\u00e2nsito e estudos sobre Engenharia de Tr\u00e2nsito. Al\u00e9m disso, est\u00e1 sendo estudada a implanta\u00e7\u00e3o de uma especializa\u00e7\u00e3o\u00a0<em>lato sensu<\/em>sobre o tema para ajudar na forma\u00e7\u00e3o de profissionais qualificados na \u00e1rea.<\/p>\n<p>A contrapartida da secretaria vai se dar em rela\u00e7\u00e3o \u00e0 estrutura da universidade e sua integra\u00e7\u00e3o \u00e0 cidade. Este tipo de parceria j\u00e1 vem acontecendo em menor escala, como na implanta\u00e7\u00e3o de recuos para a parada da linha de \u00f4nibus Intercampi , que tem trazido mais seguran\u00e7a para os estudantes e motoristas, o trajeto do \u00f4nibus tamb\u00e9m foi otimizado.<\/p>\n<p>Segundo Souza, o conv\u00eanio \u00e9 importante para integrar a universidade ao tecido urbano, \u201cEm v\u00e1rios momentos \u00e9 preciso uma atua\u00e7\u00e3o conjunta entre n\u00f3s e o munic\u00edpio\u201d, completou. Um desses casos \u00e9 a previs\u00e3o de mudan\u00e7a de localiza\u00e7\u00e3o da esta\u00e7\u00e3o tubo que atende o campus Jardim Bot\u00e2nico, que deve ser instalada dentro da universidade, o objetivo \u00e9 aumentar a seguran\u00e7a dos estudantes, mas para isso \u00e9 preciso uma s\u00e9rie de estudos que ser\u00e3o facilitados pela parceria.<\/p>\n<p>O reitor agradeceu o trabalho da PRA e lembrou do papel da universidade na forma\u00e7\u00e3o do cidad\u00e3o. \u201cEsta universidade \u00e9 o maior celeiro de licenciaturas do Paran\u00e1, s\u00e3o professores que v\u00e3o atuar diretamente na forma\u00e7\u00e3o do cidad\u00e3o, \u00e9 por isto que precisamos trazer as quest\u00f5es do cotidiano para dentro da universidade.\u201d Tamb\u00e9m lembrou da import\u00e2ncia do conv\u00eanio, \u201choje somos uma cidade dentro de Curitiba, uma comunidade de mais de 40 mil pessoas, precisamos nos integrar \u00e0 cidade.\u201d<\/p>\n<p><strong>Ciclovida \u2013 bicicleta como solu\u00e7\u00e3o<\/strong><\/p>\n<div><a href=\"http:\/\/www.ufpr.br\/portalufpr\/wp-content\/uploads\/2014\/02\/oficina-bicicleta.jpg\" target=\"_blank\"><img loading=\"lazy\" decoding=\"async\" class=\"alignleft\" alt=\"Oficina de bicicletas, consertos oferecidos durante o Projeto Viva - foto Rodrigo Juste Duarte.\" src=\"https:\/\/ci5.googleusercontent.com\/proxy\/kfI36magtzK3zJoTVaVHpsbxOHPrceVWTILVnlbcQ6Okdt5c4IiTQcR4WycHRQJ48-l3FJ-rU2uhuU8OwfiCrN1dbmON84c6QfM2mk2KEOxR6J2bxts6HOw7o4qFSpsb8hBmhhFBaYR1MPBj=s0-d-e1-ft#http:\/\/www.ufpr.br\/portalufpr\/wp-content\/uploads\/2014\/02\/oficina-bicicleta-199x300.jpg\" width=\"199\" height=\"300\" \/><\/a>Oficina de bicicletas, consertos oferecidos durante o Projeto Viva &#8211; foto Rodrigo Juste Duarte.<\/div>\n<p>Uma das iniciativas do Projeto Viva \u00e9 chamar aten\u00e7\u00e3o da comunidade acad\u00eamica para o uso da bicicleta como op\u00e7\u00e3o de transporte. Durante o dia os participantes do evento puderam fazer\u00a0pequenos consertos e conhecer as vantagens de uso deste meio de transporte por meio do grupo Ciclovida da UFPR.<\/p>\n<p>O Ciclovida come\u00e7ou a ser desenhado em 2002, com algumas ideias e a\u00e7\u00f5es ainda limitadas, vindo a ser oficilizado em 2008. O grupo tem o objetivo de envolver cada vez mais pessoas com a\u00a0cultura de uso da bicicleta. Segundo Jos\u00e9 Carlos Belotto, um dos articuladores do projeto, \u201c\u00e9 preciso combater a cultura do que chamamos de \u2018carrismo\u2019, que promove o carro como s\u00edmbolo\u00a0de status e coloca este meio de transporte como o \u00fanico modal poss\u00edvel. Essa l\u00f3gica foi adotada pelos planejadores urbanos o que acabou atraindo mais e mais carros\u201d.<\/p>\n<p>O programa tamb\u00e9m busca estimular a pesquisa na UFPR, tentando sensibilizar a academia a estudar assuntos relacionados ao tema, monografias e disserta\u00e7\u00f5es de mestrado j\u00e1 foram\u00a0estimuladas pelo programa. Al\u00e9m disso, o evento \u201cDesafio-intermodal\u201d, promovido pelo grupo, passou a fazer parte das disciplinas de \u201ccidade e meio-ambiente\u201d do curso de Arquitetura e Urbanismo e da disciplina de\u00a0\u201cengenharia de tr\u00e1fico\u201d das engenharias. O desafio verifica todo ano na hora do rush qual o meio de transporte mais eficiente para um trajeto de 10km no centro da cidade.<\/p>\n<p>Durante as atividades os visitantes podiam usar o simulador desenvolvido pelo Ciclovida \u2013 dispon\u00edvel no site \u00a0<a title=\"Site Ciclovida\" href=\"https:\/\/ciclovida.ufpr.br\/\" target=\"_blank\">https:\/\/ciclovida.ufpr.br\/<\/a><wbr \/>\u00a0\u2013 onde, informando a dist\u00e2ncia\u00a0entre a casa e o trabalho e quantas vezes por semana pretende usar a bicicleta, o sistema retorna informa\u00e7\u00f5es como a economia que se tem, a quantidade de poluentes que se evita jogar na\u00a0atmosfera e as calorias a mais que seriam consumidas com a atividade. Tamb\u00e9m mostra as informa\u00e7\u00f5es se 10% dos motoristas fizessem o mesmo.<\/p>\n<p><strong>Conserto de bicicletas<\/strong><br \/>\nO Projeto Viva tamb\u00e9m contou com conserto de bicicletas para a comunidade universit\u00e1ria, consertos simples que n\u00e3o requerem pe\u00e7as eram feito gratuitamente, consertos mais complexos\u00a0custavam entre R$ 4,00 e R$ 6,00. A inicitiva foi uma parceria entre a Bicicletaria Cultural e a UFPR, que subsidiou parte dos custos dos consertos.<\/p>\n<p>A Bicicletaria Cultural surgiu em 2011 buscando ser um espa\u00e7o para o ciclista no centro da cidade. Segundo Fernando Rosenbaum, um dos propriet\u00e1rios, n\u00e3o havia estimulos na regi\u00e3o central para\u00a0os ciclistas, \u201cn\u00f3s particip\u00e1vamos de v\u00e1rias iniciativas para promover o uso da bicicleta, como as bicicletadas e o festival Arte Bicicleta e Mobilidade [evento de promo\u00e7\u00e3o da cultura da\u00a0bicicleta] mas n\u00e3o havia nada no centro da cidade que dissesse: \u2018Seja bem vindo!\u2019 aos ciclistas, a bicicletaria foi a resposta para essa demanda\u201d. O local conta comestacionamento e oficina comunit\u00e1ria, al\u00e9m de um Espa\u00e7o Cultural e serve como sede para a Cicloigua\u00e7u (Associa\u00e7\u00e3o de Ciclistas do Alto Igua\u00e7u).<\/p>\n<p><strong>Gest\u00e3o ambiental<\/strong><br \/>\nTamb\u00e9m est\u00e3o contemplados no Projeto Viva o programa Separando Juntos, parceria da PRA com a Divis\u00e3o de Gest\u00e3o Ambiental da Prefeitura Universit\u00e1ria, que visa estabelecer a\u00e7\u00f5es em\u00a0rela\u00e7\u00e3o \u00e0 separa\u00e7\u00e3o e destino dos res\u00edduos gerados na UFPR. A divis\u00e3o tamb\u00e9m distribuiu panfletos contra o abandono e outros tipos de maus-tratos a animais dom\u00e9sticos. Mais informa\u00e7\u00f5es\u00a0no site\u00a0<a title=\"Divis\u00e3o de Gest\u00e3o Ambiental\" href=\"http:\/\/www.ufpr.br\/portalufpr\/noticias\/projeto-viva-movimenta-o-patio-da-reitoria\/www.ufpr.br\/~dga.pcu\" target=\"_blank\">www.ufpr.br\/~dga.pcu<\/a>\u00a0e\u00a0<a title=\"Zoonoses UFPR\" href=\"http:\/\/www.ufpr.br\/portalufpr\/noticias\/projeto-viva-movimenta-o-patio-da-reitoria\/www.zoonoses.agrarias.ufpr.br\" target=\"_blank\">ww<wbr \/>w.zoonoses.agrarias.ufpr.br<\/a>\u00a0.<\/p>\n<p><strong>Seguran\u00e7a<\/strong><\/p>\n<div><a href=\"http:\/\/www.ufpr.br\/portalufpr\/wp-content\/uploads\/2014\/02\/12768518425_43844a9768_b.jpg\" target=\"_blank\"><img loading=\"lazy\" decoding=\"async\" class=\"alignright\" alt=\"Banda PM, de policiais militares, tocam pop rock educativo - foto Marcos Solivan.\" src=\"https:\/\/ci6.googleusercontent.com\/proxy\/hiDAvd7qugLc2SjC2rl3LPBgTge3O5Btot_2XEUpjEKcVrPmqq9OXv5FqdZRtD7EirLu4enNInncnZ59u3UisP_Y-WA6oSy3Q6VK_TqMj1ZNwJF6EYtNi9UvCl24WYb2TAsd3767r5Nu7_PBnpWqFN7dgg=s0-d-e1-ft#http:\/\/www.ufpr.br\/portalufpr\/wp-content\/uploads\/2014\/02\/12768518425_43844a9768_b-300x198.jpg\" width=\"300\" height=\"198\" \/><\/a>Banda PM, de policiais militares, tocam pop rock educativo &#8211; foto Marcos Solivan.<\/div>\n<p>A SETRAN, al\u00e9m de assinar o conv\u00eanio, e a Pol\u00edcia Militar estiveram presentes com a\u00e7\u00f5es de conscientiza\u00e7\u00e3o. O Cabo Gonzales que participou da iniciativa ressaltou a import\u00e2ncia de\u00a0eventos que envolvam educa\u00e7\u00e3o no tr\u00e2nsito, como o Projeto Viva: \u201cestes eventos ajudam a formar um condutor mais consciente, o que torna mais dif\u00edcil que se envolva em ocorr\u00eancias, isso\u00a0ajuda a termos um tr\u00e2nsito mais seguro\u201d. A banda PM, formada por policiais, fez uma apresenta\u00e7\u00e3o de rock com m\u00fasicas educativas durante a programa\u00e7\u00e3o cultural.<\/p>\n<p>O Projeto Viva ainda contempla a\u00e7\u00f5es relacionadas \u00e0 seguran\u00e7a da comunidade acad\u00eamica em geral, como o Projeto \u201cRota de Fuga\u201d, sob as instru\u00e7\u00f5es t\u00e9cnicas do Corpo de Bombeiros. A\u00a0proposta \u00e9 construir, ao longo do ano, escadas para utiliza\u00e7\u00e3o em inc\u00eandios e adequa\u00e7\u00f5es menores como a sinaliza\u00e7\u00e3o para os equipamentos de seguran\u00e7a.<\/p>\n<p>&nbsp;<\/p>\n<p><a href=\"https:\/\/ciclovida.ufpr.br\/wp-content\/uploads\/2014\/02\/12682971923_414f0d5760_c.jpg\"><img loading=\"lazy\" decoding=\"async\" class=\"alignleft  wp-image-1959\" alt=\"12682971923_414f0d5760_c\" src=\"https:\/\/ciclovida.ufpr.br\/wp-content\/uploads\/2014\/02\/12682971923_414f0d5760_c.jpg\" width=\"560\" height=\"372\" srcset=\"https:\/\/ciclovida.ufpr.br\/wp-content\/uploads\/2014\/02\/12682971923_414f0d5760_c.jpg 800w, https:\/\/ciclovida.ufpr.br\/wp-content\/uploads\/2014\/02\/12682971923_414f0d5760_c-300x199.jpg 300w\" sizes=\"auto, (max-width: 560px) 100vw, 560px\" \/><\/a> <a href=\"https:\/\/ciclovida.ufpr.br\/wp-content\/uploads\/2014\/02\/12683300474_6e0bd6cb73_c.jpg\"><img loading=\"lazy\" decoding=\"async\" class=\"alignleft  wp-image-1960\" alt=\"12683300474_6e0bd6cb73_c\" src=\"https:\/\/ciclovida.ufpr.br\/wp-content\/uploads\/2014\/02\/12683300474_6e0bd6cb73_c.jpg\" width=\"560\" height=\"372\" srcset=\"https:\/\/ciclovida.ufpr.br\/wp-content\/uploads\/2014\/02\/12683300474_6e0bd6cb73_c.jpg 800w, https:\/\/ciclovida.ufpr.br\/wp-content\/uploads\/2014\/02\/12683300474_6e0bd6cb73_c-300x199.jpg 300w\" sizes=\"auto, (max-width: 560px) 100vw, 560px\" \/><\/a><\/p>\n<p>&nbsp;<\/p>\n<\/div>\n","protected":false},"excerpt":{"rendered":"<p>Por ASCOM UFPR &nbsp; Vania Ozorio apresenta repert\u00f3rio latino durante o Projeto Viva &#8211; foto Rodrigo Juste Duarte. Na \u00faltima sexta-feira, 21\/02, atividades culturais marcaram o lan\u00e7amento do Projeto Viva. [&hellip;]<\/p>\n","protected":false},"author":5,"featured_media":0,"comment_status":"open","ping_status":"open","sticky":false,"template":"","format":"standard","meta":{"_uag_custom_page_level_css":"","ngg_post_thumbnail":0,"footnotes":""},"categories":[1],"tags":[],"class_list":["post-1954","post","type-post","status-publish","format-standard","hentry","category-noticias"],"gutentor_comment":2,"featured_image_src":"","featured_image_src_square":false,"author_info":{"display_name":"paulabianchi","author_link":"https:\/\/ciclovida.ufpr.br\/?author=5"},"rbea_author_info":{"display_name":"paulabianchi","author_link":"https:\/\/ciclovida.ufpr.br\/?author=5"},"rbea_excerpt_info":"Por ASCOM UFPR &nbsp; Vania Ozorio apresenta repert\u00f3rio latino durante o Projeto Viva &#8211; foto Rodrigo Juste Duarte. Na \u00faltima sexta-feira, 21\/02, atividades culturais marcaram o lan\u00e7amento do Projeto Viva. [&hellip;]","category_list":"<a href=\"https:\/\/ciclovida.ufpr.br\/?cat=1\" rel=\"category\">Not\u00edcias<\/a>","comments_num":"0 comments","uagb_featured_image_src":{"full":false,"thumbnail":false,"medium":false,"medium_large":false,"large":false,"1536x1536":false,"2048x2048":false,"post-thumbnail":false,"twentytwenty-fullscreen":false},"uagb_author_info":{"display_name":"paulabianchi","author_link":"https:\/\/ciclovida.ufpr.br\/?author=5"},"uagb_comment_info":2,"uagb_excerpt":"Por ASCOM UFPR &nbsp; Vania Ozorio apresenta repert\u00f3rio latino durante o Projeto Viva &#8211; foto Rodrigo Juste Duarte. Na \u00faltima sexta-feira, 21\/02, atividades culturais marcaram o lan\u00e7amento do Projeto Viva. [&hellip;]","wps_subtitle":"","_links":{"self":[{"href":"https:\/\/ciclovida.ufpr.br\/index.php?rest_route=\/wp\/v2\/posts\/1954","targetHints":{"allow":["GET"]}}],"collection":[{"href":"https:\/\/ciclovida.ufpr.br\/index.php?rest_route=\/wp\/v2\/posts"}],"about":[{"href":"https:\/\/ciclovida.ufpr.br\/index.php?rest_route=\/wp\/v2\/types\/post"}],"author":[{"embeddable":true,"href":"https:\/\/ciclovida.ufpr.br\/index.php?rest_route=\/wp\/v2\/users\/5"}],"replies":[{"embeddable":true,"href":"https:\/\/ciclovida.ufpr.br\/index.php?rest_route=%2Fwp%2Fv2%2Fcomments&post=1954"}],"version-history":[{"count":3,"href":"https:\/\/ciclovida.ufpr.br\/index.php?rest_route=\/wp\/v2\/posts\/1954\/revisions"}],"predecessor-version":[{"id":1958,"href":"https:\/\/ciclovida.ufpr.br\/index.php?rest_route=\/wp\/v2\/posts\/1954\/revisions\/1958"}],"wp:attachment":[{"href":"https:\/\/ciclovida.ufpr.br\/index.php?rest_route=%2Fwp%2Fv2%2Fmedia&parent=1954"}],"wp:term":[{"taxonomy":"category","embeddable":true,"href":"https:\/\/ciclovida.ufpr.br\/index.php?rest_route=%2Fwp%2Fv2%2Fcategories&post=1954"},{"taxonomy":"post_tag","embeddable":true,"href":"https:\/\/ciclovida.ufpr.br\/index.php?rest_route=%2Fwp%2Fv2%2Ftags&post=1954"}],"curies":[{"name":"wp","href":"https:\/\/api.w.org\/{rel}","templated":true}]}}