{"id":1952,"date":"2014-02-26T15:14:21","date_gmt":"2014-02-26T18:14:21","guid":{"rendered":"https:\/\/ciclovida.ufpr.br\/?p=1952"},"modified":"2014-02-26T15:14:21","modified_gmt":"2014-02-26T18:14:21","slug":"a-opiniao-dos-palestrantes-estrangeiros-sobre-o-3o-forum-mundial-da-bicicleta","status":"publish","type":"post","link":"https:\/\/ciclovida.ufpr.br\/?p=1952","title":{"rendered":"A opini\u00e3o dos palestrantes estrangeiros sobre o 3\u00ba F\u00f3rum Mundial da Bicicleta"},"content":{"rendered":"<p>Por <a href=\"http:\/\/vadebike.org\/2014\/02\/mona-caron-chris-carlsson-elly-blue-forum-mundial-bicicleta-curitiba\/\">V\u00e1 de Bike<\/a><\/p>\n<p>Veja a percep\u00e7\u00e3o de alguns dos convidados estrangeiros que marcaram presen\u00e7a no F\u00f3rum de Curitiba. Com Elly Blue, Mora Caron, Chris Carlsson e Lars Gemz\u00f8e, al\u00e9m do Chaplin de bicicleta e\u00a0outras imagens e momentos que transmitem o clima que havia por l\u00e1.\u00a0O v\u00eddeo \u00e9 da Rachel Schein, com tradu\u00e7\u00e3o de Luciana Spedine.<\/p>\n<p>Estamos preparando uma s\u00e9rie de v\u00eddeos e mat\u00e9rias sobre o F\u00f3rum, trazendo mais informa\u00e7\u00f5es e imagens sobre o que aconteceu em Curitiba durante os quatro dias de evento. Participar desse F\u00f3rum foi uma experi\u00eancia enriquecedora, que compartilharemos com voc\u00eas aqui no\u00a0<strong>V\u00e1 de Bike<\/strong>.<\/p>\n<p>&nbsp;<\/p>\n<p><iframe loading=\"lazy\" src=\"\/\/player.vimeo.com\/video\/87506927\" height=\"281\" width=\"500\" allowfullscreen=\"\" frameborder=\"0\"><\/iframe><\/p>\n<p><a href=\"http:\/\/vimeo.com\/87506927\">3\u00ba F\u00f3rum Mundial da Bicicleta &#8211; Palestrantes estrangeiros<\/a> from <a href=\"http:\/\/vimeo.com\/user10269542\">V\u00e1 de Bike<\/a> on <a href=\"https:\/\/vimeo.com\">Vimeo<\/a>.<\/p>\n","protected":false},"excerpt":{"rendered":"<p>Por V\u00e1 de Bike Veja a percep\u00e7\u00e3o de alguns dos convidados estrangeiros que marcaram presen\u00e7a no F\u00f3rum de Curitiba. Com Elly Blue, Mora Caron, Chris Carlsson e Lars Gemz\u00f8e, al\u00e9m [&hellip;]<\/p>\n","protected":false},"author":5,"featured_media":0,"comment_status":"open","ping_status":"open","sticky":false,"template":"","format":"standard","meta":{"_uag_custom_page_level_css":"","ngg_post_thumbnail":0,"footnotes":""},"categories":[1],"tags":[],"class_list":["post-1952","post","type-post","status-publish","format-standard","hentry","category-noticias"],"gutentor_comment":1,"featured_image_src":"","featured_image_src_square":false,"author_info":{"display_name":"paulabianchi","author_link":"https:\/\/ciclovida.ufpr.br\/?author=5"},"rbea_author_info":{"display_name":"paulabianchi","author_link":"https:\/\/ciclovida.ufpr.br\/?author=5"},"rbea_excerpt_info":"Por V\u00e1 de Bike Veja a percep\u00e7\u00e3o de alguns dos convidados estrangeiros que marcaram presen\u00e7a no F\u00f3rum de Curitiba. Com Elly Blue, Mora Caron, Chris Carlsson e Lars Gemz\u00f8e, al\u00e9m [&hellip;]","category_list":"<a href=\"https:\/\/ciclovida.ufpr.br\/?cat=1\" rel=\"category\">Not\u00edcias<\/a>","comments_num":"0 comments","uagb_featured_image_src":{"full":false,"thumbnail":false,"medium":false,"medium_large":false,"large":false,"1536x1536":false,"2048x2048":false,"post-thumbnail":false,"twentytwenty-fullscreen":false},"uagb_author_info":{"display_name":"paulabianchi","author_link":"https:\/\/ciclovida.ufpr.br\/?author=5"},"uagb_comment_info":1,"uagb_excerpt":"Por V\u00e1 de Bike Veja a percep\u00e7\u00e3o de alguns dos convidados estrangeiros que marcaram presen\u00e7a no F\u00f3rum de Curitiba. Com Elly Blue, Mora Caron, Chris Carlsson e Lars Gemz\u00f8e, al\u00e9m [&hellip;]","wps_subtitle":"","_links":{"self":[{"href":"https:\/\/ciclovida.ufpr.br\/index.php?rest_route=\/wp\/v2\/posts\/1952","targetHints":{"allow":["GET"]}}],"collection":[{"href":"https:\/\/ciclovida.ufpr.br\/index.php?rest_route=\/wp\/v2\/posts"}],"about":[{"href":"https:\/\/ciclovida.ufpr.br\/index.php?rest_route=\/wp\/v2\/types\/post"}],"author":[{"embeddable":true,"href":"https:\/\/ciclovida.ufpr.br\/index.php?rest_route=\/wp\/v2\/users\/5"}],"replies":[{"embeddable":true,"href":"https:\/\/ciclovida.ufpr.br\/index.php?rest_route=%2Fwp%2Fv2%2Fcomments&post=1952"}],"version-history":[{"count":1,"href":"https:\/\/ciclovida.ufpr.br\/index.php?rest_route=\/wp\/v2\/posts\/1952\/revisions"}],"predecessor-version":[{"id":1953,"href":"https:\/\/ciclovida.ufpr.br\/index.php?rest_route=\/wp\/v2\/posts\/1952\/revisions\/1953"}],"wp:attachment":[{"href":"https:\/\/ciclovida.ufpr.br\/index.php?rest_route=%2Fwp%2Fv2%2Fmedia&parent=1952"}],"wp:term":[{"taxonomy":"category","embeddable":true,"href":"https:\/\/ciclovida.ufpr.br\/index.php?rest_route=%2Fwp%2Fv2%2Fcategories&post=1952"},{"taxonomy":"post_tag","embeddable":true,"href":"https:\/\/ciclovida.ufpr.br\/index.php?rest_route=%2Fwp%2Fv2%2Ftags&post=1952"}],"curies":[{"name":"wp","href":"https:\/\/api.w.org\/{rel}","templated":true}]}}