{"id":1940,"date":"2014-02-21T09:08:25","date_gmt":"2014-02-21T12:08:25","guid":{"rendered":"https:\/\/ciclovida.ufpr.br\/?p=1940"},"modified":"2014-02-20T09:11:17","modified_gmt":"2014-02-20T12:11:17","slug":"cicloturismo-no-parana","status":"publish","type":"post","link":"https:\/\/ciclovida.ufpr.br\/?p=1940","title":{"rendered":"Cicloturismo no Paran\u00e1"},"content":{"rendered":"<p>Por <a href=\"https:\/\/ciclovida.ufpr.br\/wp-admin\/post-new.php\">Bem Paran\u00e1<\/a><\/p>\n<p>&nbsp;<\/p>\n<p>A Secretaria Estadual do Meio Ambiente e Recursos H\u00eddricos reuniu ontem, em Curitiba, os maiores especialistas do pa\u00eds na elabora\u00e7\u00e3o de rotas de cicloturismo. O objetivo \u00e9 discutir a implementa\u00e7\u00e3o de circuitos no Paran\u00e1. \u201cO Paran\u00e1 tem um potencial para o cicloturismo em \u00e1reas naturais que, tendo incentivos, ganhar\u00e1 destaque no cen\u00e1rio nacional e internacional\u201d, declarou Antonio Olinto, do Projeto Cicloturismo no Brasil e que viaja o mundo em bicicleta. J\u00e1 o fundador e presidente do Clube de Cicloturismo no Brasil, Rodrigo Telles, disse que a entidade dar\u00e1 todo o subs\u00eddio necess\u00e1rio para a elabora\u00e7\u00e3o de circuitos no Paran\u00e1.<br \/>\nO encontro contou com a presen\u00e7a do coordenador do projeto Ciclovida da Universidade Federal do Paran\u00e1 (UFPR), Jos\u00e9 Carlos Belotto; Eliana Garcia, do Clube de Cicloturismo; Marcelo Castro, da Universidade Estadual de Maring\u00e1 e Rafaela Asprino, que integra o <a href=\"https:\/\/ciclovida.ufpr.br\/wp-content\/uploads\/2014\/02\/noticia_373090_img1_8-f1.jpg\"><img loading=\"lazy\" decoding=\"async\" class=\"alignleft  wp-image-1941\" alt=\"noticia_373090_img1_8-f1\" src=\"https:\/\/ciclovida.ufpr.br\/wp-content\/uploads\/2014\/02\/noticia_373090_img1_8-f1.jpg\" width=\"434\" height=\"289\" srcset=\"https:\/\/ciclovida.ufpr.br\/wp-content\/uploads\/2014\/02\/noticia_373090_img1_8-f1.jpg 620w, https:\/\/ciclovida.ufpr.br\/wp-content\/uploads\/2014\/02\/noticia_373090_img1_8-f1-300x199.jpg 300w\" sizes=\"auto, (max-width: 434px) 100vw, 434px\" \/><\/a>projeto de Cicloturismo no Brasil.<\/p>\n<p><strong>Expertise<\/strong><br \/>\nEntre os circuitos e guias j\u00e1 criados pelos especialistas est\u00e3o, o Circuito das Arauc\u00e1rias, Circuito do Vale Europeu, Circuito de Ciclo Turismo Costa Verde&amp;Mar, Circuitos de Cicloturismo &#8211; Manual de Incentivo e Orienta\u00e7\u00e3o para os munic\u00edpios Brasileiros, Guia de Cicloturismo \u2013 Mantiqueira, Guia Caminho da F\u00e9 para ciclistas e caminhantes, Guia de Cicloturismo Estrada Real &#8211; Caminho Velho, Guia de Cicloturismo Paran\u00e1 I e Guia Estrada Real &#8211; Caminho dos Diamantes e outros. Mais informa\u00e7\u00f5es:<br \/>\nhttp:\/\/www.clubedecicloturismo.com.br\/ e<\/p>\n<blockquote class=\"wp-embedded-content\" data-secret=\"3KDBmVxmqq\"><p><a href=\"https:\/\/www.olinto.com.br\/\">PROJETO de CICLOTURISMO no BRASIL<\/a><\/p><\/blockquote>\n<p><iframe loading=\"lazy\" class=\"wp-embedded-content\" sandbox=\"allow-scripts\" security=\"restricted\" style=\"position: absolute; visibility: hidden;\" title=\"&#8220;PROJETO de CICLOTURISMO no BRASIL&#8221; &#8212; Olinto e Rafaela | Cicloturismo\" src=\"https:\/\/www.olinto.com.br\/embed\/#?secret=9q6uvSBZib#?secret=3KDBmVxmqq\" data-secret=\"3KDBmVxmqq\" width=\"580\" height=\"327\" frameborder=\"0\" marginwidth=\"0\" marginheight=\"0\" scrolling=\"no\"><\/iframe><\/p>\n<p><strong>Gol de Bicicleta<\/strong><br \/>\nO Governo do Paran\u00e1 fez um gola\u00e7o, e de bicicleta, ao anunciar a obrigatoriedade da inclus\u00e3o de ciclovias em todos os novos projetos para constru\u00e7\u00e3o ou duplica\u00e7\u00e3o de rodovias no estado. A determina\u00e7\u00e3o do governador, Beto Richa, \u00e0 Secretaria de Infraestrutura e Log\u00edstica foi aplaudida pelos participantes do 3o F\u00f3rum Mundial da Bicicleta &#8211; realizado entre os dias 13 a 16 de fevereiro, em Curitiba. O secret\u00e1rio do Meio Ambiente e Recursos H\u00eddricos, Luiz Eduardo Cheida, foi o mensageiro da boa not\u00edcia. O 3o F\u00f3rum Mundial da Bicicleta agitou Curitiba com uma programa\u00e7\u00e3o variada, incluindo mais de 80 atividades.<\/p>\n<p><strong>O planeta pede socorro<\/strong><br \/>\nO clima at\u00edpico dos \u00faltimos meses serve como um alerta. A Organiza\u00e7\u00e3o Meteorol\u00f3gica Mundial (OMM), ag\u00eancia especializada da Organiza\u00e7\u00e3o das Na\u00e7\u00f5es Unidas (ONU), divulgou na \u00faltima semana um mapa com os principais locais que sofrem com os chamados \u201cFen\u00f4menos Clim\u00e1ticos Extremos\u201d. De acordo com a publica\u00e7\u00e3o, o calor que vem ocorrendo no sudeste brasileiro \u00e9 uma das principais anomalias clim\u00e1ticas do mundo nos \u00faltimos meses. Al\u00e9m disso, o destaque tamb\u00e9m ficou para o forte calor na Austr\u00e1lia, Argentina e \u00c1frica do Sul. J\u00e1 no hemisf\u00e9rio norte, temos presenciado ondas de frio nos EUA e inunda\u00e7\u00f5es na Gr\u00e3-Bretanha.<\/p>\n<p><strong>Reciclagem de l\u00e1pis e canetas<\/strong><br \/>\nTodo in\u00edcio de ano, estudantes do pa\u00eds inteiro voltam \u00e0s aulas com materiais escolares novos e os antigos s\u00e3o descartados no lixo. Para garantir a correta destina\u00e7\u00e3o dos res\u00edduos de instrumentos de escrita, a Faber-Castell, em parceria com a TerraCycle, promove a a\u00e7\u00e3o \u201cFaxina nos Arm\u00e1rios\u201d. Para participar basta se cadastrar no site da TerraCycle e formar um time de coleta de instrumentos de escrita para serem reciclados. O time de coleta pode ser formado por pessoas em casa, na empresa, na escola ou mesmo um grupo de amigos. Podem ser enviados l\u00e1pis, l\u00e1pis de cor, lapiseiras, canetas, canetinhas, borrachas, apontadores e muitos outros itens (de qualquer marca), que n\u00e3o funcionem mais ou estejam quebrados.<\/p>\n<p><strong>Premia\u00e7\u00e3o<\/strong><br \/>\nA \u201cFaxina nos Arm\u00e1rios\u201d ir\u00e1 premiar os dez times que mais coletarem instrumentos de escrita at\u00e9 o dia 30 de abril. No ano passado, a a\u00e7\u00e3o promoveu a reciclagem de 36 mil instrumentos itens de diversas marcas. Para cada 12g de res\u00edduos (o que equivale ao peso de um l\u00e1pis ou uma caneta), s\u00e3o doados R$ 0,02 para uma escola ou organiza\u00e7\u00e3o sem fins lucrativos, escolhida pelo pr\u00f3prio time de coleta.<\/p>\n<p><strong>Tela Verde<\/strong><br \/>\nO Minist\u00e9rio do Meio Ambiente (MMA) ampliou, para 28 de fevereiro, o prazo para o cadastramento de institui\u00e7\u00f5es interessadas em participar da 5\u00aa Mostra Nacional de Produ\u00e7\u00e3o Audiovisual Independente &#8211; Circuito Tela Verde. Para fazer a inscri\u00e7\u00e3o, basta acessar o link e preencher o formul\u00e1rio. Na \u00faltima edi\u00e7\u00e3o, participaram mais de 1,5 mil espa\u00e7os exibidores espalhados em todo Pa\u00eds. O MMA divulgar\u00e1, ap\u00f3s o encerramento do prazo de inscri\u00e7\u00f5es, a lista dos espa\u00e7os cadastrados. A 5\u00aa Mostra est\u00e1 prevista para ser lan\u00e7ada na semana do meio ambiente, comemorada em junho. http:\/\/www.mma.gov.br\/educacao-ambiental\/educomunicacao\/circuito-tela-verde\/item\/9873<\/p>\n","protected":false},"excerpt":{"rendered":"<p>Por Bem Paran\u00e1 &nbsp; A Secretaria Estadual do Meio Ambiente e Recursos H\u00eddricos reuniu ontem, em Curitiba, os maiores especialistas do pa\u00eds na elabora\u00e7\u00e3o de rotas de cicloturismo. O objetivo [&hellip;]<\/p>\n","protected":false},"author":5,"featured_media":0,"comment_status":"open","ping_status":"open","sticky":false,"template":"","format":"standard","meta":{"_uag_custom_page_level_css":"","ngg_post_thumbnail":0,"footnotes":""},"categories":[17],"tags":[],"class_list":["post-1940","post","type-post","status-publish","format-standard","hentry","category-clipping"],"gutentor_comment":1,"featured_image_src":"","featured_image_src_square":false,"author_info":{"display_name":"paulabianchi","author_link":"https:\/\/ciclovida.ufpr.br\/?author=5"},"rbea_author_info":{"display_name":"paulabianchi","author_link":"https:\/\/ciclovida.ufpr.br\/?author=5"},"rbea_excerpt_info":"Por Bem Paran\u00e1 &nbsp; A Secretaria Estadual do Meio Ambiente e Recursos H\u00eddricos reuniu ontem, em Curitiba, os maiores especialistas do pa\u00eds na elabora\u00e7\u00e3o de rotas de cicloturismo. O objetivo [&hellip;]","category_list":"<a href=\"https:\/\/ciclovida.ufpr.br\/?cat=17\" rel=\"category\">Clipping<\/a>","comments_num":"0 comments","uagb_featured_image_src":{"full":false,"thumbnail":false,"medium":false,"medium_large":false,"large":false,"1536x1536":false,"2048x2048":false,"post-thumbnail":false,"twentytwenty-fullscreen":false},"uagb_author_info":{"display_name":"paulabianchi","author_link":"https:\/\/ciclovida.ufpr.br\/?author=5"},"uagb_comment_info":1,"uagb_excerpt":"Por Bem Paran\u00e1 &nbsp; A Secretaria Estadual do Meio Ambiente e Recursos H\u00eddricos reuniu ontem, em Curitiba, os maiores especialistas do pa\u00eds na elabora\u00e7\u00e3o de rotas de cicloturismo. O objetivo [&hellip;]","wps_subtitle":"","_links":{"self":[{"href":"https:\/\/ciclovida.ufpr.br\/index.php?rest_route=\/wp\/v2\/posts\/1940","targetHints":{"allow":["GET"]}}],"collection":[{"href":"https:\/\/ciclovida.ufpr.br\/index.php?rest_route=\/wp\/v2\/posts"}],"about":[{"href":"https:\/\/ciclovida.ufpr.br\/index.php?rest_route=\/wp\/v2\/types\/post"}],"author":[{"embeddable":true,"href":"https:\/\/ciclovida.ufpr.br\/index.php?rest_route=\/wp\/v2\/users\/5"}],"replies":[{"embeddable":true,"href":"https:\/\/ciclovida.ufpr.br\/index.php?rest_route=%2Fwp%2Fv2%2Fcomments&post=1940"}],"version-history":[{"count":3,"href":"https:\/\/ciclovida.ufpr.br\/index.php?rest_route=\/wp\/v2\/posts\/1940\/revisions"}],"predecessor-version":[{"id":1944,"href":"https:\/\/ciclovida.ufpr.br\/index.php?rest_route=\/wp\/v2\/posts\/1940\/revisions\/1944"}],"wp:attachment":[{"href":"https:\/\/ciclovida.ufpr.br\/index.php?rest_route=%2Fwp%2Fv2%2Fmedia&parent=1940"}],"wp:term":[{"taxonomy":"category","embeddable":true,"href":"https:\/\/ciclovida.ufpr.br\/index.php?rest_route=%2Fwp%2Fv2%2Fcategories&post=1940"},{"taxonomy":"post_tag","embeddable":true,"href":"https:\/\/ciclovida.ufpr.br\/index.php?rest_route=%2Fwp%2Fv2%2Ftags&post=1940"}],"curies":[{"name":"wp","href":"https:\/\/api.w.org\/{rel}","templated":true}]}}