{"id":194,"date":"2011-07-18T22:29:46","date_gmt":"2011-07-19T01:29:46","guid":{"rendered":"https:\/\/ciclovida.ufpr.br\/?p=194"},"modified":"2011-07-25T10:54:29","modified_gmt":"2011-07-25T13:54:29","slug":"bicicleta-opcao-para-uma-mobilidade-urbana-mais-saudavel-e-sustentavel","status":"publish","type":"post","link":"https:\/\/ciclovida.ufpr.br\/?p=194","title":{"rendered":"Bicicleta: Op\u00e7\u00e3o para uma Mobilidade Urbana Mais Saud\u00e1vel e Sustent\u00e1vel"},"content":{"rendered":"<h2>Monografia de Jos\u00e9 Carlos Belotto.<br \/>\n<span style=\"font-size: 16px; color: #444444; line-height: 24px;\">Especializa\u00e7\u00e3o na Quest\u00e3o Social &#8211; UFPR Litoral &#8211; 2009.<\/span><\/h2>\n<h3><a href=\"wp-content\/uploads\/monografia_bicicleta.pdf\" target=\"_blank\"> Clique aqui para vizualizar.<\/a><\/h3>\n","protected":false},"excerpt":{"rendered":"<p>Monografia de Jos\u00e9 Carlos Belotto. Especializa\u00e7\u00e3o na Quest\u00e3o Social &#8211; UFPR Litoral &#8211; 2009. Clique aqui para vizualizar.<\/p>\n","protected":false},"author":1,"featured_media":0,"comment_status":"open","ping_status":"open","sticky":false,"template":"","format":"standard","meta":{"_uag_custom_page_level_css":"","ngg_post_thumbnail":0,"footnotes":""},"categories":[5],"tags":[],"class_list":["post-194","post","type-post","status-publish","format-standard","hentry","category-biblioteca"],"gutentor_comment":1,"featured_image_src":"","featured_image_src_square":false,"author_info":{"display_name":"ciclovida","author_link":"https:\/\/ciclovida.ufpr.br\/?author=1"},"rbea_author_info":{"display_name":"ciclovida","author_link":"https:\/\/ciclovida.ufpr.br\/?author=1"},"rbea_excerpt_info":"Monografia de Jos\u00e9 Carlos Belotto. Especializa\u00e7\u00e3o na Quest\u00e3o Social &#8211; UFPR Litoral &#8211; 2009. Clique aqui para vizualizar.","category_list":"<a href=\"https:\/\/ciclovida.ufpr.br\/?cat=5\" rel=\"category\">Biblioteca<\/a>","comments_num":"0 comments","uagb_featured_image_src":{"full":false,"thumbnail":false,"medium":false,"medium_large":false,"large":false,"1536x1536":false,"2048x2048":false,"post-thumbnail":false,"twentytwenty-fullscreen":false},"uagb_author_info":{"display_name":"ciclovida","author_link":"https:\/\/ciclovida.ufpr.br\/?author=1"},"uagb_comment_info":1,"uagb_excerpt":"Monografia de Jos\u00e9 Carlos Belotto. Especializa\u00e7\u00e3o na Quest\u00e3o Social &#8211; UFPR Litoral &#8211; 2009. Clique aqui para vizualizar.","wps_subtitle":"","_links":{"self":[{"href":"https:\/\/ciclovida.ufpr.br\/index.php?rest_route=\/wp\/v2\/posts\/194","targetHints":{"allow":["GET"]}}],"collection":[{"href":"https:\/\/ciclovida.ufpr.br\/index.php?rest_route=\/wp\/v2\/posts"}],"about":[{"href":"https:\/\/ciclovida.ufpr.br\/index.php?rest_route=\/wp\/v2\/types\/post"}],"author":[{"embeddable":true,"href":"https:\/\/ciclovida.ufpr.br\/index.php?rest_route=\/wp\/v2\/users\/1"}],"replies":[{"embeddable":true,"href":"https:\/\/ciclovida.ufpr.br\/index.php?rest_route=%2Fwp%2Fv2%2Fcomments&post=194"}],"version-history":[{"count":8,"href":"https:\/\/ciclovida.ufpr.br\/index.php?rest_route=\/wp\/v2\/posts\/194\/revisions"}],"predecessor-version":[{"id":338,"href":"https:\/\/ciclovida.ufpr.br\/index.php?rest_route=\/wp\/v2\/posts\/194\/revisions\/338"}],"wp:attachment":[{"href":"https:\/\/ciclovida.ufpr.br\/index.php?rest_route=%2Fwp%2Fv2%2Fmedia&parent=194"}],"wp:term":[{"taxonomy":"category","embeddable":true,"href":"https:\/\/ciclovida.ufpr.br\/index.php?rest_route=%2Fwp%2Fv2%2Fcategories&post=194"},{"taxonomy":"post_tag","embeddable":true,"href":"https:\/\/ciclovida.ufpr.br\/index.php?rest_route=%2Fwp%2Fv2%2Ftags&post=194"}],"curies":[{"name":"wp","href":"https:\/\/api.w.org\/{rel}","templated":true}]}}