{"id":1918,"date":"2014-02-11T18:38:52","date_gmt":"2014-02-11T21:38:52","guid":{"rendered":"https:\/\/ciclovida.ufpr.br\/?p=1918"},"modified":"2014-02-10T18:42:27","modified_gmt":"2014-02-10T21:42:27","slug":"publicacao-academica-formacao-de-politica-publica-para-o-aumento-da-participacao-modal-da-bicicleta-em-curitiba","status":"publish","type":"post","link":"https:\/\/ciclovida.ufpr.br\/?p=1918","title":{"rendered":"Publica\u00e7\u00e3o Acad\u00eamica: Forma\u00e7\u00e3o de Pol\u00edtica P\u00fablica para o Aumento da Participa\u00e7\u00e3o Modal da Bicicleta em Curitiba."},"content":{"rendered":"<h1>Veja nesse <a href=\"http:\/\/www.biblioteca.pucpr.br\/tede\/tde_busca\/arquivo.php?codArquivo=2317\">LINK<\/a><\/h1>\n<p><a href=\"https:\/\/ciclovida.ufpr.br\/wp-content\/uploads\/2014\/02\/Sem-t\u00edtulo.png\"><img loading=\"lazy\" decoding=\"async\" class=\"alignleft size-full wp-image-1919\" alt=\"Sem t\u00edtulo\" src=\"https:\/\/ciclovida.ufpr.br\/wp-content\/uploads\/2014\/02\/Sem-t\u00edtulo.png\" width=\"580\" height=\"255\" srcset=\"https:\/\/ciclovida.ufpr.br\/wp-content\/uploads\/2014\/02\/Sem-t\u00edtulo.png 580w, https:\/\/ciclovida.ufpr.br\/wp-content\/uploads\/2014\/02\/Sem-t\u00edtulo-300x131.png 300w\" sizes=\"auto, (max-width: 580px) 100vw, 580px\" \/><\/a><\/p>\n","protected":false},"excerpt":{"rendered":"<p>Veja nesse LINK<\/p>\n","protected":false},"author":5,"featured_media":0,"comment_status":"open","ping_status":"open","sticky":false,"template":"","format":"standard","meta":{"_uag_custom_page_level_css":"","ngg_post_thumbnail":0,"footnotes":""},"categories":[5],"tags":[],"class_list":["post-1918","post","type-post","status-publish","format-standard","hentry","category-biblioteca"],"gutentor_comment":0,"featured_image_src":"","featured_image_src_square":false,"author_info":{"display_name":"paulabianchi","author_link":"https:\/\/ciclovida.ufpr.br\/?author=5"},"rbea_author_info":{"display_name":"paulabianchi","author_link":"https:\/\/ciclovida.ufpr.br\/?author=5"},"rbea_excerpt_info":"Veja nesse LINK","category_list":"<a href=\"https:\/\/ciclovida.ufpr.br\/?cat=5\" rel=\"category\">Biblioteca<\/a>","comments_num":"0 comments","uagb_featured_image_src":{"full":false,"thumbnail":false,"medium":false,"medium_large":false,"large":false,"1536x1536":false,"2048x2048":false,"post-thumbnail":false,"twentytwenty-fullscreen":false},"uagb_author_info":{"display_name":"paulabianchi","author_link":"https:\/\/ciclovida.ufpr.br\/?author=5"},"uagb_comment_info":0,"uagb_excerpt":"Veja nesse LINK","wps_subtitle":"","_links":{"self":[{"href":"https:\/\/ciclovida.ufpr.br\/index.php?rest_route=\/wp\/v2\/posts\/1918","targetHints":{"allow":["GET"]}}],"collection":[{"href":"https:\/\/ciclovida.ufpr.br\/index.php?rest_route=\/wp\/v2\/posts"}],"about":[{"href":"https:\/\/ciclovida.ufpr.br\/index.php?rest_route=\/wp\/v2\/types\/post"}],"author":[{"embeddable":true,"href":"https:\/\/ciclovida.ufpr.br\/index.php?rest_route=\/wp\/v2\/users\/5"}],"replies":[{"embeddable":true,"href":"https:\/\/ciclovida.ufpr.br\/index.php?rest_route=%2Fwp%2Fv2%2Fcomments&post=1918"}],"version-history":[{"count":3,"href":"https:\/\/ciclovida.ufpr.br\/index.php?rest_route=\/wp\/v2\/posts\/1918\/revisions"}],"predecessor-version":[{"id":1922,"href":"https:\/\/ciclovida.ufpr.br\/index.php?rest_route=\/wp\/v2\/posts\/1918\/revisions\/1922"}],"wp:attachment":[{"href":"https:\/\/ciclovida.ufpr.br\/index.php?rest_route=%2Fwp%2Fv2%2Fmedia&parent=1918"}],"wp:term":[{"taxonomy":"category","embeddable":true,"href":"https:\/\/ciclovida.ufpr.br\/index.php?rest_route=%2Fwp%2Fv2%2Fcategories&post=1918"},{"taxonomy":"post_tag","embeddable":true,"href":"https:\/\/ciclovida.ufpr.br\/index.php?rest_route=%2Fwp%2Fv2%2Ftags&post=1918"}],"curies":[{"name":"wp","href":"https:\/\/api.w.org\/{rel}","templated":true}]}}