{"id":1901,"date":"2014-02-02T19:16:35","date_gmt":"2014-02-02T22:16:35","guid":{"rendered":"https:\/\/ciclovida.ufpr.br\/?p=1901"},"modified":"2014-02-02T19:16:35","modified_gmt":"2014-02-02T22:16:35","slug":"forum-mundial-da-bicicleta-tera-workshop-de-como-participar-da-elaboracao-do-plano-de-mobilidade-urbana","status":"publish","type":"post","link":"https:\/\/ciclovida.ufpr.br\/?p=1901","title":{"rendered":"F\u00f3rum Mundial da Bicicleta ter\u00e1 workshop de como participar da elabora\u00e7\u00e3o do Plano de Mobilidade Urbana"},"content":{"rendered":"<p>As cidades brasileiras passar\u00e3o por profundas transforma\u00e7\u00f5es para se adequar \u00e0 nova\u00a0<a href=\"http:\/\/www.itdpbrasil.org.br\/index.php?option=com_content&amp;view=article&amp;id=117:lei-de-mobilidade-urbana-e-o-papel-da-sociedade-civil&amp;catid=63&amp;Itemid=213&amp;lang=pt-br#.UthN5WRDslY\" target=\"_blank\">Lei de Mobilidade Urbana<\/a>\u00a0(12.587), aplic\u00e1vel \u00e0s cidades com mais de 20.000 habitantes.<\/p>\n<p>Em virtude da nova lei, espera-se que muitas dessas cidades tenham a bicicleta como eixo norteador de seus sistemas de mobilidade. Um outro ponto fundamental e decisivo ser\u00e1 a participa\u00e7\u00e3o da sociedade civil na elabora\u00e7\u00e3o e acompanhamento dos planos de mobilidade.<\/p>\n<p>A atividade se apoia em tr\u00eas ferramentas b\u00e1sicas \u2013 informa\u00e7\u00e3o, comunica\u00e7\u00e3o e orienta\u00e7\u00e3o \u2013 para discutir as implica\u00e7\u00f5es de um olhar mais participativo sobre mobilidade urbana, do fortalecimento da cultura de civilidade e do papel dos transportes para melhoria da qualidade de vida, redu\u00e7\u00e3o da desigualdade e inclus\u00e3o social.<\/p>\n<p>O Workshop participativo com Clarisse Linke, diretora do ITDP Brasil, como mediadora; e Thais Lima, coordenadora de comunica\u00e7\u00e3o do ITDP Brasil.<\/p>\n<p><b>O workshop acontecer\u00e1 durante o Terceiro F\u00f3rum Mundial da Bicicleta (Curitiba \u2013 PR) , dia 14 de fevereiro, \u00e0s 13h30 na Reitoria da UFPR.<\/b><\/p>\n<div>\n<p>A programa\u00e7\u00e3o do F\u00f3rum ter\u00e1 mais de noventa atividades gratuitas! Ache a sua:\u00a0<a href=\"http:\/\/www.forummundialdabici.org\/\" target=\"_blank\">www.forummundialdabici.org<\/a><\/p>\n<p>O v\u00eddeo de divulga\u00e7\u00e3o do f\u00f3rum j\u00e1 mostra um pouco do clima do evento:\u00a0<a href=\"http:\/\/vimeo.com\/84185846\" target=\"_blank\">http:\/\/vimeo.com\/84185846<\/a><\/p>\n<\/div>\n","protected":false},"excerpt":{"rendered":"<p>As cidades brasileiras passar\u00e3o por profundas transforma\u00e7\u00f5es para se adequar \u00e0 nova\u00a0Lei de Mobilidade Urbana\u00a0(12.587), aplic\u00e1vel \u00e0s cidades com mais de 20.000 habitantes. Em virtude da nova lei, espera-se que [&hellip;]<\/p>\n","protected":false},"author":5,"featured_media":0,"comment_status":"open","ping_status":"open","sticky":false,"template":"","format":"standard","meta":{"_uag_custom_page_level_css":"","ngg_post_thumbnail":0,"footnotes":""},"categories":[1],"tags":[],"class_list":["post-1901","post","type-post","status-publish","format-standard","hentry","category-noticias"],"gutentor_comment":4,"featured_image_src":"","featured_image_src_square":false,"author_info":{"display_name":"paulabianchi","author_link":"https:\/\/ciclovida.ufpr.br\/?author=5"},"rbea_author_info":{"display_name":"paulabianchi","author_link":"https:\/\/ciclovida.ufpr.br\/?author=5"},"rbea_excerpt_info":"As cidades brasileiras passar\u00e3o por profundas transforma\u00e7\u00f5es para se adequar \u00e0 nova\u00a0Lei de Mobilidade Urbana\u00a0(12.587), aplic\u00e1vel \u00e0s cidades com mais de 20.000 habitantes. Em virtude da nova lei, espera-se que [&hellip;]","category_list":"<a href=\"https:\/\/ciclovida.ufpr.br\/?cat=1\" rel=\"category\">Not\u00edcias<\/a>","comments_num":"0 comments","uagb_featured_image_src":{"full":false,"thumbnail":false,"medium":false,"medium_large":false,"large":false,"1536x1536":false,"2048x2048":false,"post-thumbnail":false,"twentytwenty-fullscreen":false},"uagb_author_info":{"display_name":"paulabianchi","author_link":"https:\/\/ciclovida.ufpr.br\/?author=5"},"uagb_comment_info":4,"uagb_excerpt":"As cidades brasileiras passar\u00e3o por profundas transforma\u00e7\u00f5es para se adequar \u00e0 nova\u00a0Lei de Mobilidade Urbana\u00a0(12.587), aplic\u00e1vel \u00e0s cidades com mais de 20.000 habitantes. Em virtude da nova lei, espera-se que [&hellip;]","wps_subtitle":"","_links":{"self":[{"href":"https:\/\/ciclovida.ufpr.br\/index.php?rest_route=\/wp\/v2\/posts\/1901","targetHints":{"allow":["GET"]}}],"collection":[{"href":"https:\/\/ciclovida.ufpr.br\/index.php?rest_route=\/wp\/v2\/posts"}],"about":[{"href":"https:\/\/ciclovida.ufpr.br\/index.php?rest_route=\/wp\/v2\/types\/post"}],"author":[{"embeddable":true,"href":"https:\/\/ciclovida.ufpr.br\/index.php?rest_route=\/wp\/v2\/users\/5"}],"replies":[{"embeddable":true,"href":"https:\/\/ciclovida.ufpr.br\/index.php?rest_route=%2Fwp%2Fv2%2Fcomments&post=1901"}],"version-history":[{"count":2,"href":"https:\/\/ciclovida.ufpr.br\/index.php?rest_route=\/wp\/v2\/posts\/1901\/revisions"}],"predecessor-version":[{"id":2925,"href":"https:\/\/ciclovida.ufpr.br\/index.php?rest_route=\/wp\/v2\/posts\/1901\/revisions\/2925"}],"wp:attachment":[{"href":"https:\/\/ciclovida.ufpr.br\/index.php?rest_route=%2Fwp%2Fv2%2Fmedia&parent=1901"}],"wp:term":[{"taxonomy":"category","embeddable":true,"href":"https:\/\/ciclovida.ufpr.br\/index.php?rest_route=%2Fwp%2Fv2%2Fcategories&post=1901"},{"taxonomy":"post_tag","embeddable":true,"href":"https:\/\/ciclovida.ufpr.br\/index.php?rest_route=%2Fwp%2Fv2%2Ftags&post=1901"}],"curies":[{"name":"wp","href":"https:\/\/api.w.org\/{rel}","templated":true}]}}