{"id":1881,"date":"2014-01-07T18:17:58","date_gmt":"2014-01-07T21:17:58","guid":{"rendered":"https:\/\/ciclovida.ufpr.br\/?p=1881"},"modified":"2014-01-07T18:17:58","modified_gmt":"2014-01-07T21:17:58","slug":"franca-pretende-pagar-para-quem-for-trabalhar-de-bicicleta","status":"publish","type":"post","link":"https:\/\/ciclovida.ufpr.br\/?p=1881","title":{"rendered":"Fran\u00e7a pretende pagar para quem for trabalhar de bicicleta"},"content":{"rendered":"<p>Por El Pais<\/p>\n<div id=\"subtitulo_noticia\">\n<h2>Em troca de subs\u00eddios dados \u00e0s empresas, trabalhadores receberiam 21 centavos de euro por quil\u00f4metro percorrido<\/h2>\n<h2>O Governo gastar\u00e1 20 milh\u00f5es de euros com a medida e espera poupar 5,6 bilh\u00f5es de euros na \u00e1rea da sa\u00fade<\/h2>\n<p><a href=\"https:\/\/ciclovida.ufpr.br\/wp-content\/uploads\/2014\/01\/1388172257_849294_1388172580_noticia_normal.jpg\"><img loading=\"lazy\" decoding=\"async\" class=\"alignleft size-full wp-image-1882\" alt=\"1388172257_849294_1388172580_noticia_normal\" src=\"https:\/\/ciclovida.ufpr.br\/wp-content\/uploads\/2014\/01\/1388172257_849294_1388172580_noticia_normal.jpg\" width=\"300\" height=\"213\" \/><\/a><\/p>\n<div id=\"cuerpo_noticia\">\n<p>O objetivo: incentivar o uso da bicicleta. Com esta ideia em mente, alguns pa\u00edses realizaram diversas propostas, desde baixar os impostos que taxam as bikes at\u00e9 elaborar um Plano Nacional da Bicicleta. A Fran\u00e7a prop\u00f5e algo a mais: subsidiar os trabalhadores que pedalarem at\u00e9 seu local de trabalho. Com uma cifra de 21 centavos de euro por quil\u00f4metro percorrido, Thierry Mariani, atual ministro do Transporte, retoma uma ideia proposta por seu antecessor. As empresas realizariam o abono, em troca de isen\u00e7\u00f5es fiscais. O Governo gastar\u00e1 20 milh\u00f5es de euros com a medida e espera poupar 5,6 bilh\u00f5es de euros na \u00e1rea da sa\u00fade.<\/p>\n<p>A aposta da Fran\u00e7a nas bicicletas \u00e9 s\u00e9ria. Depois de aprovar um ambicioso Plano Nacional da Bicicleta, que permite que os ciclistas circulem na contram\u00e3o em algumas vias ou interpretem alguns sem\u00e1foros vermelhos como amarelo, Paris segue seu esfor\u00e7o para promover as duas rodas. Agora, al\u00e9m de poupar em combust\u00edvel, melhorar seu estado de sa\u00fade e favorecer um ambiente urbano mais limpo, os franceses que pedalam para o trabalho receber\u00e3o um plus econ\u00f4mico.<\/p>\n<p>Esta ideia n\u00e3o \u00e9 nova. Mas agora, com as pinceladas que o ministro do transporte deu sobre a medida, parece avan\u00e7ar um passo mais. Embora os ciclistas estejam encantados com a proposta, ela recebeu cr\u00edticas dos ativistas porque n\u00e3o ser\u00e1 uma subven\u00e7\u00e3o obrigat\u00f3ria para todas as empresas. O Governo oferecer\u00e1 bonifica\u00e7\u00f5es fiscais para assegurar a ades\u00e3o da maioria das companhias, mas conta com um or\u00e7amento limitado de 20 milh\u00f5es de euros. A subven\u00e7\u00e3o estar\u00e1 dentro de um programa integral que busca melhorar a circula\u00e7\u00e3o dos ciclistas nas cidades, financiando a constru\u00e7\u00e3o de estacionamentos de bicicletas em zonas estrat\u00e9gicas ou aumentando a seguran\u00e7a para evitar roubos.<\/p>\n<div id=\"sumario_1|foto\"><a name=\"sumario_1\"><\/a><\/p>\n<div>\n<div><img loading=\"lazy\" decoding=\"async\" title=\"\" alt=\"\" src=\"http:\/\/ep01.epimg.net\/brasil\/imagenes\/2013\/12\/27\/sociedad\/1388172257_849294_1388173212_sumario_normal.jpg\" width=\"300\" height=\"444\" \/><\/div>\n<\/div>\n<\/div>\n<p>Em outros pa\u00edses da Europa, como Espanha, ainda h\u00e1 poucas medidas para fomentar o uso da bicicleta. Um plano espanhol aprovado em outubro oferecia ajuda de 200 euros para a compra de\u00a0 bicicletas el\u00e9tricas. O deputado Od\u00f3n Elorza (PSOE) apresentou uma proposta para impulsionar o uso da bicicleta. Entre as medidas, pedia uma liquida\u00e7\u00e3o do IVA (imposto sobre o valor da mercadoria) que taxa as bicicletas, que o abaixaria de 21% a 10%. Outra das propostas era a elabora\u00e7\u00e3o de um Plano Nacional da Bicicleta semelhante aos lan\u00e7ados na Fran\u00e7a, Gr\u00e3-Bretanha ou Alemanha. Al\u00e9m disso, propunha a constitui\u00e7\u00e3o do Conselho Estatal da Bicicleta, uma entidade que reuniria os diferentes minist\u00e9rios implicados em mobilidade, entidades, associa\u00e7\u00f5es e empresas do setor para permitir o dialogo sobre o ciclismo. &#8220;Em mobilidade ainda h\u00e1 muito o que se fazer&#8221;, comentava Elorza, depois de apresentar sua proposta.<\/p>\n<\/div>\n<\/div>\n","protected":false},"excerpt":{"rendered":"<p>Por El Pais Em troca de subs\u00eddios dados \u00e0s empresas, trabalhadores receberiam 21 centavos de euro por quil\u00f4metro percorrido O Governo gastar\u00e1 20 milh\u00f5es de euros com a medida e [&hellip;]<\/p>\n","protected":false},"author":5,"featured_media":0,"comment_status":"open","ping_status":"open","sticky":false,"template":"","format":"standard","meta":{"_uag_custom_page_level_css":"","ngg_post_thumbnail":0,"footnotes":""},"categories":[1],"tags":[],"class_list":["post-1881","post","type-post","status-publish","format-standard","hentry","category-noticias"],"gutentor_comment":1,"featured_image_src":"","featured_image_src_square":false,"author_info":{"display_name":"paulabianchi","author_link":"https:\/\/ciclovida.ufpr.br\/?author=5"},"rbea_author_info":{"display_name":"paulabianchi","author_link":"https:\/\/ciclovida.ufpr.br\/?author=5"},"rbea_excerpt_info":"Por El Pais Em troca de subs\u00eddios dados \u00e0s empresas, trabalhadores receberiam 21 centavos de euro por quil\u00f4metro percorrido O Governo gastar\u00e1 20 milh\u00f5es de euros com a medida e [&hellip;]","category_list":"<a href=\"https:\/\/ciclovida.ufpr.br\/?cat=1\" rel=\"category\">Not\u00edcias<\/a>","comments_num":"0 comments","uagb_featured_image_src":{"full":false,"thumbnail":false,"medium":false,"medium_large":false,"large":false,"1536x1536":false,"2048x2048":false,"post-thumbnail":false,"twentytwenty-fullscreen":false},"uagb_author_info":{"display_name":"paulabianchi","author_link":"https:\/\/ciclovida.ufpr.br\/?author=5"},"uagb_comment_info":1,"uagb_excerpt":"Por El Pais Em troca de subs\u00eddios dados \u00e0s empresas, trabalhadores receberiam 21 centavos de euro por quil\u00f4metro percorrido O Governo gastar\u00e1 20 milh\u00f5es de euros com a medida e [&hellip;]","wps_subtitle":"","_links":{"self":[{"href":"https:\/\/ciclovida.ufpr.br\/index.php?rest_route=\/wp\/v2\/posts\/1881","targetHints":{"allow":["GET"]}}],"collection":[{"href":"https:\/\/ciclovida.ufpr.br\/index.php?rest_route=\/wp\/v2\/posts"}],"about":[{"href":"https:\/\/ciclovida.ufpr.br\/index.php?rest_route=\/wp\/v2\/types\/post"}],"author":[{"embeddable":true,"href":"https:\/\/ciclovida.ufpr.br\/index.php?rest_route=\/wp\/v2\/users\/5"}],"replies":[{"embeddable":true,"href":"https:\/\/ciclovida.ufpr.br\/index.php?rest_route=%2Fwp%2Fv2%2Fcomments&post=1881"}],"version-history":[{"count":1,"href":"https:\/\/ciclovida.ufpr.br\/index.php?rest_route=\/wp\/v2\/posts\/1881\/revisions"}],"predecessor-version":[{"id":1883,"href":"https:\/\/ciclovida.ufpr.br\/index.php?rest_route=\/wp\/v2\/posts\/1881\/revisions\/1883"}],"wp:attachment":[{"href":"https:\/\/ciclovida.ufpr.br\/index.php?rest_route=%2Fwp%2Fv2%2Fmedia&parent=1881"}],"wp:term":[{"taxonomy":"category","embeddable":true,"href":"https:\/\/ciclovida.ufpr.br\/index.php?rest_route=%2Fwp%2Fv2%2Fcategories&post=1881"},{"taxonomy":"post_tag","embeddable":true,"href":"https:\/\/ciclovida.ufpr.br\/index.php?rest_route=%2Fwp%2Fv2%2Ftags&post=1881"}],"curies":[{"name":"wp","href":"https:\/\/api.w.org\/{rel}","templated":true}]}}