{"id":188,"date":"2011-07-14T14:28:22","date_gmt":"2011-07-14T17:28:22","guid":{"rendered":"https:\/\/ciclovida.ufpr.br\/?p=188"},"modified":"2011-07-18T11:21:54","modified_gmt":"2011-07-18T14:21:54","slug":"ciclistas-de-curitiba-preparam-viagem-pela-america-do-sul","status":"publish","type":"post","link":"https:\/\/ciclovida.ufpr.br\/?p=188","title":{"rendered":"Ciclistas de Curitiba preparam viagem pela Am\u00e9rica do Sul"},"content":{"rendered":"<p>1\u00aa Oficina sobre Viagem de Bicicleta \u2013 Curitiba<\/p>\n<p>Dia 16 de Julho as 16hs<\/p>\n<p>Rua: Trajano Reis, 343   S\u00e3o Francisco<\/p>\n<p>A partir de nossa experi\u00eancia em viagens de bicicleta, pretendemos compartilhar dicas para quem tem interesse em fazer o mesmo, dando aten\u00e7\u00e3o \u00e0s solu\u00e7\u00f5es simples e caseiras que desenvolvemos ou tomamos conhecimento. Tamb\u00e9m abordaremos a parte de planejamento da viagem e discutiremos um pouco da filosofia do pedalar. Durante a conversa, contaremos um pouco como foram nossas viagens de bicicleta at\u00e9 agora e como estamos planejando a pr\u00f3xima, que ter\u00e1 como primeiro objetivo a cidade de Ushuaia (AR), na Terra do Fogo.<\/p>\n<p>Mais Informa\u00e7\u00f5es: <a href=\"http:\/\/cicloterras.wordpress.com\/\" target=\"_blank\">http:\/\/cicloterras.wordpress.com\/<\/a><\/p>\n","protected":false},"excerpt":{"rendered":"<p>1\u00aa Oficina sobre Viagem de Bicicleta \u2013 Curitiba Dia 16 de Julho as 16hs Rua: Trajano Reis, 343 S\u00e3o Francisco A partir de nossa experi\u00eancia em viagens de bicicleta, pretendemos [&hellip;]<\/p>\n","protected":false},"author":2,"featured_media":0,"comment_status":"open","ping_status":"open","sticky":false,"template":"","format":"standard","meta":{"_uag_custom_page_level_css":"","ngg_post_thumbnail":0,"footnotes":""},"categories":[1],"tags":[],"class_list":["post-188","post","type-post","status-publish","format-standard","hentry","category-noticias"],"gutentor_comment":1,"featured_image_src":"","featured_image_src_square":false,"author_info":{"display_name":"Ciclovida","author_link":"https:\/\/ciclovida.ufpr.br\/?author=2"},"rbea_author_info":{"display_name":"Ciclovida","author_link":"https:\/\/ciclovida.ufpr.br\/?author=2"},"rbea_excerpt_info":"1\u00aa Oficina sobre Viagem de Bicicleta \u2013 Curitiba Dia 16 de Julho as 16hs Rua: Trajano Reis, 343 S\u00e3o Francisco A partir de nossa experi\u00eancia em viagens de bicicleta, pretendemos [&hellip;]","category_list":"<a href=\"https:\/\/ciclovida.ufpr.br\/?cat=1\" rel=\"category\">Not\u00edcias<\/a>","comments_num":"0 comments","uagb_featured_image_src":{"full":false,"thumbnail":false,"medium":false,"medium_large":false,"large":false,"1536x1536":false,"2048x2048":false,"post-thumbnail":false,"twentytwenty-fullscreen":false},"uagb_author_info":{"display_name":"Ciclovida","author_link":"https:\/\/ciclovida.ufpr.br\/?author=2"},"uagb_comment_info":1,"uagb_excerpt":"1\u00aa Oficina sobre Viagem de Bicicleta \u2013 Curitiba Dia 16 de Julho as 16hs Rua: Trajano Reis, 343 S\u00e3o Francisco A partir de nossa experi\u00eancia em viagens de bicicleta, pretendemos [&hellip;]","wps_subtitle":"","_links":{"self":[{"href":"https:\/\/ciclovida.ufpr.br\/index.php?rest_route=\/wp\/v2\/posts\/188","targetHints":{"allow":["GET"]}}],"collection":[{"href":"https:\/\/ciclovida.ufpr.br\/index.php?rest_route=\/wp\/v2\/posts"}],"about":[{"href":"https:\/\/ciclovida.ufpr.br\/index.php?rest_route=\/wp\/v2\/types\/post"}],"author":[{"embeddable":true,"href":"https:\/\/ciclovida.ufpr.br\/index.php?rest_route=\/wp\/v2\/users\/2"}],"replies":[{"embeddable":true,"href":"https:\/\/ciclovida.ufpr.br\/index.php?rest_route=%2Fwp%2Fv2%2Fcomments&post=188"}],"version-history":[{"count":3,"href":"https:\/\/ciclovida.ufpr.br\/index.php?rest_route=\/wp\/v2\/posts\/188\/revisions"}],"predecessor-version":[{"id":193,"href":"https:\/\/ciclovida.ufpr.br\/index.php?rest_route=\/wp\/v2\/posts\/188\/revisions\/193"}],"wp:attachment":[{"href":"https:\/\/ciclovida.ufpr.br\/index.php?rest_route=%2Fwp%2Fv2%2Fmedia&parent=188"}],"wp:term":[{"taxonomy":"category","embeddable":true,"href":"https:\/\/ciclovida.ufpr.br\/index.php?rest_route=%2Fwp%2Fv2%2Fcategories&post=188"},{"taxonomy":"post_tag","embeddable":true,"href":"https:\/\/ciclovida.ufpr.br\/index.php?rest_route=%2Fwp%2Fv2%2Ftags&post=188"}],"curies":[{"name":"wp","href":"https:\/\/api.w.org\/{rel}","templated":true}]}}