{"id":1868,"date":"2013-12-18T13:16:36","date_gmt":"2013-12-18T16:16:36","guid":{"rendered":"https:\/\/ciclovida.ufpr.br\/?p=1868"},"modified":"2013-12-16T13:18:10","modified_gmt":"2013-12-16T16:18:10","slug":"bicicletas-eletricas-estao-regulares","status":"publish","type":"post","link":"https:\/\/ciclovida.ufpr.br\/?p=1868","title":{"rendered":"Bicicletas El\u00e9tricas est\u00e3o regulares!"},"content":{"rendered":"<p>(Por <a href=\"http:\/\/g1.globo.com\/carros\/noticia\/2013\/12\/contran-equipara-bicicletas-eletricas-comuns.html\">G1<\/a>)<\/p>\n<p>O Conselho Nacional de Tr\u00e2nsito (Contran) publicou nesta sexta-feira (13), no Di\u00e1rio Oficial, uma resolu\u00e7\u00e3o que altera as regras em rela\u00e7\u00e3o ao uso de bicicletas el\u00e9tricas, equiparando-as a bicicletas comuns.<\/p>\n<p>As &#8220;e-bikes&#8221; sem acelerador deixam de ser equiparadas com ciclomotores. Agora elas podem rodar em ciclovias e ciclofaixas e dispensam o emplacamento.<\/p>\n<p>Al\u00e9m disso, o usu\u00e1rio tamb\u00e9m n\u00e3o precisa mais utilizar o capacete de motociclista, e sim o de ciclista, nem possuir a &#8220;Autoriza\u00e7\u00e3o para Conduzir Ciclomotor&#8221; (ACC) ou a carteira de habilita\u00e7\u00e3o na categoria &#8220;A&#8221; (motocicletas) e nem pagar o seguro obrigat\u00f3rio (DPVAT).<\/p>\n<p><strong>Com acelerador, n\u00e3o<\/strong><br \/>\nAs normas publicadas nesta sexta pelo Contran valem somente para os modelos que utilizam energia el\u00e9trica como assistente aos pedais, os chamados &#8220;pedelecs&#8221;, e n\u00e3o os que possuem acelerador.<\/p>\n<p>Para circular em vias p\u00fablicas, essa bicicleta el\u00e9trica tem que ter pot\u00eancia m\u00e1xima de 350 Watts, alcan\u00e7ar velocidade m\u00e1xima de 25 km\/h e n\u00e3o dispor de acelerador. Os modelos tamb\u00e9m devem estar dotados de indicador de velocidade, campainha, sinaliza\u00e7\u00e3o noturna dianteira, traseira e lateral, espelhos retrovisores, al\u00e9m de pneus &#8220;em condi\u00e7\u00e3o m\u00ednima de seguran\u00e7a&#8221;.<\/p>\n<p>Para as bicicletas el\u00e9tricas com acelerador, a equipara\u00e7\u00e3o com ciclomotor continua.<\/p>\n<p>A resolu\u00e7\u00e3o \u00e9 v\u00e1lida tanto para as bicicletas que sa\u00edrem de f\u00e1brica com motor el\u00e9trico, como para as que tiverem o dipositivo instalado posteriormente, e entrou em vigor a partir de sua publica\u00e7\u00e3o.<\/p>\n<p><a href=\"https:\/\/ciclovida.ufpr.br\/wp-content\/uploads\/2013\/12\/Captura-de-Tela-2013-12-16-a\u0300s-14.27.24.png\"><img loading=\"lazy\" decoding=\"async\" class=\"alignleft  wp-image-1869\" alt=\"Captura de Tela 2013-12-16 a\u0300s 14.27.24\" src=\"https:\/\/ciclovida.ufpr.br\/wp-content\/uploads\/2013\/12\/Captura-de-Tela-2013-12-16-a\u0300s-14.27.24-927x1024.png\" width=\"556\" height=\"614\" srcset=\"https:\/\/ciclovida.ufpr.br\/wp-content\/uploads\/2013\/12\/Captura-de-Tela-2013-12-16-a\u0300s-14.27.24-927x1024.png 927w, https:\/\/ciclovida.ufpr.br\/wp-content\/uploads\/2013\/12\/Captura-de-Tela-2013-12-16-a\u0300s-14.27.24-271x300.png 271w, https:\/\/ciclovida.ufpr.br\/wp-content\/uploads\/2013\/12\/Captura-de-Tela-2013-12-16-a\u0300s-14.27.24.png 963w\" sizes=\"auto, (max-width: 556px) 100vw, 556px\" \/><\/a><\/p>\n","protected":false},"excerpt":{"rendered":"<p>(Por G1) O Conselho Nacional de Tr\u00e2nsito (Contran) publicou nesta sexta-feira (13), no Di\u00e1rio Oficial, uma resolu\u00e7\u00e3o que altera as regras em rela\u00e7\u00e3o ao uso de bicicletas el\u00e9tricas, equiparando-as a [&hellip;]<\/p>\n","protected":false},"author":5,"featured_media":0,"comment_status":"open","ping_status":"open","sticky":false,"template":"","format":"standard","meta":{"_uag_custom_page_level_css":"","ngg_post_thumbnail":0,"footnotes":""},"categories":[1],"tags":[],"class_list":["post-1868","post","type-post","status-publish","format-standard","hentry","category-noticias"],"gutentor_comment":5,"featured_image_src":"","featured_image_src_square":false,"author_info":{"display_name":"paulabianchi","author_link":"https:\/\/ciclovida.ufpr.br\/?author=5"},"rbea_author_info":{"display_name":"paulabianchi","author_link":"https:\/\/ciclovida.ufpr.br\/?author=5"},"rbea_excerpt_info":"(Por G1) O Conselho Nacional de Tr\u00e2nsito (Contran) publicou nesta sexta-feira (13), no Di\u00e1rio Oficial, uma resolu\u00e7\u00e3o que altera as regras em rela\u00e7\u00e3o ao uso de bicicletas el\u00e9tricas, equiparando-as a [&hellip;]","category_list":"<a href=\"https:\/\/ciclovida.ufpr.br\/?cat=1\" rel=\"category\">Not\u00edcias<\/a>","comments_num":"0 comments","uagb_featured_image_src":{"full":false,"thumbnail":false,"medium":false,"medium_large":false,"large":false,"1536x1536":false,"2048x2048":false,"post-thumbnail":false,"twentytwenty-fullscreen":false},"uagb_author_info":{"display_name":"paulabianchi","author_link":"https:\/\/ciclovida.ufpr.br\/?author=5"},"uagb_comment_info":5,"uagb_excerpt":"(Por G1) O Conselho Nacional de Tr\u00e2nsito (Contran) publicou nesta sexta-feira (13), no Di\u00e1rio Oficial, uma resolu\u00e7\u00e3o que altera as regras em rela\u00e7\u00e3o ao uso de bicicletas el\u00e9tricas, equiparando-as a [&hellip;]","wps_subtitle":"","_links":{"self":[{"href":"https:\/\/ciclovida.ufpr.br\/index.php?rest_route=\/wp\/v2\/posts\/1868","targetHints":{"allow":["GET"]}}],"collection":[{"href":"https:\/\/ciclovida.ufpr.br\/index.php?rest_route=\/wp\/v2\/posts"}],"about":[{"href":"https:\/\/ciclovida.ufpr.br\/index.php?rest_route=\/wp\/v2\/types\/post"}],"author":[{"embeddable":true,"href":"https:\/\/ciclovida.ufpr.br\/index.php?rest_route=\/wp\/v2\/users\/5"}],"replies":[{"embeddable":true,"href":"https:\/\/ciclovida.ufpr.br\/index.php?rest_route=%2Fwp%2Fv2%2Fcomments&post=1868"}],"version-history":[{"count":4,"href":"https:\/\/ciclovida.ufpr.br\/index.php?rest_route=\/wp\/v2\/posts\/1868\/revisions"}],"predecessor-version":[{"id":1873,"href":"https:\/\/ciclovida.ufpr.br\/index.php?rest_route=\/wp\/v2\/posts\/1868\/revisions\/1873"}],"wp:attachment":[{"href":"https:\/\/ciclovida.ufpr.br\/index.php?rest_route=%2Fwp%2Fv2%2Fmedia&parent=1868"}],"wp:term":[{"taxonomy":"category","embeddable":true,"href":"https:\/\/ciclovida.ufpr.br\/index.php?rest_route=%2Fwp%2Fv2%2Fcategories&post=1868"},{"taxonomy":"post_tag","embeddable":true,"href":"https:\/\/ciclovida.ufpr.br\/index.php?rest_route=%2Fwp%2Fv2%2Ftags&post=1868"}],"curies":[{"name":"wp","href":"https:\/\/api.w.org\/{rel}","templated":true}]}}